{"id":65440,"date":"2016-01-05T14:32:25","date_gmt":"2016-01-05T17:32:25","guid":{"rendered":"http:\/\/www.eltrabajo.cl\/portal\/?p=65440"},"modified":"2016-01-05T14:34:01","modified_gmt":"2016-01-05T17:34:01","slug":"lucas-campos-aguayo-nacio-a-las-0-10-minutos-del-1-de-enero-un-peso-de-3-kilos-y-350-gramos-y-midio-50-centimetros","status":"publish","type":"post","link":"https:\/\/eltrabajo.cl\/portal\/lucas-campos-aguayo-nacio-a-las-0-10-minutos-del-1-de-enero-un-peso-de-3-kilos-y-350-gramos-y-midio-50-centimetros\/","title":{"rendered":"Primer nacido de 2016 es de Rinconada"},"content":{"rendered":"<figure id=\"attachment_65441\" aria-describedby=\"caption-attachment-65441\" style=\"width: 300px\" class=\"wp-caption alignleft\"><img data-recalc-dims=\"1\" loading=\"lazy\" decoding=\"async\" class=\"wp-image-65441 size-medium\" src=\"https:\/\/i0.wp.com\/www.eltrabajo.cl\/portal\/wp-content\/uploads\/2016\/01\/Primer-nacimiento-2016-300x198.jpg?resize=300%2C198\" alt=\"Autoridades visitaron a los padres del primer ni\u00f1o nacido en la provincia de Los Andes, en la comuna de Rinconada.\" width=\"300\" height=\"198\" srcset=\"https:\/\/i0.wp.com\/eltrabajo.cl\/portal\/wp-content\/uploads\/2016\/01\/Primer-nacimiento-2016.jpg?resize=300%2C198&amp;ssl=1 300w, https:\/\/i0.wp.com\/eltrabajo.cl\/portal\/wp-content\/uploads\/2016\/01\/Primer-nacimiento-2016.jpg?resize=200%2C132&amp;ssl=1 200w, https:\/\/i0.wp.com\/eltrabajo.cl\/portal\/wp-content\/uploads\/2016\/01\/Primer-nacimiento-2016.jpg?resize=228%2C150&amp;ssl=1 228w, https:\/\/i0.wp.com\/eltrabajo.cl\/portal\/wp-content\/uploads\/2016\/01\/Primer-nacimiento-2016.jpg?resize=400%2C263&amp;ssl=1 400w, https:\/\/i0.wp.com\/eltrabajo.cl\/portal\/wp-content\/uploads\/2016\/01\/Primer-nacimiento-2016.jpg?w=530&amp;ssl=1 530w\" sizes=\"auto, (max-width: 300px) 100vw, 300px\" \/><figcaption id=\"caption-attachment-65441\" class=\"wp-caption-text\">Autoridades visitaron a los padres del primer ni\u00f1o nacido en la provincia de Los Andes, en la comuna de Rinconada.<\/figcaption><\/figure>\n<ul>\n<li><strong>Lucas Campos Aguayo naci\u00f3 a las 0.10 minutos del 1 de enero un peso de 3 kilos y 350 gramos y midi\u00f3 50 cent\u00edmetros<\/strong>.<\/li>\n<\/ul>\n<p><strong>LOS ANDES.<\/strong>&#8211; De la comuna de Rinconada es el primer beb\u00e9 nacido en la provincia de Los Andes este a\u00f1o 2016.<br \/>\nLucas Campos Aguayo lleg\u00f3 a este mundo a las 0.10 minutos del 1\u00b0 de enero en el Hospital San Juan de Dios y pes\u00f3 de 3 kilos y 350 gramos.<br \/>\nLas autoridades locales encabezadas por la gobernadora Mar\u00eda Victoria Rodr\u00edguez visitaron a Lucas y sus padres en el centro asistencial.<br \/>\nLa mam\u00e1 de Lucas, Yasna Aguayo declar\u00f3 sentirse muy feliz de haber tenido a este ni\u00f1o a comienzos de este nuevo a\u00f1o, \u201cpues es una bendici\u00f3n que nos lleg\u00f3 y es nuestro primer hijo y viene a alegrarnos la vida estoy dichosa y desde hace un tiempo ya hab\u00edamos decidido colocarle este nombre\u201d.<br \/>\n\u201cYo s\u00e9 que la gente estaba celebrando el nuevo a\u00f1o, pero por la situaci\u00f3n de tener a Lucas ni me entere del a\u00f1o nuevo, pero estoy feliz de que haya nacido a esa hora y que haya sido el primer bebe en llegar durante el presente a\u00f1o, yo no lo esperaba para esta fecha pero se adelant\u00f3 y hubo que recurrir a la ces\u00e1rea. Llegu\u00e9 esa ma\u00f1ana del jueves como a las 10.00 am, me dijeron que faltaba y volv\u00ed como a las 16.00 pm y me dejaron en el hospital\u201d, relat\u00f3 la feliz mam\u00e1.<br \/>\nPor su parte su padre Boris Campos Ramos declar\u00f3 sentirse feliz con el nacimiento de su hijo y no estuvo presente en el parto ya que se encontraba muy nervioso.<br \/>\nEl Director del Hospital San Juan de Dios, Jimmy Walker, dijo sentirse muy contento de cumplir \u201ccon nuestra tarea la cual es servir a la comunidad, de apoyar en estos momentos de felicidad, ya que tener un hijo es una gran felicidad para la familia y que esta se constituye, ya que llega el primer hijo\u201d.<br \/>\nAgreg\u00f3 que la llegada de Lucas es una bendici\u00f3n, sobre todo en esta fecha tan significativa como el a\u00f1o nuevo y destac\u00f3 tambi\u00e9n la tremenda labor que realizan los profesionales de maternidad que hacen turno para esa fecha, \u201cpues mientras nosotros estamos en nuestras casas celebrando con la familia y ellos cumpliendo con su servicio a la comunidad, atendiendo enfermedades y en este caso atender un nacimiento que es la mayor alegr\u00eda para una familia\u201d.<br \/>\nWalker record\u00f3 que durante el a\u00f1o 2015 se atendieron aproximadamente 1.400 nacimientos en el Hospital San Juan de Dios.<br \/>\nA su vez, la gobernadora Mar\u00eda Victoria Rodr\u00edguez felicit\u00f3 al Servicio de Maternidad del Hospital, \u201cya que siempre brindaron una atenci\u00f3n esmerada, mientras los dem\u00e1s celebraban ellos tuvieron de turno trabajando, lo que permiti\u00f3 recibir en la mejores condiciones y sin ning\u00fan problema al primer nacido de nuestra provincia, Lucas Campos Aguayo, que es un var\u00f3n sano y que es el primer hijo de una pareja de la comuna de Rinconada\u201d.<br \/>\nLa autoridad junto con dar la bienvenida al nuevo Rinconadino, manifest\u00f3 que \u00e9l est\u00e1 adscrito al programa Chile Crece Contigo que naci\u00f3 durante el primer gobierno de la Presidenta Bachelet y que est\u00e1 dise\u00f1ado para que los reci\u00e9n nacidos antes de nacer ya tengan una protecci\u00f3n social recibiendo un ajuar, \u201cadem\u00e1s de apoyo para educar y formar en valores al ni\u00f1o y todo es parte de un programa educativo muy importante y que se lleva a cabo con el sistema de protecci\u00f3n social de nuestro pa\u00eds\u201d.<br \/>\n\u201cEstoy muy contenta por estos padres que inician su vida muy j\u00f3venes con este primer hijo y que debe colmarlos de bendiciones y de alegr\u00edas, de preocupaciones y de responsabilidades de traer un hijo al mundo, pero tambi\u00e9n con la convicci\u00f3n de que nuestro gobierno est\u00e1 para respaldar todos estos prop\u00f3sitos de formaci\u00f3n, necesidades materiales, formativas y se les ha entregado un ajuar completo que va a ser un apoyo para ellos\u201d, a\u00f1adi\u00f3 la autoridad.<\/p>\n","protected":false},"excerpt":{"rendered":"<p>Lucas Campos Aguayo naci\u00f3 a las 0.10 minutos del 1 de enero un peso de 3 kilos y 350 gramos y midi\u00f3 50 cent\u00edmetros. LOS ANDES.&#8211; De la comuna de Rinconada es&#8230;<\/p>\n","protected":false},"author":482,"featured_media":65441,"comment_status":"open","ping_status":"open","sticky":false,"template":"","format":"standard","meta":{"advanced_seo_description":"","jetpack_seo_html_title":"","jetpack_seo_noindex":false,"_jetpack_memberships_contains_paid_content":false,"footnotes":""},"categories":[15],"tags":[],"class_list":["post-65440","post","type-post","status-publish","format-standard","has-post-thumbnail","hentry","category-comunidad"],"jetpack_featured_media_url":"https:\/\/i0.wp.com\/eltrabajo.cl\/portal\/wp-content\/uploads\/2016\/01\/Primer-nacimiento-2016.jpg?fit=530%2C349&ssl=1","jetpack_sharing_enabled":true,"jetpack_likes_enabled":true,"jetpack-related-posts":[],"_links":{"self":[{"href":"https:\/\/eltrabajo.cl\/portal\/wp-json\/wp\/v2\/posts\/65440","targetHints":{"allow":["GET"]}}],"collection":[{"href":"https:\/\/eltrabajo.cl\/portal\/wp-json\/wp\/v2\/posts"}],"about":[{"href":"https:\/\/eltrabajo.cl\/portal\/wp-json\/wp\/v2\/types\/post"}],"author":[{"embeddable":true,"href":"https:\/\/eltrabajo.cl\/portal\/wp-json\/wp\/v2\/users\/482"}],"replies":[{"embeddable":true,"href":"https:\/\/eltrabajo.cl\/portal\/wp-json\/wp\/v2\/comments?post=65440"}],"version-history":[{"count":0,"href":"https:\/\/eltrabajo.cl\/portal\/wp-json\/wp\/v2\/posts\/65440\/revisions"}],"wp:featuredmedia":[{"embeddable":true,"href":"https:\/\/eltrabajo.cl\/portal\/wp-json\/wp\/v2\/media\/65441"}],"wp:attachment":[{"href":"https:\/\/eltrabajo.cl\/portal\/wp-json\/wp\/v2\/media?parent=65440"}],"wp:term":[{"taxonomy":"category","embeddable":true,"href":"https:\/\/eltrabajo.cl\/portal\/wp-json\/wp\/v2\/categories?post=65440"},{"taxonomy":"post_tag","embeddable":true,"href":"https:\/\/eltrabajo.cl\/portal\/wp-json\/wp\/v2\/tags?post=65440"}],"curies":[{"name":"wp","href":"https:\/\/api.w.org\/{rel}","templated":true}]}}