{"id":65445,"date":"2016-01-05T14:38:33","date_gmt":"2016-01-05T17:38:33","guid":{"rendered":"http:\/\/www.eltrabajo.cl\/portal\/?p=65445"},"modified":"2016-01-05T14:38:33","modified_gmt":"2016-01-05T17:38:33","slug":"mayor-maureen-espinoza-asegura-que-cumplio-sus-metas-en-san-felipe","status":"publish","type":"post","link":"https:\/\/eltrabajo.cl\/portal\/mayor-maureen-espinoza-asegura-que-cumplio-sus-metas-en-san-felipe\/","title":{"rendered":"Mayor Maureen Espinoza asegura que cumpli\u00f3 sus metas en San Felipe"},"content":{"rendered":"<figure id=\"attachment_65446\" aria-describedby=\"caption-attachment-65446\" style=\"width: 300px\" class=\"wp-caption alignleft\"><img data-recalc-dims=\"1\" loading=\"lazy\" decoding=\"async\" class=\"wp-image-65446 size-medium\" src=\"https:\/\/i0.wp.com\/www.eltrabajo.cl\/portal\/wp-content\/uploads\/2016\/01\/Premio33-300x198.jpg?resize=300%2C198\" alt=\"LABOR DESTACADA.- El Concejo Municipal y el alcalde Patricio Freire, seg\u00fan se lee en este galvano, dispusieron en diciembre pasado premiar la labor policial de la Mayor Maureen Espinoza.\" width=\"300\" height=\"198\" srcset=\"https:\/\/i0.wp.com\/eltrabajo.cl\/portal\/wp-content\/uploads\/2016\/01\/Premio33.jpg?resize=300%2C198&amp;ssl=1 300w, https:\/\/i0.wp.com\/eltrabajo.cl\/portal\/wp-content\/uploads\/2016\/01\/Premio33.jpg?resize=200%2C132&amp;ssl=1 200w, https:\/\/i0.wp.com\/eltrabajo.cl\/portal\/wp-content\/uploads\/2016\/01\/Premio33.jpg?resize=228%2C150&amp;ssl=1 228w, https:\/\/i0.wp.com\/eltrabajo.cl\/portal\/wp-content\/uploads\/2016\/01\/Premio33.jpg?resize=400%2C263&amp;ssl=1 400w, https:\/\/i0.wp.com\/eltrabajo.cl\/portal\/wp-content\/uploads\/2016\/01\/Premio33.jpg?w=530&amp;ssl=1 530w\" sizes=\"auto, (max-width: 300px) 100vw, 300px\" \/><figcaption id=\"caption-attachment-65446\" class=\"wp-caption-text\">LABOR DESTACADA.- El Concejo Municipal y el alcalde Patricio Freire, seg\u00fan se lee en este galvano, dispusieron en diciembre pasado premiar la labor policial de la Mayor Maureen Espinoza.<\/figcaption><\/figure>\n<p>A un a\u00f1o de haber asumido la jefatura de Carabineros de San Felipe y asegurando est\u00e1 m\u00e1s que satisfecha por la labor desempe\u00f1ada por ella y los carabineros a su mando, as\u00ed se marchar\u00e1 en los pr\u00f3ximos d\u00edas de esta unidad policial la Srta. Maureen Ivonne Espinoza Lobos.<\/p>\n<p><strong>\u00abME VOY CON\u00a0NOSTALGIA\u00bb<\/strong><br \/>\nA pocos d\u00edas del traspaso de cargo oficial a quien ser\u00e1 el relevo policial, Espinoza habl\u00f3 con Diario El Trabajo para responder a nuestras preguntas en torno a su inminente salida.<br \/>\n<strong>&#8211; \u00bfC\u00f3mo describe este a\u00f1o de labores en San Felipe?<\/strong><br \/>\n<strong>&#8211;<\/strong> Siento que 2015 fue un a\u00f1o de muchos logros policiales. Mis oficiales entregaron lo mejor de s\u00ed mismos en cada una de las diligencias que se les encomend\u00f3.<br \/>\n<strong>&#8211; \u00bfA qu\u00e9 ciudad ser\u00e1 trasladada y para qu\u00e9 cargo?<\/strong><br \/>\n<strong>&#8211;<\/strong> Me voy trasladada en calidad de comisario de la Primera Comisar\u00eda de Carabineros en Linares, 7\u00aa Regi\u00f3n (\u2026) a mi arribo hubo una connotaci\u00f3n positiva por ser yo la primera mujer en este cargo en San Felipe.<br \/>\n<strong>&#8211; \u00bfEs verdad que tuvo usted roses con los Altos Mandos en Aconcagua?<\/strong><br \/>\n<strong>&#8211;<\/strong> Nosotros tenemos una estructura jer\u00e1rquica piramidal que no nos permite brindar declaraciones en este sentido (\u2026) evidentemente como en todo trabajo, s\u00ed podr\u00edan existir diferencias (\u2026) como en todas las profesiones, las mujeres en cargos estrat\u00e9gicos tenemos que demostrar nuestras capacidades, es probable y aunque no deba ser yo quien lo diga, que pueda haber habido desde el inicio cierta desconfianza sobre si \u2018\u00e9sta comisario ser\u00e1 capaz o no de hacer bien su trabajo\u2019.<br \/>\n<strong>&#8211; \u00bfQu\u00e9 tan satisfecha con su trabajo se retira usted de nuestra comuna?<\/strong><br \/>\n<strong>&#8211;<\/strong> Me voy m\u00e1s que satisfecha, pues desde que asum\u00ed este cargo logr\u00e9 que Carabineros y la comunidad disminuyeran las distancias en materia de comunicaci\u00f3n, de acercamiento y de confianza, s\u00ed tuve much\u00edsimos contactos con juntas vecinales; medios de prensa y las autoridades, revirtiendo tambi\u00e9n esa sensaci\u00f3n de inseguridad que se sent\u00eda al llegar.<br \/>\n<strong>&#8211; \u00bfQui\u00e9n asume como nuevo comisario de Carabineros en San Felipe?<\/strong><br \/>\n<strong>&#8211;<\/strong> Asume el Mayor \u00c1lvaro Rodr\u00edguez en mi cargo, \u00e9l estar\u00eda llegando a mediados de enero.<br \/>\n<strong>&#8211; \u00bfLos mejores procedimientos durante su gesti\u00f3n?<\/strong><br \/>\n<strong>&#8211;<\/strong> Los carabineros bajo mi gesti\u00f3n estuvieron muy alineados con mi proyecto de trabajo. En cuanto a los procedimientos m\u00e1s importantes en 2015, recuerdo el caso de los exempleados de Pixels; las manifestaciones del paro nacional de los profesores; el caso de Minera Amalia en Catemu y el desalojo de familias en Santa Teresita.<br \/>\n<strong>&#8211; \u00bfSe va alegre o triste, tras este a\u00f1o de vigilar por la seguridad de la provincia?<\/strong><br \/>\n<strong>&#8211;<\/strong> Me voy un poco nost\u00e1lgica, porque siento que logr\u00e9 afiatar a los carabineros con las necesidades de los vecinos, ellos ahora comprenden que a veces lo que un vecino necesita es ser escuchado, hay que escuchar antes de acoger la denuncia, estoy tambi\u00e9n agradecidos con mis carabineros, y con los directores de colegios en donde se me tom\u00f3 en cuanta para coordinar actividades y planes de trabajo comunal durante todo el a\u00f1o.<\/p>\n<p><strong>CIFRAS POLICIALES<\/strong><br \/>\nSeg\u00fan inform\u00f3 a Diario El Trabajo la Mayor Espinoza, bajo su gesti\u00f3n de 2015 el delito de Robo con violencia disminuy\u00f3 en un 25% en comparaci\u00f3n a 2014; Robo en lugar habitado un 20% menos; Hallazgo de veh\u00edculos robados subi\u00f3 un 36%; detenidos por Robo de veh\u00edculos fue un 17% en 2015 tambi\u00e9n; detenidos por Robo con sorpresa fue +14% y a diferencia de las ocho denuncias por Homicidio de 2014, en 2015 s\u00f3lo se atendi\u00f3 una.<\/p>\n<p><strong>Roberto Gonz\u00e1lez Short<\/strong><br \/>\n<strong>rgonzalez@eltrabajo.cl<\/strong><\/p>\n","protected":false},"excerpt":{"rendered":"<p>A un a\u00f1o de haber asumido la jefatura de Carabineros de San Felipe y asegurando est\u00e1 m\u00e1s que satisfecha por la labor desempe\u00f1ada por ella y los carabineros a su mando, as\u00ed&#8230;<\/p>\n","protected":false},"author":482,"featured_media":65446,"comment_status":"open","ping_status":"open","sticky":false,"template":"","format":"standard","meta":{"advanced_seo_description":"","jetpack_seo_html_title":"","jetpack_seo_noindex":false,"_jetpack_memberships_contains_paid_content":false,"footnotes":""},"categories":[15],"tags":[],"class_list":["post-65445","post","type-post","status-publish","format-standard","has-post-thumbnail","hentry","category-comunidad"],"jetpack_featured_media_url":"https:\/\/i0.wp.com\/eltrabajo.cl\/portal\/wp-content\/uploads\/2016\/01\/Premio33.jpg?fit=530%2C349&ssl=1","jetpack_sharing_enabled":true,"jetpack_likes_enabled":true,"jetpack-related-posts":[],"_links":{"self":[{"href":"https:\/\/eltrabajo.cl\/portal\/wp-json\/wp\/v2\/posts\/65445","targetHints":{"allow":["GET"]}}],"collection":[{"href":"https:\/\/eltrabajo.cl\/portal\/wp-json\/wp\/v2\/posts"}],"about":[{"href":"https:\/\/eltrabajo.cl\/portal\/wp-json\/wp\/v2\/types\/post"}],"author":[{"embeddable":true,"href":"https:\/\/eltrabajo.cl\/portal\/wp-json\/wp\/v2\/users\/482"}],"replies":[{"embeddable":true,"href":"https:\/\/eltrabajo.cl\/portal\/wp-json\/wp\/v2\/comments?post=65445"}],"version-history":[{"count":0,"href":"https:\/\/eltrabajo.cl\/portal\/wp-json\/wp\/v2\/posts\/65445\/revisions"}],"wp:featuredmedia":[{"embeddable":true,"href":"https:\/\/eltrabajo.cl\/portal\/wp-json\/wp\/v2\/media\/65446"}],"wp:attachment":[{"href":"https:\/\/eltrabajo.cl\/portal\/wp-json\/wp\/v2\/media?parent=65445"}],"wp:term":[{"taxonomy":"category","embeddable":true,"href":"https:\/\/eltrabajo.cl\/portal\/wp-json\/wp\/v2\/categories?post=65445"},{"taxonomy":"post_tag","embeddable":true,"href":"https:\/\/eltrabajo.cl\/portal\/wp-json\/wp\/v2\/tags?post=65445"}],"curies":[{"name":"wp","href":"https:\/\/api.w.org\/{rel}","templated":true}]}}