{"id":65451,"date":"2016-01-05T14:41:17","date_gmt":"2016-01-05T17:41:17","guid":{"rendered":"http:\/\/www.eltrabajo.cl\/portal\/?p=65451"},"modified":"2016-01-05T14:41:17","modified_gmt":"2016-01-05T17:41:17","slug":"presentan-cinco-indicaciones-a-proyecto-sobre-carrera-docente","status":"publish","type":"post","link":"https:\/\/eltrabajo.cl\/portal\/presentan-cinco-indicaciones-a-proyecto-sobre-carrera-docente\/","title":{"rendered":"Presentan cinco indicaciones a proyecto sobre carrera docente"},"content":{"rendered":"<figure id=\"attachment_65452\" aria-describedby=\"caption-attachment-65452\" style=\"width: 300px\" class=\"wp-caption alignleft\"><img data-recalc-dims=\"1\" loading=\"lazy\" decoding=\"async\" class=\"wp-image-65452 size-medium\" src=\"https:\/\/i0.wp.com\/www.eltrabajo.cl\/portal\/wp-content\/uploads\/2016\/01\/Profesores-300x198.jpg?resize=300%2C198\" alt=\"Una de las indicaciones apunta al desempe\u00f1o docente, anticipando el retiro de aquellos que no logren superar el primer tramo de la carrera. (Foto referencial).\" width=\"300\" height=\"198\" srcset=\"https:\/\/i0.wp.com\/eltrabajo.cl\/portal\/wp-content\/uploads\/2016\/01\/Profesores.jpg?resize=300%2C198&amp;ssl=1 300w, https:\/\/i0.wp.com\/eltrabajo.cl\/portal\/wp-content\/uploads\/2016\/01\/Profesores.jpg?resize=200%2C132&amp;ssl=1 200w, https:\/\/i0.wp.com\/eltrabajo.cl\/portal\/wp-content\/uploads\/2016\/01\/Profesores.jpg?resize=227%2C150&amp;ssl=1 227w, https:\/\/i0.wp.com\/eltrabajo.cl\/portal\/wp-content\/uploads\/2016\/01\/Profesores.jpg?resize=400%2C264&amp;ssl=1 400w, https:\/\/i0.wp.com\/eltrabajo.cl\/portal\/wp-content\/uploads\/2016\/01\/Profesores.jpg?w=530&amp;ssl=1 530w\" sizes=\"auto, (max-width: 300px) 100vw, 300px\" \/><figcaption id=\"caption-attachment-65452\" class=\"wp-caption-text\">Una de las indicaciones apunta al desempe\u00f1o docente, anticipando el retiro de aquellos que no logren superar el primer tramo de la carrera. (Foto referencial).<\/figcaption><\/figure>\n<p>Las indicaciones apuntan principalmente a que los m\u00e1s talentosos y destacados opten por carreras pedag\u00f3gicas, y que los de mejor desempe\u00f1o se queden haciendo clases. Tambi\u00e9n apuntan a que en las escuelas se verifique un proceso de formaci\u00f3n continua a lo largo de toda la cerrara, para la mejora del proceso de ense\u00f1anza de aprendizaje. Esto es lo que ocurre en todos los sistemas m\u00e1s exitosos del mundo.<br \/>\nLas indicaciones al proyecto de carrera docente son las siguientes:<br \/>\n1. Ingreso m\u00ednimo docente igual para todos: Asegurar que el ingreso a la carrera docente de todos los profesores conlleve una remuneraci\u00f3n equivalente que sea atractiva para atraer a los mejores, lo que significa que el bono de reconocimiento profesional sea igual para todos, y no, como el proyecto lo plantea durante la transici\u00f3n, que distingue entre profesores del sector p\u00fablico y privado.<br \/>\n2. Queremos que el grueso de la carrera docente tenga elementos comunes, particularmente en lo referido al desempe\u00f1o: Esto significa reconocer la especificidad de la carrera en el sector p\u00fablico y privado, especialmente considerando que en la educaci\u00f3n particular subvencionada existe una negociaci\u00f3n colectiva, a diferencia del sector p\u00fablico.<br \/>\n3. Junto con el proceso de inducci\u00f3n, existir\u00e1 un proceso de formaci\u00f3n continua para toda la educaci\u00f3n subvencionada, que considerar\u00e1 las realidades y capacidades locales. El proceso de inducci\u00f3n y mentor\u00edas no puede ser dictado e impuesto centralizadamente. La manera de desarrollar capacidades y elevar la calidad de nuestro sistema es que el proceso de preparaci\u00f3n de la ense\u00f1anza y el aprendizaje sea sistem\u00e1ticamente trabajado en y para las escuelas. En este contexto el CPEIP es una ayuda y pondr\u00e1 a disposici\u00f3n de las escuelas los recursos t\u00e9cnicos y pedag\u00f3gicos que las escuelas requieran.<br \/>\n4. Hacemos m\u00e1s exigente la carrera docente en el sentido que, en r\u00e9gimen, todos los profesores deban llegar al tramo \u2018avanzado\u2019, en un determinado plazo (8 a\u00f1os). Asimismo, anticipamos el retiro de los docentes que no logren superar el primer tramo de la carrera, lo que se reduce de 9 a 5 a\u00f1os. En la transici\u00f3n, se asegura que los actuales docentes tengan las v\u00edas para cumplir con este requisito en un plazo prudente (10 a\u00f1os).<br \/>\n5. Impulsaremos la existencia de una prueba obligatoria, no habilitante, para la titulaci\u00f3n.<\/p>\n","protected":false},"excerpt":{"rendered":"<p>Las indicaciones apuntan principalmente a que los m\u00e1s talentosos y destacados opten por carreras pedag\u00f3gicas, y que los de mejor desempe\u00f1o se queden haciendo clases. Tambi\u00e9n apuntan a que en las escuelas&#8230;<\/p>\n","protected":false},"author":482,"featured_media":65452,"comment_status":"open","ping_status":"open","sticky":false,"template":"","format":"standard","meta":{"advanced_seo_description":"","jetpack_seo_html_title":"","jetpack_seo_noindex":false,"_jetpack_memberships_contains_paid_content":false,"footnotes":""},"categories":[15],"tags":[],"class_list":["post-65451","post","type-post","status-publish","format-standard","has-post-thumbnail","hentry","category-comunidad"],"jetpack_featured_media_url":"https:\/\/i0.wp.com\/eltrabajo.cl\/portal\/wp-content\/uploads\/2016\/01\/Profesores.jpg?fit=530%2C350&ssl=1","jetpack_sharing_enabled":true,"jetpack_likes_enabled":true,"jetpack-related-posts":[],"_links":{"self":[{"href":"https:\/\/eltrabajo.cl\/portal\/wp-json\/wp\/v2\/posts\/65451","targetHints":{"allow":["GET"]}}],"collection":[{"href":"https:\/\/eltrabajo.cl\/portal\/wp-json\/wp\/v2\/posts"}],"about":[{"href":"https:\/\/eltrabajo.cl\/portal\/wp-json\/wp\/v2\/types\/post"}],"author":[{"embeddable":true,"href":"https:\/\/eltrabajo.cl\/portal\/wp-json\/wp\/v2\/users\/482"}],"replies":[{"embeddable":true,"href":"https:\/\/eltrabajo.cl\/portal\/wp-json\/wp\/v2\/comments?post=65451"}],"version-history":[{"count":0,"href":"https:\/\/eltrabajo.cl\/portal\/wp-json\/wp\/v2\/posts\/65451\/revisions"}],"wp:featuredmedia":[{"embeddable":true,"href":"https:\/\/eltrabajo.cl\/portal\/wp-json\/wp\/v2\/media\/65452"}],"wp:attachment":[{"href":"https:\/\/eltrabajo.cl\/portal\/wp-json\/wp\/v2\/media?parent=65451"}],"wp:term":[{"taxonomy":"category","embeddable":true,"href":"https:\/\/eltrabajo.cl\/portal\/wp-json\/wp\/v2\/categories?post=65451"},{"taxonomy":"post_tag","embeddable":true,"href":"https:\/\/eltrabajo.cl\/portal\/wp-json\/wp\/v2\/tags?post=65451"}],"curies":[{"name":"wp","href":"https:\/\/api.w.org\/{rel}","templated":true}]}}