{"id":65454,"date":"2016-01-05T14:42:34","date_gmt":"2016-01-05T17:42:34","guid":{"rendered":"http:\/\/www.eltrabajo.cl\/portal\/?p=65454"},"modified":"2016-01-05T14:42:34","modified_gmt":"2016-01-05T17:42:34","slug":"autoridades-reiteran-llamado-a-gobierno-para-que-informe-sobre-demoras-en-construccion-de-nueva-60-ch-tramo-panquehue","status":"publish","type":"post","link":"https:\/\/eltrabajo.cl\/portal\/autoridades-reiteran-llamado-a-gobierno-para-que-informe-sobre-demoras-en-construccion-de-nueva-60-ch-tramo-panquehue\/","title":{"rendered":"Autoridades reiteran llamado a Gobierno para que informe sobre demoras en construcci\u00f3n de nueva 60 CH tramo Panquehue"},"content":{"rendered":"<figure id=\"attachment_65455\" aria-describedby=\"caption-attachment-65455\" style=\"width: 300px\" class=\"wp-caption alignleft\"><img data-recalc-dims=\"1\" loading=\"lazy\" decoding=\"async\" class=\"wp-image-65455 size-medium\" src=\"https:\/\/i0.wp.com\/www.eltrabajo.cl\/portal\/wp-content\/uploads\/2016\/01\/Luis-Pradenas-2-300x198.jpg?resize=300%2C198\" alt=\"El alcalde Luis Pradenas reiter\u00f3 su llamado a las autoridades de Gobierno para que informen los motivos de la lentitud que presentan las obras de construcci\u00f3n de la nueva ruta 60 CH, tramo Panquehue. \" width=\"300\" height=\"198\" srcset=\"https:\/\/i0.wp.com\/eltrabajo.cl\/portal\/wp-content\/uploads\/2016\/01\/Luis-Pradenas-2.jpg?resize=300%2C198&amp;ssl=1 300w, https:\/\/i0.wp.com\/eltrabajo.cl\/portal\/wp-content\/uploads\/2016\/01\/Luis-Pradenas-2.jpg?resize=200%2C132&amp;ssl=1 200w, https:\/\/i0.wp.com\/eltrabajo.cl\/portal\/wp-content\/uploads\/2016\/01\/Luis-Pradenas-2.jpg?resize=228%2C150&amp;ssl=1 228w, https:\/\/i0.wp.com\/eltrabajo.cl\/portal\/wp-content\/uploads\/2016\/01\/Luis-Pradenas-2.jpg?resize=400%2C263&amp;ssl=1 400w, https:\/\/i0.wp.com\/eltrabajo.cl\/portal\/wp-content\/uploads\/2016\/01\/Luis-Pradenas-2.jpg?w=530&amp;ssl=1 530w\" sizes=\"auto, (max-width: 300px) 100vw, 300px\" \/><figcaption id=\"caption-attachment-65455\" class=\"wp-caption-text\">El alcalde Luis Pradenas reiter\u00f3 su llamado a las autoridades de Gobierno para que informen los motivos de la lentitud que presentan las obras de construcci\u00f3n de la nueva ruta 60 CH, tramo Panquehue.<\/figcaption><\/figure>\n<ul>\n<li><strong>A trav\u00e9s de un punto de prensa en San Felipe, el edil record\u00f3 que si bien desde hace un par de meses se percib\u00eda un gran movimiento de obras en el trazado de la nueva 60 CH, en las \u00faltimas semanas los trabajos se han visto considerablemente disminuidos.<\/strong><\/li>\n<\/ul>\n<p><strong>PANQUEHUE<\/strong>.- Un llamado a las autoridades de Gobierno, con el fin de informar los motivos por la disminuci\u00f3n de las obras en la construcci\u00f3n de la nueva ruta 60 CH, tramo Panquehue, volvi\u00f3 a reiterar el alcalde Luis Pradenas.<br \/>\nLa autoridad comunal, a trav\u00e9s de un punto de prensa en la comuna de San Felipe, indic\u00f3 que si bien hace un par de meses era notorio el movimiento de camiones y de obras en el mencionado tramo, durante diciembre se vio considerablemente disminuidos, por lo que insto al gobernador de San Felipe, Eduardo Le\u00f3n, y por sobre todo al Secretario Regional Ministerial de Obras P\u00fablicas, Miguel Saavedra, a informar los motivos.<br \/>\n\u201cYo le hice un llamado al Gobernador y al Seremi del MOP Miguel Saavedra a que se pronunciaran por los trabajos de la nueva 60 CH, pues si bien es cierto hasta el mes de septiembre del 2015, \u00edbamos con un avance por sobre el 14 %, desde ah\u00ed hacia adelante comenz\u00f3 a bajar el rendimiento y se debe por la situaci\u00f3n de la v\u00eda de los \u00e1ridos. Creo que todo es responsabilidad de las autoridades de gobierno, entre estas el Seremi de Obras P\u00fablicas y el Gobernador, pues son ellos los que deben reunirse y agilizar los servicios que tienen competencia con la aprobaci\u00f3n de la mencionada adenda 2 ambiental. Por lo mismo son ellos quienes deben apurar a la empresa, aqu\u00ed no se trata de pedir favores, sino hacer cumplir lo que est\u00e1 establecido en los respectivos contratos\u201d.<br \/>\nConsultado el alcalde Luis Pradenas sobre el resultado del uso de la escoria de Chagres, dijo que hasta ahora no tiene informaci\u00f3n sobre el resultado de los an\u00e1lisis mec\u00e1nicos de suelo.<br \/>\nEl tramo 2 de la ruta 60 CH consta de 24,5 km y forma parte del corredor bioce\u00e1nico que une Argentina con los principales puertos de la regi\u00f3n.<br \/>\nPara este tramo de la autopista licitada el a\u00f1o 2002 y detenido en el a\u00f1o 2007 por indefinici\u00f3n de su emplazamiento, y actualmente en desarrollo, se presenta una nueva revisi\u00f3n del proyecto de extracci\u00f3n para el suministro de los materiales en la obra e incorpora los \u00faltimos alcances que no fue posible atender en la Adenda Complementaria del proyecto anterior de marzo del 2014 y desistido en julio de este a\u00f1o.<br \/>\nPara el desarrollo de las obras, lo que hasta ahora ha generado un poco de preocupaci\u00f3n a la empresa OHL \u2013ejecutora de la obra- es la disponibilidad de material de \u00e1ridos, situaci\u00f3n que se ver\u00e1 resuelta, una vez aprobada la resoluci\u00f3n de evaluaci\u00f3n ambiental, para extraer un volumen total de 2,2 millones de M\u00b3 de \u00e1ridos desde el cauce del r\u00edo Aconcagua de manera mecanizada por un periodo de 15 meses, sin afectar el normal desarrollo de las actividades sociales, agr\u00edcolas y ganaderas, cuidando los componentes ambientales en su \u00e1rea de influencia para su extracci\u00f3n desde el r\u00edo Aconcagua.<\/p>\n","protected":false},"excerpt":{"rendered":"<p>A trav\u00e9s de un punto de prensa en San Felipe, el edil record\u00f3 que si bien desde hace un par de meses se percib\u00eda un gran movimiento de obras en el trazado&#8230;<\/p>\n","protected":false},"author":482,"featured_media":65455,"comment_status":"open","ping_status":"open","sticky":false,"template":"","format":"standard","meta":{"advanced_seo_description":"","jetpack_seo_html_title":"","jetpack_seo_noindex":false,"_jetpack_memberships_contains_paid_content":false,"footnotes":""},"categories":[1],"tags":[],"class_list":["post-65454","post","type-post","status-publish","format-standard","has-post-thumbnail","hentry","category-cronica"],"jetpack_featured_media_url":"https:\/\/i0.wp.com\/eltrabajo.cl\/portal\/wp-content\/uploads\/2016\/01\/Luis-Pradenas-2.jpg?fit=530%2C349&ssl=1","jetpack_sharing_enabled":true,"jetpack_likes_enabled":true,"jetpack-related-posts":[],"_links":{"self":[{"href":"https:\/\/eltrabajo.cl\/portal\/wp-json\/wp\/v2\/posts\/65454","targetHints":{"allow":["GET"]}}],"collection":[{"href":"https:\/\/eltrabajo.cl\/portal\/wp-json\/wp\/v2\/posts"}],"about":[{"href":"https:\/\/eltrabajo.cl\/portal\/wp-json\/wp\/v2\/types\/post"}],"author":[{"embeddable":true,"href":"https:\/\/eltrabajo.cl\/portal\/wp-json\/wp\/v2\/users\/482"}],"replies":[{"embeddable":true,"href":"https:\/\/eltrabajo.cl\/portal\/wp-json\/wp\/v2\/comments?post=65454"}],"version-history":[{"count":0,"href":"https:\/\/eltrabajo.cl\/portal\/wp-json\/wp\/v2\/posts\/65454\/revisions"}],"wp:featuredmedia":[{"embeddable":true,"href":"https:\/\/eltrabajo.cl\/portal\/wp-json\/wp\/v2\/media\/65455"}],"wp:attachment":[{"href":"https:\/\/eltrabajo.cl\/portal\/wp-json\/wp\/v2\/media?parent=65454"}],"wp:term":[{"taxonomy":"category","embeddable":true,"href":"https:\/\/eltrabajo.cl\/portal\/wp-json\/wp\/v2\/categories?post=65454"},{"taxonomy":"post_tag","embeddable":true,"href":"https:\/\/eltrabajo.cl\/portal\/wp-json\/wp\/v2\/tags?post=65454"}],"curies":[{"name":"wp","href":"https:\/\/api.w.org\/{rel}","templated":true}]}}