{"id":65457,"date":"2016-01-05T14:44:12","date_gmt":"2016-01-05T17:44:12","guid":{"rendered":"http:\/\/www.eltrabajo.cl\/portal\/?p=65457"},"modified":"2016-01-05T14:44:12","modified_gmt":"2016-01-05T17:44:12","slug":"narcos-condenados-a-7-y-5-anos-de-presidio-por-trafico-de-cocaina","status":"publish","type":"post","link":"https:\/\/eltrabajo.cl\/portal\/narcos-condenados-a-7-y-5-anos-de-presidio-por-trafico-de-cocaina\/","title":{"rendered":"Narcos condenados a 7 y 5 a\u00f1os de presidio por tr\u00e1fico de coca\u00edna"},"content":{"rendered":"<figure id=\"attachment_65458\" aria-describedby=\"caption-attachment-65458\" style=\"width: 300px\" class=\"wp-caption alignleft\"><img data-recalc-dims=\"1\" loading=\"lazy\" decoding=\"async\" class=\"wp-image-65458 size-medium\" src=\"https:\/\/i0.wp.com\/www.eltrabajo.cl\/portal\/wp-content\/uploads\/2016\/01\/Fiscal-Julio-Palacios-300x196.jpg?resize=300%2C196\" alt=\"Fiscal Julio Palacios Bobadilla del Ministerio P\u00fablico de San Felipe.\" width=\"300\" height=\"196\" srcset=\"https:\/\/i0.wp.com\/eltrabajo.cl\/portal\/wp-content\/uploads\/2016\/01\/Fiscal-Julio-Palacios.jpg?resize=300%2C196&amp;ssl=1 300w, https:\/\/i0.wp.com\/eltrabajo.cl\/portal\/wp-content\/uploads\/2016\/01\/Fiscal-Julio-Palacios.jpg?resize=200%2C131&amp;ssl=1 200w, https:\/\/i0.wp.com\/eltrabajo.cl\/portal\/wp-content\/uploads\/2016\/01\/Fiscal-Julio-Palacios.jpg?resize=229%2C150&amp;ssl=1 229w, https:\/\/i0.wp.com\/eltrabajo.cl\/portal\/wp-content\/uploads\/2016\/01\/Fiscal-Julio-Palacios.jpg?resize=400%2C262&amp;ssl=1 400w, https:\/\/i0.wp.com\/eltrabajo.cl\/portal\/wp-content\/uploads\/2016\/01\/Fiscal-Julio-Palacios.jpg?w=530&amp;ssl=1 530w\" sizes=\"auto, (max-width: 300px) 100vw, 300px\" \/><figcaption id=\"caption-attachment-65458\" class=\"wp-caption-text\">Fiscal Julio Palacios Bobadilla del Ministerio P\u00fablico de San Felipe.<\/figcaption><\/figure>\n<ul>\n<li><strong>Droga avaluada en m\u00e1s de 800 millones de pesos fue incautada por la Brigada de Antinarc\u00f3ticos de la PDI en el peaje Las Vegas de Llay Llay. El Tribunal Oral en Lo Penal de San Felipe conden\u00f3 a ambos ciudadanos peruanos por tr\u00e1fico de drogas.<\/strong><\/li>\n<\/ul>\n<p>El Tribunal Oral en lo Penal de San Felipe impuso una doble condenada a los ciudadanos de nacionalidad peruana identificados como Fausto Rafael Placencia Alvarado, sentenciado a siete a\u00f1os de c\u00e1rcel; mientras que Danner Frank Arroyo Huay\u00e1n, fue beneficiado con libertad vigilada intensiva por un plazo de 5 a\u00f1os de presidio, por el delito de tr\u00e1fico de 36 kilos de coca\u00edna de alta pureza.<br \/>\nComo se recordar\u00e1, en el juicio llevado a cabo la semana pasada, el Ministerio P\u00fablico de San Felipe representado por el Fiscal Julio Palacios Bobadilla, acus\u00f3 a los condenados tras las investigaciones ejecutadas por la Brigada Antinarc\u00f3ticos de la PDI, quienes manten\u00edan antecedentes del traslado de una cantidad importante de drogas desde la ciudad de Arica, que ser\u00eda distribuida en Los Andes y Santiago.<br \/>\nLos hechos de la acusaci\u00f3n dieron cr\u00e9dito a los sucesos cometidos el d\u00eda 17 de abril del 2015, en circunstancias que la polic\u00eda civil intercept\u00f3 veh\u00edculos en el peaje Las Vegas de la comuna de Llay Llay, para ser fiscalizados en b\u00fasqueda de este cargamento il\u00edcito, descubriendo de esta forma a dos ciudadanos peruanos que se movilizaban en un veh\u00edculo marca Nissan de color blanco, transportando 66 paquetes de clorhidrato de coca\u00edna.<br \/>\nLas diligencias policiales realizaron el hallazgo de la droga que los acusados ocultaron debajo de los asientos del autom\u00f3vil, cuyo peso arroj\u00f3 un total de casi 36 kilos de coca\u00edna de alta pureza que tendr\u00eda como destino Los Andes y la regi\u00f3n metropolitana.<br \/>\nAmbos involucrados en estos hechos fueron detenidos, permaneciendo bajo la cautelar de prisi\u00f3n preventiva hasta ser sometidos a juicio oral, instancia en que el Tribunal Oral resolvi\u00f3 considerarlos culpables de este delito condenando a Placencia Alvarado a una pena efectiva de siete a\u00f1os de c\u00e1rcel descontando los d\u00edas que estuvo privado de libertad antes del juicio.<br \/>\nNo obstante, el segundo protagonista del delito, Arroyo Huay\u00e1n tras permanecer ocho meses recluido, obtuvo el beneficio de libertad vigilada intensiva tras ser condenado a cinco a\u00f1os de presidio.<br \/>\nEl Fiscal Julio Palacios se mostr\u00f3 conforme con la condena impuesta por este Tribunal se\u00f1alando que \u201cse ajusta a derecho\u201d. En tanto la Defensa mantiene un plazo de diez d\u00edas para elevar eventualmente un recurso de nulidad del juicio.<br \/>\nPablo Salinas Sald\u00edas<\/p>\n","protected":false},"excerpt":{"rendered":"<p>Droga avaluada en m\u00e1s de 800 millones de pesos fue incautada por la Brigada de Antinarc\u00f3ticos de la PDI en el peaje Las Vegas de Llay Llay. El Tribunal Oral en Lo&#8230;<\/p>\n","protected":false},"author":482,"featured_media":65458,"comment_status":"open","ping_status":"open","sticky":false,"template":"","format":"standard","meta":{"advanced_seo_description":"","jetpack_seo_html_title":"","jetpack_seo_noindex":false,"_jetpack_memberships_contains_paid_content":false,"footnotes":""},"categories":[21],"tags":[],"class_list":["post-65457","post","type-post","status-publish","format-standard","has-post-thumbnail","hentry","category-policial"],"jetpack_featured_media_url":"https:\/\/i0.wp.com\/eltrabajo.cl\/portal\/wp-content\/uploads\/2016\/01\/Fiscal-Julio-Palacios.jpg?fit=530%2C347&ssl=1","jetpack_sharing_enabled":true,"jetpack_likes_enabled":true,"jetpack-related-posts":[],"_links":{"self":[{"href":"https:\/\/eltrabajo.cl\/portal\/wp-json\/wp\/v2\/posts\/65457","targetHints":{"allow":["GET"]}}],"collection":[{"href":"https:\/\/eltrabajo.cl\/portal\/wp-json\/wp\/v2\/posts"}],"about":[{"href":"https:\/\/eltrabajo.cl\/portal\/wp-json\/wp\/v2\/types\/post"}],"author":[{"embeddable":true,"href":"https:\/\/eltrabajo.cl\/portal\/wp-json\/wp\/v2\/users\/482"}],"replies":[{"embeddable":true,"href":"https:\/\/eltrabajo.cl\/portal\/wp-json\/wp\/v2\/comments?post=65457"}],"version-history":[{"count":0,"href":"https:\/\/eltrabajo.cl\/portal\/wp-json\/wp\/v2\/posts\/65457\/revisions"}],"wp:featuredmedia":[{"embeddable":true,"href":"https:\/\/eltrabajo.cl\/portal\/wp-json\/wp\/v2\/media\/65458"}],"wp:attachment":[{"href":"https:\/\/eltrabajo.cl\/portal\/wp-json\/wp\/v2\/media?parent=65457"}],"wp:term":[{"taxonomy":"category","embeddable":true,"href":"https:\/\/eltrabajo.cl\/portal\/wp-json\/wp\/v2\/categories?post=65457"},{"taxonomy":"post_tag","embeddable":true,"href":"https:\/\/eltrabajo.cl\/portal\/wp-json\/wp\/v2\/tags?post=65457"}],"curies":[{"name":"wp","href":"https:\/\/api.w.org\/{rel}","templated":true}]}}