{"id":65460,"date":"2016-01-05T14:46:52","date_gmt":"2016-01-05T17:46:52","guid":{"rendered":"http:\/\/www.eltrabajo.cl\/portal\/?p=65460"},"modified":"2016-01-05T14:46:52","modified_gmt":"2016-01-05T17:46:52","slug":"visitas-nocturnas-al-cementerio-y-senderismo-destacan-en-actividades-turisticas-de-enero","status":"publish","type":"post","link":"https:\/\/eltrabajo.cl\/portal\/visitas-nocturnas-al-cementerio-y-senderismo-destacan-en-actividades-turisticas-de-enero\/","title":{"rendered":"Visitas nocturnas al cementerio y senderismo destacan en actividades tur\u00edsticas de enero"},"content":{"rendered":"<figure id=\"attachment_65461\" aria-describedby=\"caption-attachment-65461\" style=\"width: 300px\" class=\"wp-caption alignleft\"><img data-recalc-dims=\"1\" loading=\"lazy\" decoding=\"async\" class=\"wp-image-65461 size-medium\" src=\"https:\/\/i0.wp.com\/www.eltrabajo.cl\/portal\/wp-content\/uploads\/2016\/01\/FOTO-1-MANUEL-ZUNIGA-Coordinador-de-Patrimonio-y-Turismo-de-la-Ilustre-Municipalidad-de-San-Felipe-300x198.jpg?resize=300%2C198\" alt=\"Manuel Zu\u00f1iga, coordinador de Patrimonio y Turismo de la Municipalidad de San Felipe.\" width=\"300\" height=\"198\" srcset=\"https:\/\/i0.wp.com\/eltrabajo.cl\/portal\/wp-content\/uploads\/2016\/01\/FOTO-1-MANUEL-ZUNIGA-Coordinador-de-Patrimonio-y-Turismo-de-la-Ilustre-Municipalidad-de-San-Felipe.jpg?resize=300%2C198&amp;ssl=1 300w, https:\/\/i0.wp.com\/eltrabajo.cl\/portal\/wp-content\/uploads\/2016\/01\/FOTO-1-MANUEL-ZUNIGA-Coordinador-de-Patrimonio-y-Turismo-de-la-Ilustre-Municipalidad-de-San-Felipe.jpg?resize=200%2C132&amp;ssl=1 200w, https:\/\/i0.wp.com\/eltrabajo.cl\/portal\/wp-content\/uploads\/2016\/01\/FOTO-1-MANUEL-ZUNIGA-Coordinador-de-Patrimonio-y-Turismo-de-la-Ilustre-Municipalidad-de-San-Felipe.jpg?resize=228%2C150&amp;ssl=1 228w, https:\/\/i0.wp.com\/eltrabajo.cl\/portal\/wp-content\/uploads\/2016\/01\/FOTO-1-MANUEL-ZUNIGA-Coordinador-de-Patrimonio-y-Turismo-de-la-Ilustre-Municipalidad-de-San-Felipe.jpg?resize=400%2C263&amp;ssl=1 400w, https:\/\/i0.wp.com\/eltrabajo.cl\/portal\/wp-content\/uploads\/2016\/01\/FOTO-1-MANUEL-ZUNIGA-Coordinador-de-Patrimonio-y-Turismo-de-la-Ilustre-Municipalidad-de-San-Felipe.jpg?w=530&amp;ssl=1 530w\" sizes=\"auto, (max-width: 300px) 100vw, 300px\" \/><figcaption id=\"caption-attachment-65461\" class=\"wp-caption-text\">Manuel Zu\u00f1iga, coordinador de Patrimonio y Turismo de la Municipalidad de San Felipe.<\/figcaption><\/figure>\n<p>Manuel Z\u00fa\u00f1iga, coordinador de Patrimonio y Turismo de la Municipalidad de San Felipe, dio a conocer parte del calendario del Tour patrimonial que se har\u00e1 durante enero en distintos lugares de la comuna, dentro de los cuales destaca el recorrido nocturno que se realizar\u00e1 al Cementerio Municipal cada d\u00eda mi\u00e9rcoles del mes en curso.<br \/>\nSeg\u00fan Z\u00fa\u00f1iga, todas las actividades programadas est\u00e1n dirigidas a la familia y son completamente gratuitas, agregando que \u201cla idea de abrir espacios como el Cementerio Municipal de Almendral, es que conozcamos m\u00e1s de la historia de sus personajes ilustres y de otros m\u00e1s vinculados con lo fant\u00e1stico\u201d, expuso.<br \/>\nRespecto de cu\u00e1les son los puntos m\u00e1s interesantes de estos recorridos, Z\u00fa\u00f1iga agreg\u00f3 que \u201cvamos a estar acompa\u00f1ados de una actriz profesional, que nos ir\u00e1 contando historias, por ejemplo, de la se\u00f1ora Garc\u00eda Huidobro, muerta a manos de su marido, lo que constituye un caso de femicidio, que era muy com\u00fan hacia fines del siglo XIX\u201d, detall\u00f3.<\/p>\n<figure id=\"attachment_65462\" aria-describedby=\"caption-attachment-65462\" style=\"width: 300px\" class=\"wp-caption alignright\"><img data-recalc-dims=\"1\" loading=\"lazy\" decoding=\"async\" class=\"wp-image-65462 size-medium\" src=\"https:\/\/i0.wp.com\/www.eltrabajo.cl\/portal\/wp-content\/uploads\/2016\/01\/FOTO-2-CLAUDIO-AGUIRRE-300x197.jpg?resize=300%2C197\" alt=\"Claudio Aguirre, director y fundador del grupo de senderismo \u2018Cumbre nueva\u2019.\" width=\"300\" height=\"197\" srcset=\"https:\/\/i0.wp.com\/eltrabajo.cl\/portal\/wp-content\/uploads\/2016\/01\/FOTO-2-CLAUDIO-AGUIRRE.jpg?resize=300%2C197&amp;ssl=1 300w, https:\/\/i0.wp.com\/eltrabajo.cl\/portal\/wp-content\/uploads\/2016\/01\/FOTO-2-CLAUDIO-AGUIRRE.jpg?resize=200%2C131&amp;ssl=1 200w, https:\/\/i0.wp.com\/eltrabajo.cl\/portal\/wp-content\/uploads\/2016\/01\/FOTO-2-CLAUDIO-AGUIRRE.jpg?resize=228%2C150&amp;ssl=1 228w, https:\/\/i0.wp.com\/eltrabajo.cl\/portal\/wp-content\/uploads\/2016\/01\/FOTO-2-CLAUDIO-AGUIRRE.jpg?resize=400%2C263&amp;ssl=1 400w, https:\/\/i0.wp.com\/eltrabajo.cl\/portal\/wp-content\/uploads\/2016\/01\/FOTO-2-CLAUDIO-AGUIRRE.jpg?w=530&amp;ssl=1 530w\" sizes=\"auto, (max-width: 300px) 100vw, 300px\" \/><figcaption id=\"caption-attachment-65462\" class=\"wp-caption-text\">Claudio Aguirre, director y fundador del grupo de senderismo \u2018Cumbre nueva\u2019.<\/figcaption><\/figure>\n<p>Junto con esto, el pr\u00f3ximo martes 12, se realizar\u00e1 un senderismo destinado a j\u00f3venes y adultos sordos, quienes van a estar acompa\u00f1ados tanto de especialistas en la disciplina, como tambi\u00e9n de profesores de se\u00f1as que van a estar guiando el tour.<br \/>\nFinalmente el viernes 15 de enero se desarrollar\u00e1 la actividad \u2018senderismo estrellado\u2019, a trav\u00e9s del tour operador local Cumbre Nueva, el cual recorrer\u00e1 distintos parajes de San Felipe y que, seg\u00fan relat\u00f3 su director y fundador Claudio Aguirre, pretende promocionar y reforzar todos los atributos naturales nocturnos de la zona.<br \/>\n\u201cEsta es una visita guiada que nos permite conocer la diversidad nocturna de nuestro Valle y en este caso se realizar\u00e1 en un sendero guiado por nosotros y con gente especialista en el tema de las estrellas y en esta primera instancia la desarrollaremos en el sector de las mesetas en San Mar\u00eda\u201d, afirm\u00f3 Aguirre.<br \/>\nCabe destacar que la participaci\u00f3n en este tipo de actividades es totalmente gratuita y los interesados deben inscribirse al correo turismo@sanfe o al fono 2516139.<\/p>\n","protected":false},"excerpt":{"rendered":"<p>Manuel Z\u00fa\u00f1iga, coordinador de Patrimonio y Turismo de la Municipalidad de San Felipe, dio a conocer parte del calendario del Tour patrimonial que se har\u00e1 durante enero en distintos lugares de la&#8230;<\/p>\n","protected":false},"author":482,"featured_media":65461,"comment_status":"open","ping_status":"open","sticky":false,"template":"","format":"standard","meta":{"advanced_seo_description":"","jetpack_seo_html_title":"","jetpack_seo_noindex":false,"_jetpack_memberships_contains_paid_content":false,"footnotes":""},"categories":[15],"tags":[],"class_list":["post-65460","post","type-post","status-publish","format-standard","has-post-thumbnail","hentry","category-comunidad"],"jetpack_featured_media_url":"https:\/\/i0.wp.com\/eltrabajo.cl\/portal\/wp-content\/uploads\/2016\/01\/FOTO-1-MANUEL-ZUNIGA-Coordinador-de-Patrimonio-y-Turismo-de-la-Ilustre-Municipalidad-de-San-Felipe.jpg?fit=530%2C349&ssl=1","jetpack_sharing_enabled":true,"jetpack_likes_enabled":true,"jetpack-related-posts":[],"_links":{"self":[{"href":"https:\/\/eltrabajo.cl\/portal\/wp-json\/wp\/v2\/posts\/65460","targetHints":{"allow":["GET"]}}],"collection":[{"href":"https:\/\/eltrabajo.cl\/portal\/wp-json\/wp\/v2\/posts"}],"about":[{"href":"https:\/\/eltrabajo.cl\/portal\/wp-json\/wp\/v2\/types\/post"}],"author":[{"embeddable":true,"href":"https:\/\/eltrabajo.cl\/portal\/wp-json\/wp\/v2\/users\/482"}],"replies":[{"embeddable":true,"href":"https:\/\/eltrabajo.cl\/portal\/wp-json\/wp\/v2\/comments?post=65460"}],"version-history":[{"count":0,"href":"https:\/\/eltrabajo.cl\/portal\/wp-json\/wp\/v2\/posts\/65460\/revisions"}],"wp:featuredmedia":[{"embeddable":true,"href":"https:\/\/eltrabajo.cl\/portal\/wp-json\/wp\/v2\/media\/65461"}],"wp:attachment":[{"href":"https:\/\/eltrabajo.cl\/portal\/wp-json\/wp\/v2\/media?parent=65460"}],"wp:term":[{"taxonomy":"category","embeddable":true,"href":"https:\/\/eltrabajo.cl\/portal\/wp-json\/wp\/v2\/categories?post=65460"},{"taxonomy":"post_tag","embeddable":true,"href":"https:\/\/eltrabajo.cl\/portal\/wp-json\/wp\/v2\/tags?post=65460"}],"curies":[{"name":"wp","href":"https:\/\/api.w.org\/{rel}","templated":true}]}}