{"id":65464,"date":"2016-01-05T14:49:53","date_gmt":"2016-01-05T17:49:53","guid":{"rendered":"http:\/\/www.eltrabajo.cl\/portal\/?p=65464"},"modified":"2016-01-05T14:49:53","modified_gmt":"2016-01-05T17:49:53","slug":"verano-entretenido-dio-el-vamos-a-su-temporada-2016-con-cerca-de-200-participantes","status":"publish","type":"post","link":"https:\/\/eltrabajo.cl\/portal\/verano-entretenido-dio-el-vamos-a-su-temporada-2016-con-cerca-de-200-participantes\/","title":{"rendered":"\u2018Verano entretenido\u2019 dio el vamos a su temporada 2016 con cerca de 200 participantes"},"content":{"rendered":"<figure id=\"attachment_65465\" aria-describedby=\"caption-attachment-65465\" style=\"width: 300px\" class=\"wp-caption alignleft\"><img data-recalc-dims=\"1\" loading=\"lazy\" decoding=\"async\" class=\"wp-image-65465 size-medium\" src=\"https:\/\/i0.wp.com\/www.eltrabajo.cl\/portal\/wp-content\/uploads\/2016\/01\/FOTO-3-AYER-SE-DIO-INICIO-TAMBIEN-A-LAS-CLASES-DE-NATACION-300x198.jpg?resize=300%2C198\" alt=\"Ayer se dio inicio tambi\u00e9n a las clases de nataci\u00f3n con una jornada de diagn\u00f3stico en la cual los profesores determinan las categor\u00edas para cada participante.\" width=\"300\" height=\"198\" srcset=\"https:\/\/i0.wp.com\/eltrabajo.cl\/portal\/wp-content\/uploads\/2016\/01\/FOTO-3-AYER-SE-DIO-INICIO-TAMBIEN-A-LAS-CLASES-DE-NATACION.jpg?resize=300%2C198&amp;ssl=1 300w, https:\/\/i0.wp.com\/eltrabajo.cl\/portal\/wp-content\/uploads\/2016\/01\/FOTO-3-AYER-SE-DIO-INICIO-TAMBIEN-A-LAS-CLASES-DE-NATACION.jpg?resize=200%2C132&amp;ssl=1 200w, https:\/\/i0.wp.com\/eltrabajo.cl\/portal\/wp-content\/uploads\/2016\/01\/FOTO-3-AYER-SE-DIO-INICIO-TAMBIEN-A-LAS-CLASES-DE-NATACION.jpg?resize=227%2C150&amp;ssl=1 227w, https:\/\/i0.wp.com\/eltrabajo.cl\/portal\/wp-content\/uploads\/2016\/01\/FOTO-3-AYER-SE-DIO-INICIO-TAMBIEN-A-LAS-CLASES-DE-NATACION.jpg?resize=400%2C264&amp;ssl=1 400w, https:\/\/i0.wp.com\/eltrabajo.cl\/portal\/wp-content\/uploads\/2016\/01\/FOTO-3-AYER-SE-DIO-INICIO-TAMBIEN-A-LAS-CLASES-DE-NATACION.jpg?w=530&amp;ssl=1 530w\" sizes=\"auto, (max-width: 300px) 100vw, 300px\" \/><figcaption id=\"caption-attachment-65465\" class=\"wp-caption-text\">Ayer se dio inicio tambi\u00e9n a las clases de nataci\u00f3n con una jornada de diagn\u00f3stico en la cual los profesores determinan las categor\u00edas para cada participante.<\/figcaption><\/figure>\n<ul>\n<li><strong>F\u00fatbol, b\u00e1squetbol, v\u00f3leibol y tenis son algunos de los talleres que se imparten de forma gratuita para los ni\u00f1os y adolescentes de la comuna mientras que, para la comunidad en general estar\u00e1n a disposici\u00f3n las clases de Aquaaerobic.<\/strong><\/li>\n<\/ul>\n<p>Alrededor de 200 ni\u00f1os y adolescentes participaron en la jornada inaugural del programa \u2018Un Verano Entretenido\u2019 que ejecuta el Departamento de Deportes de la Municipalidad de San Felipe, el cual convoca a infantes y j\u00f3venes de todos los sectores de la comuna y que se desarrolla casi de forma \u00edntegra en las dependencias del Estadio Fiscal.<br \/>\nLas actividades deportivas y recreativas que se implementan en este programa son de car\u00e1cter gratuito y cuentan con la supervisi\u00f3n de un equipo de profesores de Educaci\u00f3n F\u00edsica, encargados de ejecutar las disciplinas de f\u00fatbol, v\u00f3leibol, b\u00e1squetbol y nataci\u00f3n.<br \/>\nDanilo Pe\u00f1a, encargado del Departamento de Deportes del municipio sanfelipe\u00f1o valor\u00f3 el hecho de que este tipo de instancias le den una alternativa de recreaci\u00f3n a los ni\u00f1os sanfelipe\u00f1os y junto con esto destac\u00f3 que se hayan abiertos otros espacios adem\u00e1s del Estadio Fiscal, detallando que \u201clos martes y jueves se van a desarrollar clases de tenis completamente gratuitas en el Club de Tenis ubicado en la esquina de Yungay con Chacabuco, de lunes a jueves vamos a tener f\u00fatbol en Curim\u00f3n, de 18 a 20 horas y tambi\u00e9n en la Troya los martes y jueves y finalmente estamos con un centro en Bucalemu, con un polideportivo en la escuela de ese sector, as\u00ed que estamos felices con las actividades que estamos inaugurando el d\u00eda de hoy\u201d, expuso.<br \/>\nRespecto a cu\u00e1l es la edad con que pueden empezar a participar en estos talleres los ni\u00f1os sanfelipe\u00f1os, Pe\u00f1a asegur\u00f3 que \u201csi bien nosotros planteamos que sea desde los 6 a\u00f1os en adelante, la verdad es que la independencia que desarrolle cada uno es fundamental para que puedan participar de estas actividades, hay chicos que a veces con 5 a\u00f1os ya no presentan ninguna dificultad para formar parte de estos talleres, as\u00ed que pueden hacerlo sin problema\u201d, puntualiz\u00f3.<br \/>\nPor \u00faltimo, Pe\u00f1a invit\u00f3 a los mayores de 18 a\u00f1os a participar de las clases de \u2018aquaaerobic\u2019 que se van a desarrollar los d\u00edas martes y jueves a partir de las 18.30 horas en la piscina temperada del Estadio Fiscal, recordando adem\u00e1s, que las inscripciones para cada uno de los talleres se realizan en el mismo lugar donde se ejecuta cada uno de estos.<br \/>\nPara el alcalde de San Felipe, Patricio Freire, resulta muy satisfactorio ver la tremenda convocatoria que tuvo esta primera jornada de talleres y manifest\u00f3 que \u201ces muy importante que los ni\u00f1os en verano puedan seguir llevando una vida sana, cercana al deporte y ac\u00e1 pueden elegir a su gusto la disciplina deportiva que quieren aprender y desarrollar, as\u00ed que la invitaci\u00f3n es para que los ni\u00f1os se inscriban porque todav\u00eda est\u00e1n a tiempo\u201d, relat\u00f3 el edil.<br \/>\nEs importante consignar, que todas las disciplinas que se desarrollan en el Estadio Fiscal dentro del programa \u2018Un Verano Entretenido\u2019, es decir, f\u00fatbol, b\u00e1squetbol y v\u00f3leibol, son gratuitas y los ni\u00f1os y adolescentes que participan van rotando por horarios en cada una de ellas, para terminar a partir de las 12 horas con actividades recreativas en la piscina antigua de este recinto deportivo.<br \/>\nParalelamente, y a diferencia de las actividades mencionadas anteriormente, las clases de nataci\u00f3n en la Piscina del Fiscal, s\u00ed tienen un costo para los participantes. El valor es de 12 mil pesos las 10 clases, las cuales se ejecutan entre las 9 y 12 horas, dependiendo de la categor\u00eda en que sea encasillado cada ni\u00f1o o adolescente y tras una evaluaci\u00f3n inicial en la que se eval\u00faan las capacidades de cada uno.<\/p>\n<div class=\"tiled-gallery type-rectangular tiled-gallery-unresized\" data-original-width=\"640\" data-carousel-extra='null' itemscope itemtype=\"http:\/\/schema.org\/ImageGallery\" > <div class=\"gallery-row\" style=\"width: 640px; height: 282px;\" data-original-width=\"640\" data-original-height=\"282\" > <div class=\"gallery-group images-1\" style=\"width: 428px; height: 282px;\" data-original-width=\"428\" data-original-height=\"282\" > <div class=\"tiled-gallery-item tiled-gallery-item-large\" itemprop=\"associatedMedia\" itemscope itemtype=\"http:\/\/schema.org\/ImageObject\"> <a href=\"https:\/\/eltrabajo.cl\/portal\/verano-entretenido-dio-el-vamos-a-su-temporada-2016-con-cerca-de-200-participantes\/foto-1-danilo-pena\/\" border=\"0\" itemprop=\"url\"> <meta itemprop=\"width\" content=\"424\"> <meta itemprop=\"height\" content=\"278\"> <img decoding=\"async\" class=\"\" data-attachment-id=\"65466\" data-orig-file=\"https:\/\/eltrabajo.cl\/portal\/wp-content\/uploads\/2016\/01\/FOTO-1-DANILO-PENA.jpg\" data-orig-size=\"530,348\" data-comments-opened=\"1\" data-image-meta=\"{&quot;aperture&quot;:&quot;0&quot;,&quot;credit&quot;:&quot;&quot;,&quot;camera&quot;:&quot;&quot;,&quot;caption&quot;:&quot;&quot;,&quot;created_timestamp&quot;:&quot;0&quot;,&quot;copyright&quot;:&quot;Copyright 2012&quot;,&quot;focal_length&quot;:&quot;0&quot;,&quot;iso&quot;:&quot;0&quot;,&quot;shutter_speed&quot;:&quot;0&quot;,&quot;title&quot;:&quot;&quot;,&quot;orientation&quot;:&quot;0&quot;}\" data-image-title=\"FOTO 1 DANILO PENA\" data-image-description=\"&lt;p&gt;Danilo Pe\u00f1a, encargado del Departamento de Deportes de la Municipalidad de San Felipe.&lt;\/p&gt; \" data-medium-file=\"https:\/\/i0.wp.com\/eltrabajo.cl\/portal\/wp-content\/uploads\/2016\/01\/FOTO-1-DANILO-PENA.jpg?fit=300%2C197&#038;ssl=1\" data-large-file=\"https:\/\/i0.wp.com\/eltrabajo.cl\/portal\/wp-content\/uploads\/2016\/01\/FOTO-1-DANILO-PENA.jpg?fit=530%2C348&#038;ssl=1\" src=\"https:\/\/i0.wp.com\/eltrabajo.cl\/portal\/wp-content\/uploads\/2016\/01\/FOTO-1-DANILO-PENA.jpg?w=424&#038;h=278&#038;ssl=1\" srcset=\"https:\/\/i0.wp.com\/eltrabajo.cl\/portal\/wp-content\/uploads\/2016\/01\/FOTO-1-DANILO-PENA.jpg?w=530&amp;ssl=1 530w, https:\/\/i0.wp.com\/eltrabajo.cl\/portal\/wp-content\/uploads\/2016\/01\/FOTO-1-DANILO-PENA.jpg?resize=200%2C131&amp;ssl=1 200w, https:\/\/i0.wp.com\/eltrabajo.cl\/portal\/wp-content\/uploads\/2016\/01\/FOTO-1-DANILO-PENA.jpg?resize=300%2C197&amp;ssl=1 300w, https:\/\/i0.wp.com\/eltrabajo.cl\/portal\/wp-content\/uploads\/2016\/01\/FOTO-1-DANILO-PENA.jpg?resize=228%2C150&amp;ssl=1 228w, https:\/\/i0.wp.com\/eltrabajo.cl\/portal\/wp-content\/uploads\/2016\/01\/FOTO-1-DANILO-PENA.jpg?resize=400%2C263&amp;ssl=1 400w\" width=\"424\" height=\"278\" loading=\"lazy\" data-original-width=\"424\" data-original-height=\"278\" itemprop=\"http:\/\/schema.org\/image\" title=\"FOTO 1 DANILO PENA\" alt=\"Danilo Pe\u00f1a, encargado del Departamento de Deportes de la Municipalidad de San Felipe.\" style=\"width: 424px; height: 278px;\" \/> <\/a> <div class=\"tiled-gallery-caption\" itemprop=\"caption description\"> Danilo Pe\u00f1a, encargado del Departamento de Deportes de la Municipalidad de San Felipe. <\/div> <\/div> <\/div> <!-- close group --> <div class=\"gallery-group images-2\" style=\"width: 212px; height: 282px;\" data-original-width=\"212\" data-original-height=\"282\" > <div class=\"tiled-gallery-item tiled-gallery-item-small\" itemprop=\"associatedMedia\" itemscope itemtype=\"http:\/\/schema.org\/ImageObject\"> <a href=\"https:\/\/eltrabajo.cl\/portal\/verano-entretenido-dio-el-vamos-a-su-temporada-2016-con-cerca-de-200-participantes\/foto-2-alcalde-patricio-freire-se-reune-con-los-muchachos-que-participaron-de-la-primera-jornada-de-los-talleres-de-futbol-basquetbol-y-voleibol-en-el-estadio-fiscal\/\" border=\"0\" itemprop=\"url\"> <meta itemprop=\"width\" content=\"208\"> <meta itemprop=\"height\" content=\"137\"> <img decoding=\"async\" class=\"\" data-attachment-id=\"65468\" data-orig-file=\"https:\/\/eltrabajo.cl\/portal\/wp-content\/uploads\/2016\/01\/FOTO-2-ALCALDE-PATRICIO-FREIRE-SE-REUNE-CON-LOS-MUCHACHOS-QUE-PARTICIPARON-DE-LA-PRIMERA-JORNADA-DE-LOS-TALLERES-DE-FUTBOL-BASQUETBOL-Y-VOLEIBOL-EN-EL-ESTADIO-FISCAL.jpg\" data-orig-size=\"530,349\" data-comments-opened=\"1\" data-image-meta=\"{&quot;aperture&quot;:&quot;0&quot;,&quot;credit&quot;:&quot;&quot;,&quot;camera&quot;:&quot;&quot;,&quot;caption&quot;:&quot;&quot;,&quot;created_timestamp&quot;:&quot;0&quot;,&quot;copyright&quot;:&quot;Copyright 2012&quot;,&quot;focal_length&quot;:&quot;0&quot;,&quot;iso&quot;:&quot;0&quot;,&quot;shutter_speed&quot;:&quot;0&quot;,&quot;title&quot;:&quot;&quot;,&quot;orientation&quot;:&quot;0&quot;}\" data-image-title=\"FOTO 2 ALCALDE PATRICIO FREIRE SE REUNE CON LOS MUCHACHOS QUE PARTICIPARON DE LA PRIMERA JORNADA DE LOS TALLERES DE FUTBOL BASQUETBOL Y VOLEIBOL EN EL ESTADIO FISCAL\" data-image-description=\"&lt;p&gt;Alcalde Patricio Freire se re\u00fane con los muchachos que participaron de la primera jornada de los talleres de f\u00fatbol, b\u00e1squetbol y v\u00f3leibol en el Estadio Fiscal.&lt;\/p&gt; \" data-medium-file=\"https:\/\/i0.wp.com\/eltrabajo.cl\/portal\/wp-content\/uploads\/2016\/01\/FOTO-2-ALCALDE-PATRICIO-FREIRE-SE-REUNE-CON-LOS-MUCHACHOS-QUE-PARTICIPARON-DE-LA-PRIMERA-JORNADA-DE-LOS-TALLERES-DE-FUTBOL-BASQUETBOL-Y-VOLEIBOL-EN-EL-ESTADIO-FISCAL.jpg?fit=300%2C198&#038;ssl=1\" data-large-file=\"https:\/\/i0.wp.com\/eltrabajo.cl\/portal\/wp-content\/uploads\/2016\/01\/FOTO-2-ALCALDE-PATRICIO-FREIRE-SE-REUNE-CON-LOS-MUCHACHOS-QUE-PARTICIPARON-DE-LA-PRIMERA-JORNADA-DE-LOS-TALLERES-DE-FUTBOL-BASQUETBOL-Y-VOLEIBOL-EN-EL-ESTADIO-FISCAL.jpg?fit=530%2C349&#038;ssl=1\" src=\"https:\/\/i0.wp.com\/eltrabajo.cl\/portal\/wp-content\/uploads\/2016\/01\/FOTO-2-ALCALDE-PATRICIO-FREIRE-SE-REUNE-CON-LOS-MUCHACHOS-QUE-PARTICIPARON-DE-LA-PRIMERA-JORNADA-DE-LOS-TALLERES-DE-FUTBOL-BASQUETBOL-Y-VOLEIBOL-EN-EL-ESTADIO-FISCAL.jpg?w=208&#038;h=137&#038;ssl=1\" srcset=\"https:\/\/i0.wp.com\/eltrabajo.cl\/portal\/wp-content\/uploads\/2016\/01\/FOTO-2-ALCALDE-PATRICIO-FREIRE-SE-REUNE-CON-LOS-MUCHACHOS-QUE-PARTICIPARON-DE-LA-PRIMERA-JORNADA-DE-LOS-TALLERES-DE-FUTBOL-BASQUETBOL-Y-VOLEIBOL-EN-EL-ESTADIO-FISCAL.jpg?w=530&amp;ssl=1 530w, https:\/\/i0.wp.com\/eltrabajo.cl\/portal\/wp-content\/uploads\/2016\/01\/FOTO-2-ALCALDE-PATRICIO-FREIRE-SE-REUNE-CON-LOS-MUCHACHOS-QUE-PARTICIPARON-DE-LA-PRIMERA-JORNADA-DE-LOS-TALLERES-DE-FUTBOL-BASQUETBOL-Y-VOLEIBOL-EN-EL-ESTADIO-FISCAL.jpg?resize=200%2C132&amp;ssl=1 200w, https:\/\/i0.wp.com\/eltrabajo.cl\/portal\/wp-content\/uploads\/2016\/01\/FOTO-2-ALCALDE-PATRICIO-FREIRE-SE-REUNE-CON-LOS-MUCHACHOS-QUE-PARTICIPARON-DE-LA-PRIMERA-JORNADA-DE-LOS-TALLERES-DE-FUTBOL-BASQUETBOL-Y-VOLEIBOL-EN-EL-ESTADIO-FISCAL.jpg?resize=300%2C198&amp;ssl=1 300w, https:\/\/i0.wp.com\/eltrabajo.cl\/portal\/wp-content\/uploads\/2016\/01\/FOTO-2-ALCALDE-PATRICIO-FREIRE-SE-REUNE-CON-LOS-MUCHACHOS-QUE-PARTICIPARON-DE-LA-PRIMERA-JORNADA-DE-LOS-TALLERES-DE-FUTBOL-BASQUETBOL-Y-VOLEIBOL-EN-EL-ESTADIO-FISCAL.jpg?resize=228%2C150&amp;ssl=1 228w, https:\/\/i0.wp.com\/eltrabajo.cl\/portal\/wp-content\/uploads\/2016\/01\/FOTO-2-ALCALDE-PATRICIO-FREIRE-SE-REUNE-CON-LOS-MUCHACHOS-QUE-PARTICIPARON-DE-LA-PRIMERA-JORNADA-DE-LOS-TALLERES-DE-FUTBOL-BASQUETBOL-Y-VOLEIBOL-EN-EL-ESTADIO-FISCAL.jpg?resize=400%2C263&amp;ssl=1 400w\" width=\"208\" height=\"137\" loading=\"lazy\" data-original-width=\"208\" data-original-height=\"137\" itemprop=\"http:\/\/schema.org\/image\" title=\"FOTO 2 ALCALDE PATRICIO FREIRE SE REUNE CON LOS MUCHACHOS QUE PARTICIPARON DE LA PRIMERA JORNADA DE LOS TALLERES DE FUTBOL BASQUETBOL Y VOLEIBOL EN EL ESTADIO FISCAL\" alt=\"Alcalde Patricio Freire se re\u00fane con los muchachos que participaron de la primera jornada de los talleres de f\u00fatbol, b\u00e1squetbol y v\u00f3leibol en el Estadio Fiscal.\" style=\"width: 208px; height: 137px;\" \/> <\/a> <div class=\"tiled-gallery-caption\" itemprop=\"caption description\"> Alcalde Patricio Freire se re\u00fane con los muchachos que participaron de la primera jornada de los talleres de f\u00fatbol, b\u00e1squetbol y v\u00f3leibol en el Estadio Fiscal. <\/div> <\/div> <div class=\"tiled-gallery-item tiled-gallery-item-small\" itemprop=\"associatedMedia\" itemscope itemtype=\"http:\/\/schema.org\/ImageObject\"> <a href=\"https:\/\/eltrabajo.cl\/portal\/verano-entretenido-dio-el-vamos-a-su-temporada-2016-con-cerca-de-200-participantes\/foto-4-diariamente-luego\/\" border=\"0\" itemprop=\"url\"> <meta itemprop=\"width\" content=\"208\"> <meta itemprop=\"height\" content=\"137\"> <img decoding=\"async\" class=\"\" data-attachment-id=\"65469\" data-orig-file=\"https:\/\/eltrabajo.cl\/portal\/wp-content\/uploads\/2016\/01\/FOTO-4-DIARIAMENTE-LUEGO.jpg\" data-orig-size=\"530,350\" data-comments-opened=\"1\" data-image-meta=\"{&quot;aperture&quot;:&quot;0&quot;,&quot;credit&quot;:&quot;&quot;,&quot;camera&quot;:&quot;&quot;,&quot;caption&quot;:&quot;&quot;,&quot;created_timestamp&quot;:&quot;0&quot;,&quot;copyright&quot;:&quot;Copyright 2012&quot;,&quot;focal_length&quot;:&quot;0&quot;,&quot;iso&quot;:&quot;0&quot;,&quot;shutter_speed&quot;:&quot;0&quot;,&quot;title&quot;:&quot;&quot;,&quot;orientation&quot;:&quot;0&quot;}\" data-image-title=\"FOTO 4 DIARIAMENTE LUEGO\" data-image-description=\"&lt;p&gt;Diariamente, luego de rotar en cada una de las disciplinas, los ni\u00f1os y adolescentes tendr\u00e1n la posibilidad de recrearse en la antigua piscina del fiscal a partir de las 12 horas.&lt;\/p&gt; \" data-medium-file=\"https:\/\/i0.wp.com\/eltrabajo.cl\/portal\/wp-content\/uploads\/2016\/01\/FOTO-4-DIARIAMENTE-LUEGO.jpg?fit=300%2C198&#038;ssl=1\" data-large-file=\"https:\/\/i0.wp.com\/eltrabajo.cl\/portal\/wp-content\/uploads\/2016\/01\/FOTO-4-DIARIAMENTE-LUEGO.jpg?fit=530%2C350&#038;ssl=1\" src=\"https:\/\/i0.wp.com\/eltrabajo.cl\/portal\/wp-content\/uploads\/2016\/01\/FOTO-4-DIARIAMENTE-LUEGO.jpg?w=208&#038;h=137&#038;ssl=1\" srcset=\"https:\/\/i0.wp.com\/eltrabajo.cl\/portal\/wp-content\/uploads\/2016\/01\/FOTO-4-DIARIAMENTE-LUEGO.jpg?w=530&amp;ssl=1 530w, https:\/\/i0.wp.com\/eltrabajo.cl\/portal\/wp-content\/uploads\/2016\/01\/FOTO-4-DIARIAMENTE-LUEGO.jpg?resize=200%2C132&amp;ssl=1 200w, https:\/\/i0.wp.com\/eltrabajo.cl\/portal\/wp-content\/uploads\/2016\/01\/FOTO-4-DIARIAMENTE-LUEGO.jpg?resize=300%2C198&amp;ssl=1 300w, https:\/\/i0.wp.com\/eltrabajo.cl\/portal\/wp-content\/uploads\/2016\/01\/FOTO-4-DIARIAMENTE-LUEGO.jpg?resize=227%2C150&amp;ssl=1 227w, https:\/\/i0.wp.com\/eltrabajo.cl\/portal\/wp-content\/uploads\/2016\/01\/FOTO-4-DIARIAMENTE-LUEGO.jpg?resize=400%2C264&amp;ssl=1 400w\" width=\"208\" height=\"137\" loading=\"lazy\" data-original-width=\"208\" data-original-height=\"137\" itemprop=\"http:\/\/schema.org\/image\" title=\"FOTO 4 DIARIAMENTE LUEGO\" alt=\"Diariamente, luego de rotar en cada una de las disciplinas, los ni\u00f1os y adolescentes tendr\u00e1n la posibilidad de recrearse en la antigua piscina del fiscal a partir de las 12 horas.\" style=\"width: 208px; height: 137px;\" \/> <\/a> <div class=\"tiled-gallery-caption\" itemprop=\"caption description\"> Diariamente, luego de rotar en cada una de las disciplinas, los ni\u00f1os y adolescentes tendr\u00e1n la posibilidad de recrearse en la antigua piscina del fiscal a partir de las 12 horas. <\/div> <\/div> <\/div> <!-- close group --> <\/div> <!-- close row --> <\/div>\n","protected":false},"excerpt":{"rendered":"<p>F\u00fatbol, b\u00e1squetbol, v\u00f3leibol y tenis son algunos de los talleres que se imparten de forma gratuita para los ni\u00f1os y adolescentes de la comuna mientras que, para la comunidad en general estar\u00e1n&#8230;<\/p>\n","protected":false},"author":482,"featured_media":65465,"comment_status":"open","ping_status":"open","sticky":false,"template":"","format":"standard","meta":{"advanced_seo_description":"","jetpack_seo_html_title":"","jetpack_seo_noindex":false,"_jetpack_memberships_contains_paid_content":false,"footnotes":""},"categories":[15],"tags":[],"class_list":["post-65464","post","type-post","status-publish","format-standard","has-post-thumbnail","hentry","category-comunidad"],"jetpack_featured_media_url":"https:\/\/i0.wp.com\/eltrabajo.cl\/portal\/wp-content\/uploads\/2016\/01\/FOTO-3-AYER-SE-DIO-INICIO-TAMBIEN-A-LAS-CLASES-DE-NATACION.jpg?fit=530%2C350&ssl=1","jetpack_sharing_enabled":true,"jetpack_likes_enabled":true,"jetpack-related-posts":[],"_links":{"self":[{"href":"https:\/\/eltrabajo.cl\/portal\/wp-json\/wp\/v2\/posts\/65464","targetHints":{"allow":["GET"]}}],"collection":[{"href":"https:\/\/eltrabajo.cl\/portal\/wp-json\/wp\/v2\/posts"}],"about":[{"href":"https:\/\/eltrabajo.cl\/portal\/wp-json\/wp\/v2\/types\/post"}],"author":[{"embeddable":true,"href":"https:\/\/eltrabajo.cl\/portal\/wp-json\/wp\/v2\/users\/482"}],"replies":[{"embeddable":true,"href":"https:\/\/eltrabajo.cl\/portal\/wp-json\/wp\/v2\/comments?post=65464"}],"version-history":[{"count":0,"href":"https:\/\/eltrabajo.cl\/portal\/wp-json\/wp\/v2\/posts\/65464\/revisions"}],"wp:featuredmedia":[{"embeddable":true,"href":"https:\/\/eltrabajo.cl\/portal\/wp-json\/wp\/v2\/media\/65465"}],"wp:attachment":[{"href":"https:\/\/eltrabajo.cl\/portal\/wp-json\/wp\/v2\/media?parent=65464"}],"wp:term":[{"taxonomy":"category","embeddable":true,"href":"https:\/\/eltrabajo.cl\/portal\/wp-json\/wp\/v2\/categories?post=65464"},{"taxonomy":"post_tag","embeddable":true,"href":"https:\/\/eltrabajo.cl\/portal\/wp-json\/wp\/v2\/tags?post=65464"}],"curies":[{"name":"wp","href":"https:\/\/api.w.org\/{rel}","templated":true}]}}