{"id":65471,"date":"2016-01-05T14:53:09","date_gmt":"2016-01-05T17:53:09","guid":{"rendered":"http:\/\/www.eltrabajo.cl\/portal\/?p=65471"},"modified":"2016-01-05T14:53:09","modified_gmt":"2016-01-05T17:53:09","slug":"cuerpo-de-bomberos-de-san-felipe-y-panquehue-pretende-abandonar-situacion-de-limosna","status":"publish","type":"post","link":"https:\/\/eltrabajo.cl\/portal\/cuerpo-de-bomberos-de-san-felipe-y-panquehue-pretende-abandonar-situacion-de-limosna\/","title":{"rendered":"Cuerpo de Bomberos de San Felipe y Panquehue pretende abandonar situaci\u00f3n de limosna"},"content":{"rendered":"<figure id=\"attachment_65473\" aria-describedby=\"caption-attachment-65473\" style=\"width: 300px\" class=\"wp-caption alignleft\"><img data-recalc-dims=\"1\" loading=\"lazy\" decoding=\"async\" class=\"wp-image-65473 size-medium\" src=\"https:\/\/i0.wp.com\/www.eltrabajo.cl\/portal\/wp-content\/uploads\/2016\/01\/FOTO-3-LAS-5-COMPANIAS-DE-SAN-FELIPE-MAS-LA-SEXTA-PERTENECIENTE-A-LA-COMUNA-DE-PANQUEHUE-INICIARON-CAMPANA-QUE-PRETENDE-ERRADICAR-LA-LIMOSNA-QUE-REALIZAN-LOS-VOLUNTARIOS-300x198.jpg?resize=300%2C198\" alt=\"Las 5 compa\u00f1\u00edas de San Felipe m\u00e1s la sexta perteneciente a la comuna de Panquehue, iniciaron campa\u00f1a que pretende erradicar la limosna que realizan los voluntarios.\" width=\"300\" height=\"198\" srcset=\"https:\/\/i0.wp.com\/eltrabajo.cl\/portal\/wp-content\/uploads\/2016\/01\/FOTO-3-LAS-5-COMPANIAS-DE-SAN-FELIPE-MAS-LA-SEXTA-PERTENECIENTE-A-LA-COMUNA-DE-PANQUEHUE-INICIARON-CAMPANA-QUE-PRETENDE-ERRADICAR-LA-LIMOSNA-QUE-REALIZAN-LOS-VOLUNTARIOS.jpg?resize=300%2C198&amp;ssl=1 300w, https:\/\/i0.wp.com\/eltrabajo.cl\/portal\/wp-content\/uploads\/2016\/01\/FOTO-3-LAS-5-COMPANIAS-DE-SAN-FELIPE-MAS-LA-SEXTA-PERTENECIENTE-A-LA-COMUNA-DE-PANQUEHUE-INICIARON-CAMPANA-QUE-PRETENDE-ERRADICAR-LA-LIMOSNA-QUE-REALIZAN-LOS-VOLUNTARIOS.jpg?resize=200%2C132&amp;ssl=1 200w, https:\/\/i0.wp.com\/eltrabajo.cl\/portal\/wp-content\/uploads\/2016\/01\/FOTO-3-LAS-5-COMPANIAS-DE-SAN-FELIPE-MAS-LA-SEXTA-PERTENECIENTE-A-LA-COMUNA-DE-PANQUEHUE-INICIARON-CAMPANA-QUE-PRETENDE-ERRADICAR-LA-LIMOSNA-QUE-REALIZAN-LOS-VOLUNTARIOS.jpg?resize=227%2C150&amp;ssl=1 227w, https:\/\/i0.wp.com\/eltrabajo.cl\/portal\/wp-content\/uploads\/2016\/01\/FOTO-3-LAS-5-COMPANIAS-DE-SAN-FELIPE-MAS-LA-SEXTA-PERTENECIENTE-A-LA-COMUNA-DE-PANQUEHUE-INICIARON-CAMPANA-QUE-PRETENDE-ERRADICAR-LA-LIMOSNA-QUE-REALIZAN-LOS-VOLUNTARIOS.jpg?resize=400%2C264&amp;ssl=1 400w, https:\/\/i0.wp.com\/eltrabajo.cl\/portal\/wp-content\/uploads\/2016\/01\/FOTO-3-LAS-5-COMPANIAS-DE-SAN-FELIPE-MAS-LA-SEXTA-PERTENECIENTE-A-LA-COMUNA-DE-PANQUEHUE-INICIARON-CAMPANA-QUE-PRETENDE-ERRADICAR-LA-LIMOSNA-QUE-REALIZAN-LOS-VOLUNTARIOS.jpg?w=530&amp;ssl=1 530w\" sizes=\"auto, (max-width: 300px) 100vw, 300px\" \/><figcaption id=\"caption-attachment-65473\" class=\"wp-caption-text\">Las 5 compa\u00f1\u00edas de San Felipe m\u00e1s la sexta perteneciente a la comuna de Panquehue, iniciaron campa\u00f1a que pretende erradicar la limosna que realizan los voluntarios.<\/figcaption><\/figure>\n<ul>\n<li><strong>La estrategia pretende sumar 3 mil 500 adhesiones que pueden ir desde los 2 mil hasta los 15 mil pesos mensuales, monto que se descontar\u00e1 directamente y de forma autom\u00e1tica de la cuenta elegida por el suscrito.<\/strong><\/li>\n<\/ul>\n<p>Con el objetivo de eliminar de forma paulatina la \u2018campa\u00f1a del tarro\u2019, las cinco compa\u00f1\u00edas del Cuerpo de Bomberos de San Felipe m\u00e1s la sexta unidad perteneciente a la comuna de Panquehue, iniciaron una operaci\u00f3n de recolecci\u00f3n masiva de socios, quienes a trav\u00e9s de sus tarjetas de cr\u00e9dito, d\u00e9bito o casas comerciales podr\u00e1n aportar los recursos necesarios para financiar de forma permanente y continua a la Instituci\u00f3n.<br \/>\nSeg\u00fan inform\u00f3 Julio Hardoy, superintendente de Bomberos, la idea final es que los voluntarios salgan de las calles y abandonen las campa\u00f1as de peajes y cruces, en donde actualmente el famoso \u2018tarrito\u2019 debe merodear 2 fines de semanas por mes con el fin de reunir los recursos para el normal funcionamiento de cada uno de los cuarteles de la jurisdicci\u00f3n.<br \/>\n\u201cA trav\u00e9s de distintos estudios de opini\u00f3n hemos corroborado que la campa\u00f1a del tarro es mal vista por la comunidad, tambi\u00e9n es muy desagradable para nuestro personal y creemos que una forma moderna de que la gente se pueda hacer part\u00edcipe del desarrollo institucional es a trav\u00e9s de esta campa\u00f1a que estamos comenzando\u201d, decret\u00f3 Hardoy.<br \/>\nEl superintendente declar\u00f3 adem\u00e1s que \u201csi queremos sacar a los bomberos de la limosna, con el riesgo que ello significa, desde el punto de vista delictual y de accidentes de tr\u00e1nsito, esta es la \u00fanica forma de otorgarle un poco de dignidad a nuestro Cuerpo de Bomberos\u201d, expres\u00f3.<br \/>\nLa f\u00f3rmula elegida para reclutar socios cooperadores, ser\u00e1 a trav\u00e9s de la firma de un mandato que portar\u00e1 voluntarios del Cuerpo de Bomberos de San Felipe durante los pr\u00f3ximos 60 d\u00edas en distintos puntos de las comunas de San Felipe y Panquehue. Este contrato indicar\u00e1 algunos datos personales del contribuyente y la informaci\u00f3n de la tarjeta de cr\u00e9dito o cuenta bancaria desde la cual se desea realizar el aporte.<br \/>\n\u201cNuestro personal va a estar donde haya afluencia de p\u00fablico, en la plaza de armas, en las ferias p\u00fablicas, afuera de los supermercados, va haber un carro nuestro con voluntarios debidamente identificados, se va a llenar este mandato, el cual, a trav\u00e9s de un sistema interno va a enviar la informaci\u00f3n a la entidad bancaria correspondiente\u201d, describi\u00f3 Hardoy.<br \/>\nLa donaci\u00f3n puede partir desde los 2 mil y hasta 15 mil pesos mensuales, que ser\u00e1n cargados a la cuenta de la entidad bancaria a la cual pertenezca el socio colaborador y seg\u00fan dijo Hardoy se espera llegar a las 3500 inscripciones, con lo cual se erradicar\u00eda de forma definitiva la presencia de Bomberos pidiendo plata en las calles.<br \/>\n\u201cLos recursos que se recauden van a ir en directo beneficio de las compa\u00f1\u00edas, de manera que el monto que se elija para colaborar va llegar al cuartel de su sector y una vez al a\u00f1o se va dar a conocer a trav\u00e9s de los medios de comunicaci\u00f3n, de nuestra p\u00e1gina institucional y se har\u00e1 llegar directamente a los correos que cada persona entregue en este mandato, la informaci\u00f3n contable de cu\u00e1nto se recaud\u00f3, en qu\u00e9 se gastaron los dineros y cu\u00e1les son las metas institucionales que tenemos dentro de los pr\u00f3ximos meses\u201d, detall\u00f3 el superintendente.<br \/>\nEn cuanto a la duraci\u00f3n de la campa\u00f1a, se se\u00f1al\u00f3 que \u00e9sta tiene un car\u00e1cter indefinido, aunque la recolecci\u00f3n de socios se extiende hasta el mes de marzo y seg\u00fan Hardoy \u201cen diciembre del pr\u00f3ximo a\u00f1o vamos a hacer una nueva campa\u00f1a para reafirmar, reconquistar y eventualmente recuperar lo que se presente en grado de deserci\u00f3n, ya sea porque se cerraron las cuentas o porque la persona se retir\u00f3, etc. la idea es que generemos un colch\u00f3n econ\u00f3mico que nos permita un financiamiento digno a la instituci\u00f3n\u201d, expres\u00f3.<br \/>\nEl capit\u00e1n de Bomberos de Panquehue Luis C\u00f3rdova, se\u00f1al\u00f3 que est\u00e1n muy esperanzados en conseguir una alta adhesi\u00f3n de la comunidad, afirmando que \u201ctodo el tiempo que nosotros destinamos a pedir dinero en la calle queremos ocuparlo en capacitarnos mejor\u201d, apunt\u00f3<br \/>\nRespecto de c\u00f3mo afecta esta situaci\u00f3n al ejercicio mismo de los voluntarios C\u00f3rdova agreg\u00f3 que \u201cen este tiempo de verano tenemos que estar 1 o 2 d\u00edas completos pidiendo ayuda econ\u00f3mica y cuando terminamos de hacerlo nos salen incendios forestales de grandes proporciones y debemos salir a combatirlos por lo que el desgaste del personal es a\u00fan mayor\u201d, adujo.<br \/>\nFinalmente C\u00f3rdova hizo el llamado a la comunidad a sumarse a esta iniciativa para resguardar el material valioso de Bomberos, que seg\u00fan dijo es el mismo personal.<br \/>\nEn tanto el alcalde de la comuna de Panquehue, Luis Pradenas junto con apoyar esta noble campa\u00f1a de bomberos, aprovech\u00f3 la instancia de hacer un llamado al resto de las autoridades, para que se sumen a esta actividad.<br \/>\n\u201cLa idea es sumar a la mayor cantidad de personas y por sobre todo que nuestras autoridades se hagan socios de esta noble causa, asimismo hacemos el llamado a los grandes empresarios como a la c\u00e1mara de comercio, pues en cualquier momento vamos a necesitar de la ayuda de bomberos. Esta campa\u00f1a lo que busca es sacar a los voluntarios de las esquinas pidiendo limosna, por lo tanto, creo que hacerse socio y hacer un aporte econ\u00f3mico de manera mensual y constante, ayudar\u00e1 mucho a esta instituci\u00f3n\u201d.<br \/>\nEl edil de la comuna de San Felipe, Patricio Freire, hizo un similar llamado, pues el servicio que hace bomberos en San Felipe y Panquehue, debe ser retribuido por estos aportes por parte de la comunidad y del mundo empresarial.<\/p>\n<div class=\"tiled-gallery type-rectangular tiled-gallery-unresized\" data-original-width=\"640\" data-carousel-extra='null' itemscope itemtype=\"http:\/\/schema.org\/ImageGallery\" > <div class=\"gallery-row\" style=\"width: 640px; height: 212px;\" data-original-width=\"640\" data-original-height=\"212\" > <div class=\"gallery-group images-1\" style=\"width: 321px; height: 212px;\" data-original-width=\"321\" data-original-height=\"212\" > <div class=\"tiled-gallery-item tiled-gallery-item-large\" itemprop=\"associatedMedia\" itemscope itemtype=\"http:\/\/schema.org\/ImageObject\"> <a href=\"https:\/\/eltrabajo.cl\/portal\/verano-entretenido-dio-el-vamos-a-su-temporada-2016-con-cerca-de-200-participantes\/foto-1-julio-hardoy-superintendente-del-cuerpo-de-bomberos-de-san-felipe\/\" border=\"0\" itemprop=\"url\"> <meta itemprop=\"width\" content=\"317\"> <meta itemprop=\"height\" content=\"208\"> <img decoding=\"async\" class=\"\" data-attachment-id=\"65467\" data-orig-file=\"https:\/\/eltrabajo.cl\/portal\/wp-content\/uploads\/2016\/01\/FOTO-1-JULIO-HARDOY-SUPERINTENDENTE-DEL-CUERPO-DE-BOMBEROS-DE-SAN-FELIPE.jpg\" data-orig-size=\"530,348\" data-comments-opened=\"1\" data-image-meta=\"{&quot;aperture&quot;:&quot;0&quot;,&quot;credit&quot;:&quot;&quot;,&quot;camera&quot;:&quot;&quot;,&quot;caption&quot;:&quot;&quot;,&quot;created_timestamp&quot;:&quot;0&quot;,&quot;copyright&quot;:&quot;Copyright 2012&quot;,&quot;focal_length&quot;:&quot;0&quot;,&quot;iso&quot;:&quot;0&quot;,&quot;shutter_speed&quot;:&quot;0&quot;,&quot;title&quot;:&quot;&quot;,&quot;orientation&quot;:&quot;0&quot;}\" data-image-title=\"FOTO 1 JULIO HARDOY SUPERINTENDENTE DEL CUERPO DE BOMBEROS DE SAN FELIPE\" data-image-description=\"&lt;p&gt;Julio Hardoy, Superintendente del Cuerpo de Bomberos de San Felipe.&lt;\/p&gt; \" data-medium-file=\"https:\/\/i0.wp.com\/eltrabajo.cl\/portal\/wp-content\/uploads\/2016\/01\/FOTO-1-JULIO-HARDOY-SUPERINTENDENTE-DEL-CUERPO-DE-BOMBEROS-DE-SAN-FELIPE.jpg?fit=300%2C197&#038;ssl=1\" data-large-file=\"https:\/\/i0.wp.com\/eltrabajo.cl\/portal\/wp-content\/uploads\/2016\/01\/FOTO-1-JULIO-HARDOY-SUPERINTENDENTE-DEL-CUERPO-DE-BOMBEROS-DE-SAN-FELIPE.jpg?fit=530%2C348&#038;ssl=1\" src=\"https:\/\/i0.wp.com\/eltrabajo.cl\/portal\/wp-content\/uploads\/2016\/01\/FOTO-1-JULIO-HARDOY-SUPERINTENDENTE-DEL-CUERPO-DE-BOMBEROS-DE-SAN-FELIPE.jpg?w=317&#038;h=208&#038;ssl=1\" srcset=\"https:\/\/i0.wp.com\/eltrabajo.cl\/portal\/wp-content\/uploads\/2016\/01\/FOTO-1-JULIO-HARDOY-SUPERINTENDENTE-DEL-CUERPO-DE-BOMBEROS-DE-SAN-FELIPE.jpg?w=530&amp;ssl=1 530w, https:\/\/i0.wp.com\/eltrabajo.cl\/portal\/wp-content\/uploads\/2016\/01\/FOTO-1-JULIO-HARDOY-SUPERINTENDENTE-DEL-CUERPO-DE-BOMBEROS-DE-SAN-FELIPE.jpg?resize=200%2C131&amp;ssl=1 200w, https:\/\/i0.wp.com\/eltrabajo.cl\/portal\/wp-content\/uploads\/2016\/01\/FOTO-1-JULIO-HARDOY-SUPERINTENDENTE-DEL-CUERPO-DE-BOMBEROS-DE-SAN-FELIPE.jpg?resize=300%2C197&amp;ssl=1 300w, https:\/\/i0.wp.com\/eltrabajo.cl\/portal\/wp-content\/uploads\/2016\/01\/FOTO-1-JULIO-HARDOY-SUPERINTENDENTE-DEL-CUERPO-DE-BOMBEROS-DE-SAN-FELIPE.jpg?resize=228%2C150&amp;ssl=1 228w, https:\/\/i0.wp.com\/eltrabajo.cl\/portal\/wp-content\/uploads\/2016\/01\/FOTO-1-JULIO-HARDOY-SUPERINTENDENTE-DEL-CUERPO-DE-BOMBEROS-DE-SAN-FELIPE.jpg?resize=400%2C263&amp;ssl=1 400w\" width=\"317\" height=\"208\" loading=\"lazy\" data-original-width=\"317\" data-original-height=\"208\" itemprop=\"http:\/\/schema.org\/image\" title=\"FOTO 1 JULIO HARDOY SUPERINTENDENTE DEL CUERPO DE BOMBEROS DE SAN FELIPE\" alt=\"Julio Hardoy, Superintendente del Cuerpo de Bomberos de San Felipe.\" style=\"width: 317px; height: 208px;\" \/> <\/a> <div class=\"tiled-gallery-caption\" itemprop=\"caption description\"> Julio Hardoy, Superintendente del Cuerpo de Bomberos de San Felipe. <\/div> <\/div> <\/div> <!-- close group --> <div class=\"gallery-group images-1\" style=\"width: 319px; height: 212px;\" data-original-width=\"319\" data-original-height=\"212\" > <div class=\"tiled-gallery-item tiled-gallery-item-large\" itemprop=\"associatedMedia\" itemscope itemtype=\"http:\/\/schema.org\/ImageObject\"> <a href=\"https:\/\/eltrabajo.cl\/portal\/cuerpo-de-bomberos-de-san-felipe-y-panquehue-pretende-abandonar-situacion-de-limosna\/foto-2-luis-cordova-capitan-de-la-sexta-compania-de-bomberos-de-panquehue\/\" border=\"0\" itemprop=\"url\"> <meta itemprop=\"width\" content=\"315\"> <meta itemprop=\"height\" content=\"208\"> <img decoding=\"async\" class=\"\" data-attachment-id=\"65472\" data-orig-file=\"https:\/\/eltrabajo.cl\/portal\/wp-content\/uploads\/2016\/01\/FOTO-2-LUIS-CORDOVA-CAPITAN-DE-LA-SEXTA-COMPANIA-DE-BOMBEROS-DE-PANQUEHUE.jpg\" data-orig-size=\"530,350\" data-comments-opened=\"1\" data-image-meta=\"{&quot;aperture&quot;:&quot;0&quot;,&quot;credit&quot;:&quot;&quot;,&quot;camera&quot;:&quot;&quot;,&quot;caption&quot;:&quot;&quot;,&quot;created_timestamp&quot;:&quot;0&quot;,&quot;copyright&quot;:&quot;Copyright 2012&quot;,&quot;focal_length&quot;:&quot;0&quot;,&quot;iso&quot;:&quot;0&quot;,&quot;shutter_speed&quot;:&quot;0&quot;,&quot;title&quot;:&quot;&quot;,&quot;orientation&quot;:&quot;0&quot;}\" data-image-title=\"FOTO 2 LUIS CORDOVA CAPITAN DE LA SEXTA COMPANIA DE BOMBEROS DE PANQUEHUE\" data-image-description=\"&lt;p&gt;Luis C\u00f3rdova, capit\u00e1n de la Sexta Compa\u00f1\u00eda de Bomberos de Panquehue.&lt;\/p&gt; \" data-medium-file=\"https:\/\/i0.wp.com\/eltrabajo.cl\/portal\/wp-content\/uploads\/2016\/01\/FOTO-2-LUIS-CORDOVA-CAPITAN-DE-LA-SEXTA-COMPANIA-DE-BOMBEROS-DE-PANQUEHUE.jpg?fit=300%2C198&#038;ssl=1\" data-large-file=\"https:\/\/i0.wp.com\/eltrabajo.cl\/portal\/wp-content\/uploads\/2016\/01\/FOTO-2-LUIS-CORDOVA-CAPITAN-DE-LA-SEXTA-COMPANIA-DE-BOMBEROS-DE-PANQUEHUE.jpg?fit=530%2C350&#038;ssl=1\" src=\"https:\/\/i0.wp.com\/eltrabajo.cl\/portal\/wp-content\/uploads\/2016\/01\/FOTO-2-LUIS-CORDOVA-CAPITAN-DE-LA-SEXTA-COMPANIA-DE-BOMBEROS-DE-PANQUEHUE.jpg?w=315&#038;h=208&#038;ssl=1\" srcset=\"https:\/\/i0.wp.com\/eltrabajo.cl\/portal\/wp-content\/uploads\/2016\/01\/FOTO-2-LUIS-CORDOVA-CAPITAN-DE-LA-SEXTA-COMPANIA-DE-BOMBEROS-DE-PANQUEHUE.jpg?w=530&amp;ssl=1 530w, https:\/\/i0.wp.com\/eltrabajo.cl\/portal\/wp-content\/uploads\/2016\/01\/FOTO-2-LUIS-CORDOVA-CAPITAN-DE-LA-SEXTA-COMPANIA-DE-BOMBEROS-DE-PANQUEHUE.jpg?resize=200%2C132&amp;ssl=1 200w, https:\/\/i0.wp.com\/eltrabajo.cl\/portal\/wp-content\/uploads\/2016\/01\/FOTO-2-LUIS-CORDOVA-CAPITAN-DE-LA-SEXTA-COMPANIA-DE-BOMBEROS-DE-PANQUEHUE.jpg?resize=300%2C198&amp;ssl=1 300w, https:\/\/i0.wp.com\/eltrabajo.cl\/portal\/wp-content\/uploads\/2016\/01\/FOTO-2-LUIS-CORDOVA-CAPITAN-DE-LA-SEXTA-COMPANIA-DE-BOMBEROS-DE-PANQUEHUE.jpg?resize=227%2C150&amp;ssl=1 227w, https:\/\/i0.wp.com\/eltrabajo.cl\/portal\/wp-content\/uploads\/2016\/01\/FOTO-2-LUIS-CORDOVA-CAPITAN-DE-LA-SEXTA-COMPANIA-DE-BOMBEROS-DE-PANQUEHUE.jpg?resize=400%2C264&amp;ssl=1 400w\" width=\"315\" height=\"208\" loading=\"lazy\" data-original-width=\"315\" data-original-height=\"208\" itemprop=\"http:\/\/schema.org\/image\" title=\"FOTO 2 LUIS CORDOVA CAPITAN DE LA SEXTA COMPANIA DE BOMBEROS DE PANQUEHUE\" alt=\"Luis C\u00f3rdova, capit\u00e1n de la Sexta Compa\u00f1\u00eda de Bomberos de Panquehue.\" style=\"width: 315px; height: 208px;\" \/> <\/a> <div class=\"tiled-gallery-caption\" itemprop=\"caption description\"> Luis C\u00f3rdova, capit\u00e1n de la Sexta Compa\u00f1\u00eda de Bomberos de Panquehue. <\/div> <\/div> <\/div> <!-- close group --> <\/div> <!-- close row --> <\/div>\n","protected":false},"excerpt":{"rendered":"<p>La estrategia pretende sumar 3 mil 500 adhesiones que pueden ir desde los 2 mil hasta los 15 mil pesos mensuales, monto que se descontar\u00e1 directamente y de forma autom\u00e1tica de la&#8230;<\/p>\n","protected":false},"author":482,"featured_media":65473,"comment_status":"open","ping_status":"open","sticky":false,"template":"","format":"standard","meta":{"advanced_seo_description":"","jetpack_seo_html_title":"","jetpack_seo_noindex":false,"_jetpack_memberships_contains_paid_content":false,"footnotes":""},"categories":[1],"tags":[],"class_list":["post-65471","post","type-post","status-publish","format-standard","has-post-thumbnail","hentry","category-cronica"],"jetpack_featured_media_url":"https:\/\/i0.wp.com\/eltrabajo.cl\/portal\/wp-content\/uploads\/2016\/01\/FOTO-3-LAS-5-COMPANIAS-DE-SAN-FELIPE-MAS-LA-SEXTA-PERTENECIENTE-A-LA-COMUNA-DE-PANQUEHUE-INICIARON-CAMPANA-QUE-PRETENDE-ERRADICAR-LA-LIMOSNA-QUE-REALIZAN-LOS-VOLUNTARIOS.jpg?fit=530%2C350&ssl=1","jetpack_sharing_enabled":true,"jetpack_likes_enabled":true,"jetpack-related-posts":[],"_links":{"self":[{"href":"https:\/\/eltrabajo.cl\/portal\/wp-json\/wp\/v2\/posts\/65471","targetHints":{"allow":["GET"]}}],"collection":[{"href":"https:\/\/eltrabajo.cl\/portal\/wp-json\/wp\/v2\/posts"}],"about":[{"href":"https:\/\/eltrabajo.cl\/portal\/wp-json\/wp\/v2\/types\/post"}],"author":[{"embeddable":true,"href":"https:\/\/eltrabajo.cl\/portal\/wp-json\/wp\/v2\/users\/482"}],"replies":[{"embeddable":true,"href":"https:\/\/eltrabajo.cl\/portal\/wp-json\/wp\/v2\/comments?post=65471"}],"version-history":[{"count":0,"href":"https:\/\/eltrabajo.cl\/portal\/wp-json\/wp\/v2\/posts\/65471\/revisions"}],"wp:featuredmedia":[{"embeddable":true,"href":"https:\/\/eltrabajo.cl\/portal\/wp-json\/wp\/v2\/media\/65473"}],"wp:attachment":[{"href":"https:\/\/eltrabajo.cl\/portal\/wp-json\/wp\/v2\/media?parent=65471"}],"wp:term":[{"taxonomy":"category","embeddable":true,"href":"https:\/\/eltrabajo.cl\/portal\/wp-json\/wp\/v2\/categories?post=65471"},{"taxonomy":"post_tag","embeddable":true,"href":"https:\/\/eltrabajo.cl\/portal\/wp-json\/wp\/v2\/tags?post=65471"}],"curies":[{"name":"wp","href":"https:\/\/api.w.org\/{rel}","templated":true}]}}