{"id":65475,"date":"2016-01-05T14:56:47","date_gmt":"2016-01-05T17:56:47","guid":{"rendered":"http:\/\/www.eltrabajo.cl\/portal\/?p=65475"},"modified":"2016-01-05T14:56:47","modified_gmt":"2016-01-05T17:56:47","slug":"conductores-estan-molestos-por-ley-de-chaleco-reflectante","status":"publish","type":"post","link":"https:\/\/eltrabajo.cl\/portal\/conductores-estan-molestos-por-ley-de-chaleco-reflectante\/","title":{"rendered":"Conductores est\u00e1n molestos por ley de chaleco reflectante"},"content":{"rendered":"<figure id=\"attachment_65476\" aria-describedby=\"caption-attachment-65476\" style=\"width: 300px\" class=\"wp-caption alignleft\"><img data-recalc-dims=\"1\" loading=\"lazy\" decoding=\"async\" class=\"wp-image-65476 size-medium\" src=\"https:\/\/i0.wp.com\/www.eltrabajo.cl\/portal\/wp-content\/uploads\/2016\/01\/Mario-Valdiviezo-300x198.jpg?resize=300%2C198\" alt=\"MARIO VALDIVIESO: \u00abCreo que es un negocio, deber\u00edan entonces exigirlo tambi\u00e9n al peat\u00f3n y al ciclista\u00bb.\" width=\"300\" height=\"198\" srcset=\"https:\/\/i0.wp.com\/eltrabajo.cl\/portal\/wp-content\/uploads\/2016\/01\/Mario-Valdiviezo.jpg?resize=300%2C198&amp;ssl=1 300w, https:\/\/i0.wp.com\/eltrabajo.cl\/portal\/wp-content\/uploads\/2016\/01\/Mario-Valdiviezo.jpg?resize=200%2C132&amp;ssl=1 200w, https:\/\/i0.wp.com\/eltrabajo.cl\/portal\/wp-content\/uploads\/2016\/01\/Mario-Valdiviezo.jpg?resize=227%2C150&amp;ssl=1 227w, https:\/\/i0.wp.com\/eltrabajo.cl\/portal\/wp-content\/uploads\/2016\/01\/Mario-Valdiviezo.jpg?resize=400%2C264&amp;ssl=1 400w, https:\/\/i0.wp.com\/eltrabajo.cl\/portal\/wp-content\/uploads\/2016\/01\/Mario-Valdiviezo.jpg?w=530&amp;ssl=1 530w\" sizes=\"auto, (max-width: 300px) 100vw, 300px\" \/><figcaption id=\"caption-attachment-65476\" class=\"wp-caption-text\">MARIO VALDIVIESO: \u00abCreo que es un negocio, deber\u00edan entonces exigirlo tambi\u00e9n al peat\u00f3n y al ciclista\u00bb.<\/figcaption><\/figure>\n<p>Gran malestar se registra entre los conductores aconcag\u00fcinos y de todo el pa\u00eds luego que entrara en vigencia la modificaci\u00f3n a la ley 18.290 que obliga a llevar un chaleco reflectante en veh\u00edculos motorizados. Ello porque al alero de un decreto bastante cuestionado y que huele a &#8216;gran negocio&#8217; para muchos, se ha desatado una repugnante especulaci\u00f3n en torno a la venta de estos chalecos, que de costar alrededor de $1.500 a $2.000 el m\u00e1s barato, han subido a 6, 8 y hasta 10 mil pesos, al margen de encontrarse agotados en muchos lugares.<br \/>\nA lo anterior se suman las deficiencias o errores en la redacci\u00f3n del decreto, donde se refuerza la tesis que el \u00fanico inter\u00e9s del legislador, en este caso el Ministerio de Transportes, es propiciar la venta de chalecos, ya que lo \u00fanico que establece es que se debe contar con chaleco y que \u00e9ste \u00abdeber\u00e1 encontrarse siempre en un lugar del veh\u00edculo que sea accsesible desde el interior del mismo\u00bb. Curiosamente no dice cu\u00e1ndo debe usarse, en qu\u00e9 circunstancias, si en la carretera, en la ciudad, si de d\u00eda o solo de noche, en fin. Si a eso le suma que los chalecos deben tener determinadas caracter\u00edsticas y solo esas, m\u00e1s pie da para creer que el verdadero \u00e1nimo de la norma no es precisamente velar por la seguridad de los conductores que ante una emergencia deban descender de sus veh\u00edculos.<\/p>\n<p><strong>CAROS O AGOTADOS<\/strong><br \/>\nLo cierto del caso es que la pol\u00e9mica ya est\u00e1 en la calle y los conductores corren como locos de tienda en tienda para encontrar los chalecos, pero al igual que los rumores de p\u00e1nico que nacen y se esfuman despu\u00e9s de un terremoto, cunde el p\u00e1nico al volante porque \u2018se dice\u2019, de boca en boca, que Carabineros ya est\u00e1 multando; otros aseguran que los millones de chalecos que ya deber\u00edan estar en el comercio nacional, a\u00fan no llegan al pa\u00eds, lo que genera que muchos conductores, por temor y desconocimiento, compraron chalecos verdes en circunstancias que deben ser amarillos fosforescentes.<br \/>\nNuestro medio consult\u00f3 a varios carabineros que vigilaban la ciudad, y aseguraron que de momento ellos tienen \u00f3rdenes de formar consciencia en los conductores, y que no est\u00e1n multando a nadie a\u00fan.<\/p>\n<p><strong>HAY ESPECULACI\u00d3N<\/strong><br \/>\nUna cosa es clara: los precios se han disparado y solo basta cotizar en internet para descubrir como el chaleco m\u00e1s barato no baja de $6.000, en tanto algunos oportunistas llegan a cobrar $10.000 y sin arrugarse.<br \/>\nCada a\u00f1o mueren alrededor de 1.600 personas en accidentes de tr\u00e1nsito -en 2014 murieron 615 peatones-, por lo que desde ahora ser\u00e1 obligatorio portar dicho elemento dentro del kit de seguridad. En caso contrario, la persona arriesga una multa que va entre los $10.000 y $22.000 aproximadamente.<br \/>\nSeg\u00fan expertos en la materia, todo suma. Ello dado que el uso del chaleco aumenta la visibilidad de la persona hasta a 400 metros de distancia. Esto reduce la posibilidad de que un conductor que se transforme en peat\u00f3n sea atropellado.<br \/>\nDiario El Trabajo realiz\u00f3 un sondeo popular la tarde de este lunes en las calles de nuestra comuna, generando este reporte impresiones distintas entre ellas, pero s\u00ed una mayor\u00eda tendiente al rechazo de esta medida.<\/p>\n<div class=\"tiled-gallery type-rectangular tiled-gallery-unresized\" data-original-width=\"640\" data-carousel-extra='null' itemscope itemtype=\"http:\/\/schema.org\/ImageGallery\" > <div class=\"gallery-row\" style=\"width: 640px; height: 282px;\" data-original-width=\"640\" data-original-height=\"282\" > <div class=\"gallery-group images-1\" style=\"width: 428px; height: 282px;\" data-original-width=\"428\" data-original-height=\"282\" > <div class=\"tiled-gallery-item tiled-gallery-item-large\" itemprop=\"associatedMedia\" itemscope itemtype=\"http:\/\/schema.org\/ImageObject\"> <a href=\"https:\/\/eltrabajo.cl\/portal\/conductores-estan-molestos-por-ley-de-chaleco-reflectante\/leticia-montenegro\/\" border=\"0\" itemprop=\"url\"> <meta itemprop=\"width\" content=\"424\"> <meta itemprop=\"height\" content=\"278\"> <img decoding=\"async\" class=\"\" data-attachment-id=\"65478\" data-orig-file=\"https:\/\/eltrabajo.cl\/portal\/wp-content\/uploads\/2016\/01\/Leticia-Montenegro.jpg\" data-orig-size=\"530,348\" data-comments-opened=\"1\" data-image-meta=\"{&quot;aperture&quot;:&quot;0&quot;,&quot;credit&quot;:&quot;&quot;,&quot;camera&quot;:&quot;&quot;,&quot;caption&quot;:&quot;&quot;,&quot;created_timestamp&quot;:&quot;0&quot;,&quot;copyright&quot;:&quot;&quot;,&quot;focal_length&quot;:&quot;0&quot;,&quot;iso&quot;:&quot;0&quot;,&quot;shutter_speed&quot;:&quot;0&quot;,&quot;title&quot;:&quot;&quot;,&quot;orientation&quot;:&quot;0&quot;}\" data-image-title=\"Leticia Montenegro\" data-image-description=\"&lt;p&gt;LETICIA MONTENEGRO: \u00abMuy mala medida, porque la ley te obliga a portar el chaleco, pero no a usarlo\u00bb.&lt;\/p&gt; \" data-medium-file=\"https:\/\/i0.wp.com\/eltrabajo.cl\/portal\/wp-content\/uploads\/2016\/01\/Leticia-Montenegro.jpg?fit=300%2C197&#038;ssl=1\" data-large-file=\"https:\/\/i0.wp.com\/eltrabajo.cl\/portal\/wp-content\/uploads\/2016\/01\/Leticia-Montenegro.jpg?fit=530%2C348&#038;ssl=1\" src=\"https:\/\/i0.wp.com\/eltrabajo.cl\/portal\/wp-content\/uploads\/2016\/01\/Leticia-Montenegro.jpg?w=424&#038;h=278&#038;ssl=1\" srcset=\"https:\/\/i0.wp.com\/eltrabajo.cl\/portal\/wp-content\/uploads\/2016\/01\/Leticia-Montenegro.jpg?w=530&amp;ssl=1 530w, https:\/\/i0.wp.com\/eltrabajo.cl\/portal\/wp-content\/uploads\/2016\/01\/Leticia-Montenegro.jpg?resize=200%2C131&amp;ssl=1 200w, https:\/\/i0.wp.com\/eltrabajo.cl\/portal\/wp-content\/uploads\/2016\/01\/Leticia-Montenegro.jpg?resize=300%2C197&amp;ssl=1 300w, https:\/\/i0.wp.com\/eltrabajo.cl\/portal\/wp-content\/uploads\/2016\/01\/Leticia-Montenegro.jpg?resize=228%2C150&amp;ssl=1 228w, https:\/\/i0.wp.com\/eltrabajo.cl\/portal\/wp-content\/uploads\/2016\/01\/Leticia-Montenegro.jpg?resize=400%2C263&amp;ssl=1 400w\" width=\"424\" height=\"278\" loading=\"lazy\" data-original-width=\"424\" data-original-height=\"278\" itemprop=\"http:\/\/schema.org\/image\" title=\"Leticia Montenegro\" alt=\"LETICIA MONTENEGRO: \u00abMuy mala medida, porque la ley te obliga a portar el chaleco, pero no a usarlo\u00bb.\" style=\"width: 424px; height: 278px;\" \/> <\/a> <div class=\"tiled-gallery-caption\" itemprop=\"caption description\"> LETICIA MONTENEGRO: \u00abMuy mala medida, porque la ley te obliga a portar el chaleco, pero no a usarlo\u00bb. <\/div> <\/div> <\/div> <!-- close group --> <div class=\"gallery-group images-2\" style=\"width: 212px; height: 282px;\" data-original-width=\"212\" data-original-height=\"282\" > <div class=\"tiled-gallery-item tiled-gallery-item-small\" itemprop=\"associatedMedia\" itemscope itemtype=\"http:\/\/schema.org\/ImageObject\"> <a href=\"https:\/\/eltrabajo.cl\/portal\/conductores-estan-molestos-por-ley-de-chaleco-reflectante\/pedro-munoz-3\/\" border=\"0\" itemprop=\"url\"> <meta itemprop=\"width\" content=\"208\"> <meta itemprop=\"height\" content=\"137\"> <img decoding=\"async\" class=\"\" data-attachment-id=\"65479\" data-orig-file=\"https:\/\/eltrabajo.cl\/portal\/wp-content\/uploads\/2016\/01\/Pedro-Munoz.jpg\" data-orig-size=\"530,350\" data-comments-opened=\"1\" data-image-meta=\"{&quot;aperture&quot;:&quot;0&quot;,&quot;credit&quot;:&quot;&quot;,&quot;camera&quot;:&quot;&quot;,&quot;caption&quot;:&quot;&quot;,&quot;created_timestamp&quot;:&quot;0&quot;,&quot;copyright&quot;:&quot;&quot;,&quot;focal_length&quot;:&quot;0&quot;,&quot;iso&quot;:&quot;0&quot;,&quot;shutter_speed&quot;:&quot;0&quot;,&quot;title&quot;:&quot;&quot;,&quot;orientation&quot;:&quot;0&quot;}\" data-image-title=\"Pedro Munoz\" data-image-description=\"&lt;p&gt;PEDRO MU\u00d1OZ: \u00abEsto es un monopolio, nos cobran multa y adem\u00e1s hay muy poca divulgaci\u00f3n.&lt;\/p&gt; \" data-medium-file=\"https:\/\/i0.wp.com\/eltrabajo.cl\/portal\/wp-content\/uploads\/2016\/01\/Pedro-Munoz.jpg?fit=300%2C198&#038;ssl=1\" data-large-file=\"https:\/\/i0.wp.com\/eltrabajo.cl\/portal\/wp-content\/uploads\/2016\/01\/Pedro-Munoz.jpg?fit=530%2C350&#038;ssl=1\" src=\"https:\/\/i0.wp.com\/eltrabajo.cl\/portal\/wp-content\/uploads\/2016\/01\/Pedro-Munoz.jpg?w=208&#038;h=137&#038;ssl=1\" srcset=\"https:\/\/i0.wp.com\/eltrabajo.cl\/portal\/wp-content\/uploads\/2016\/01\/Pedro-Munoz.jpg?w=530&amp;ssl=1 530w, https:\/\/i0.wp.com\/eltrabajo.cl\/portal\/wp-content\/uploads\/2016\/01\/Pedro-Munoz.jpg?resize=200%2C132&amp;ssl=1 200w, https:\/\/i0.wp.com\/eltrabajo.cl\/portal\/wp-content\/uploads\/2016\/01\/Pedro-Munoz.jpg?resize=300%2C198&amp;ssl=1 300w, https:\/\/i0.wp.com\/eltrabajo.cl\/portal\/wp-content\/uploads\/2016\/01\/Pedro-Munoz.jpg?resize=227%2C150&amp;ssl=1 227w, https:\/\/i0.wp.com\/eltrabajo.cl\/portal\/wp-content\/uploads\/2016\/01\/Pedro-Munoz.jpg?resize=400%2C264&amp;ssl=1 400w\" width=\"208\" height=\"137\" loading=\"lazy\" data-original-width=\"208\" data-original-height=\"137\" itemprop=\"http:\/\/schema.org\/image\" title=\"Pedro Munoz\" alt=\"PEDRO MU\u00d1OZ: \u00abEsto es un monopolio, nos cobran multa y adem\u00e1s hay muy poca divulgaci\u00f3n.\" style=\"width: 208px; height: 137px;\" \/> <\/a> <div class=\"tiled-gallery-caption\" itemprop=\"caption description\"> PEDRO MU\u00d1OZ: \u00abEsto es un monopolio, nos cobran multa y adem\u00e1s hay muy poca divulgaci\u00f3n. <\/div> <\/div> <div class=\"tiled-gallery-item tiled-gallery-item-small\" itemprop=\"associatedMedia\" itemscope itemtype=\"http:\/\/schema.org\/ImageObject\"> <a href=\"https:\/\/eltrabajo.cl\/portal\/conductores-estan-molestos-por-ley-de-chaleco-reflectante\/raul-pereira\/\" border=\"0\" itemprop=\"url\"> <meta itemprop=\"width\" content=\"208\"> <meta itemprop=\"height\" content=\"137\"> <img decoding=\"async\" class=\"\" data-attachment-id=\"65480\" data-orig-file=\"https:\/\/eltrabajo.cl\/portal\/wp-content\/uploads\/2016\/01\/Raul-Pereira.jpg\" data-orig-size=\"530,348\" data-comments-opened=\"1\" data-image-meta=\"{&quot;aperture&quot;:&quot;0&quot;,&quot;credit&quot;:&quot;&quot;,&quot;camera&quot;:&quot;&quot;,&quot;caption&quot;:&quot;&quot;,&quot;created_timestamp&quot;:&quot;0&quot;,&quot;copyright&quot;:&quot;&quot;,&quot;focal_length&quot;:&quot;0&quot;,&quot;iso&quot;:&quot;0&quot;,&quot;shutter_speed&quot;:&quot;0&quot;,&quot;title&quot;:&quot;&quot;,&quot;orientation&quot;:&quot;0&quot;}\" data-image-title=\"Raul Pereira\" data-image-description=\"&lt;p&gt;RA\u00daL PEREIRA: \u00abSe aprovechan de nosotros, puede que sea correcto al final la medida, podr\u00eda salvar vidas\u00bb.&lt;\/p&gt; \" data-medium-file=\"https:\/\/i0.wp.com\/eltrabajo.cl\/portal\/wp-content\/uploads\/2016\/01\/Raul-Pereira.jpg?fit=300%2C197&#038;ssl=1\" data-large-file=\"https:\/\/i0.wp.com\/eltrabajo.cl\/portal\/wp-content\/uploads\/2016\/01\/Raul-Pereira.jpg?fit=530%2C348&#038;ssl=1\" src=\"https:\/\/i0.wp.com\/eltrabajo.cl\/portal\/wp-content\/uploads\/2016\/01\/Raul-Pereira.jpg?w=208&#038;h=137&#038;ssl=1\" srcset=\"https:\/\/i0.wp.com\/eltrabajo.cl\/portal\/wp-content\/uploads\/2016\/01\/Raul-Pereira.jpg?w=530&amp;ssl=1 530w, https:\/\/i0.wp.com\/eltrabajo.cl\/portal\/wp-content\/uploads\/2016\/01\/Raul-Pereira.jpg?resize=200%2C131&amp;ssl=1 200w, https:\/\/i0.wp.com\/eltrabajo.cl\/portal\/wp-content\/uploads\/2016\/01\/Raul-Pereira.jpg?resize=300%2C197&amp;ssl=1 300w, https:\/\/i0.wp.com\/eltrabajo.cl\/portal\/wp-content\/uploads\/2016\/01\/Raul-Pereira.jpg?resize=228%2C150&amp;ssl=1 228w, https:\/\/i0.wp.com\/eltrabajo.cl\/portal\/wp-content\/uploads\/2016\/01\/Raul-Pereira.jpg?resize=400%2C263&amp;ssl=1 400w\" width=\"208\" height=\"137\" loading=\"lazy\" data-original-width=\"208\" data-original-height=\"137\" itemprop=\"http:\/\/schema.org\/image\" title=\"Raul Pereira\" alt=\"RA\u00daL PEREIRA: \u00abSe aprovechan de nosotros, puede que sea correcto al final la medida, podr\u00eda salvar vidas\u00bb.\" style=\"width: 208px; height: 137px;\" \/> <\/a> <div class=\"tiled-gallery-caption\" itemprop=\"caption description\"> RA\u00daL PEREIRA: \u00abSe aprovechan de nosotros, puede que sea correcto al final la medida, podr\u00eda salvar vidas\u00bb. <\/div> <\/div> <\/div> <!-- close group --> <\/div> <!-- close row --> <div class=\"gallery-row\" style=\"width: 640px; height: 423px;\" data-original-width=\"640\" data-original-height=\"423\" > <div class=\"gallery-group images-1\" style=\"width: 640px; height: 423px;\" data-original-width=\"640\" data-original-height=\"423\" > <div class=\"tiled-gallery-item tiled-gallery-item-large\" itemprop=\"associatedMedia\" itemscope itemtype=\"http:\/\/schema.org\/ImageObject\"> <a href=\"https:\/\/eltrabajo.cl\/portal\/conductores-estan-molestos-por-ley-de-chaleco-reflectante\/chaleco1\/\" border=\"0\" itemprop=\"url\"> <meta itemprop=\"width\" content=\"636\"> <meta itemprop=\"height\" content=\"419\"> <img decoding=\"async\" class=\"\" data-attachment-id=\"65477\" data-orig-file=\"https:\/\/eltrabajo.cl\/portal\/wp-content\/uploads\/2016\/01\/Chaleco1.jpg\" data-orig-size=\"530,349\" data-comments-opened=\"1\" data-image-meta=\"{&quot;aperture&quot;:&quot;0&quot;,&quot;credit&quot;:&quot;&quot;,&quot;camera&quot;:&quot;&quot;,&quot;caption&quot;:&quot;&quot;,&quot;created_timestamp&quot;:&quot;0&quot;,&quot;copyright&quot;:&quot;&quot;,&quot;focal_length&quot;:&quot;0&quot;,&quot;iso&quot;:&quot;0&quot;,&quot;shutter_speed&quot;:&quot;0&quot;,&quot;title&quot;:&quot;&quot;,&quot;orientation&quot;:&quot;0&quot;}\" data-image-title=\"Chaleco1\" data-image-description=\"&lt;p&gt;TODOS EN ALERTA.- En caso contrario, la persona arriesga una multa que va entre los $10.000 y $22.000 aproximadamente.&lt;\/p&gt; \" data-medium-file=\"https:\/\/i0.wp.com\/eltrabajo.cl\/portal\/wp-content\/uploads\/2016\/01\/Chaleco1.jpg?fit=300%2C198&#038;ssl=1\" data-large-file=\"https:\/\/i0.wp.com\/eltrabajo.cl\/portal\/wp-content\/uploads\/2016\/01\/Chaleco1.jpg?fit=530%2C349&#038;ssl=1\" src=\"https:\/\/i0.wp.com\/eltrabajo.cl\/portal\/wp-content\/uploads\/2016\/01\/Chaleco1.jpg?w=636&#038;h=419&#038;ssl=1\" srcset=\"https:\/\/i0.wp.com\/eltrabajo.cl\/portal\/wp-content\/uploads\/2016\/01\/Chaleco1.jpg?w=530&amp;ssl=1 530w, https:\/\/i0.wp.com\/eltrabajo.cl\/portal\/wp-content\/uploads\/2016\/01\/Chaleco1.jpg?resize=200%2C132&amp;ssl=1 200w, https:\/\/i0.wp.com\/eltrabajo.cl\/portal\/wp-content\/uploads\/2016\/01\/Chaleco1.jpg?resize=300%2C198&amp;ssl=1 300w, https:\/\/i0.wp.com\/eltrabajo.cl\/portal\/wp-content\/uploads\/2016\/01\/Chaleco1.jpg?resize=228%2C150&amp;ssl=1 228w, https:\/\/i0.wp.com\/eltrabajo.cl\/portal\/wp-content\/uploads\/2016\/01\/Chaleco1.jpg?resize=400%2C263&amp;ssl=1 400w\" width=\"636\" height=\"419\" loading=\"lazy\" data-original-width=\"636\" data-original-height=\"419\" itemprop=\"http:\/\/schema.org\/image\" title=\"Chaleco1\" alt=\"TODOS EN ALERTA.- En caso contrario, la persona arriesga una multa que va entre los $10.000 y $22.000 aproximadamente.\" style=\"width: 636px; height: 419px;\" \/> <\/a> <div class=\"tiled-gallery-caption\" itemprop=\"caption description\"> TODOS EN ALERTA.- En caso contrario, la persona arriesga una multa que va entre los $10.000 y $22.000 aproximadamente. <\/div> <\/div> <\/div> <!-- close group --> <\/div> <!-- close row --> <\/div>\n","protected":false},"excerpt":{"rendered":"<p>Gran malestar se registra entre los conductores aconcag\u00fcinos y de todo el pa\u00eds luego que entrara en vigencia la modificaci\u00f3n a la ley 18.290 que obliga a llevar un chaleco reflectante en&#8230;<\/p>\n","protected":false},"author":482,"featured_media":65476,"comment_status":"open","ping_status":"open","sticky":false,"template":"","format":"standard","meta":{"advanced_seo_description":"","jetpack_seo_html_title":"","jetpack_seo_noindex":false,"_jetpack_memberships_contains_paid_content":false,"footnotes":""},"categories":[15],"tags":[],"class_list":["post-65475","post","type-post","status-publish","format-standard","has-post-thumbnail","hentry","category-comunidad"],"jetpack_featured_media_url":"https:\/\/i0.wp.com\/eltrabajo.cl\/portal\/wp-content\/uploads\/2016\/01\/Mario-Valdiviezo.jpg?fit=530%2C350&ssl=1","jetpack_sharing_enabled":true,"jetpack_likes_enabled":true,"jetpack-related-posts":[],"_links":{"self":[{"href":"https:\/\/eltrabajo.cl\/portal\/wp-json\/wp\/v2\/posts\/65475","targetHints":{"allow":["GET"]}}],"collection":[{"href":"https:\/\/eltrabajo.cl\/portal\/wp-json\/wp\/v2\/posts"}],"about":[{"href":"https:\/\/eltrabajo.cl\/portal\/wp-json\/wp\/v2\/types\/post"}],"author":[{"embeddable":true,"href":"https:\/\/eltrabajo.cl\/portal\/wp-json\/wp\/v2\/users\/482"}],"replies":[{"embeddable":true,"href":"https:\/\/eltrabajo.cl\/portal\/wp-json\/wp\/v2\/comments?post=65475"}],"version-history":[{"count":0,"href":"https:\/\/eltrabajo.cl\/portal\/wp-json\/wp\/v2\/posts\/65475\/revisions"}],"wp:featuredmedia":[{"embeddable":true,"href":"https:\/\/eltrabajo.cl\/portal\/wp-json\/wp\/v2\/media\/65476"}],"wp:attachment":[{"href":"https:\/\/eltrabajo.cl\/portal\/wp-json\/wp\/v2\/media?parent=65475"}],"wp:term":[{"taxonomy":"category","embeddable":true,"href":"https:\/\/eltrabajo.cl\/portal\/wp-json\/wp\/v2\/categories?post=65475"},{"taxonomy":"post_tag","embeddable":true,"href":"https:\/\/eltrabajo.cl\/portal\/wp-json\/wp\/v2\/tags?post=65475"}],"curies":[{"name":"wp","href":"https:\/\/api.w.org\/{rel}","templated":true}]}}