{"id":65482,"date":"2016-01-06T14:23:33","date_gmt":"2016-01-06T17:23:33","guid":{"rendered":"http:\/\/www.eltrabajo.cl\/portal\/?p=65482"},"modified":"2016-01-06T14:23:33","modified_gmt":"2016-01-06T17:23:33","slug":"el-prat-suma-un-nuevo-triunfo-en-el-domani","status":"publish","type":"post","link":"https:\/\/eltrabajo.cl\/portal\/el-prat-suma-un-nuevo-triunfo-en-el-domani\/","title":{"rendered":"El Prat suma un nuevo triunfo en el Domani"},"content":{"rendered":"<figure id=\"attachment_65483\" aria-describedby=\"caption-attachment-65483\" style=\"width: 300px\" class=\"wp-caption alignleft\"><img data-recalc-dims=\"1\" loading=\"lazy\" decoding=\"async\" class=\"wp-image-65483 size-medium\" src=\"https:\/\/i0.wp.com\/www.eltrabajo.cl\/portal\/wp-content\/uploads\/2016\/01\/prat-en-domani-300x198.jpg?resize=300%2C198\" alt=\"El elenco sanfelipe\u00f1o tiene hasta el momento una campa\u00f1a perfecta en el Domani.\" width=\"300\" height=\"198\" srcset=\"https:\/\/i0.wp.com\/eltrabajo.cl\/portal\/wp-content\/uploads\/2016\/01\/prat-en-domani.jpg?resize=300%2C198&amp;ssl=1 300w, https:\/\/i0.wp.com\/eltrabajo.cl\/portal\/wp-content\/uploads\/2016\/01\/prat-en-domani.jpg?resize=200%2C132&amp;ssl=1 200w, https:\/\/i0.wp.com\/eltrabajo.cl\/portal\/wp-content\/uploads\/2016\/01\/prat-en-domani.jpg?resize=227%2C150&amp;ssl=1 227w, https:\/\/i0.wp.com\/eltrabajo.cl\/portal\/wp-content\/uploads\/2016\/01\/prat-en-domani.jpg?resize=400%2C264&amp;ssl=1 400w, https:\/\/i0.wp.com\/eltrabajo.cl\/portal\/wp-content\/uploads\/2016\/01\/prat-en-domani.jpg?w=530&amp;ssl=1 530w\" sizes=\"auto, (max-width: 300px) 100vw, 300px\" \/><figcaption id=\"caption-attachment-65483\" class=\"wp-caption-text\">El elenco sanfelipe\u00f1o tiene hasta el momento una campa\u00f1a perfecta en el Domani.<\/figcaption><\/figure>\n<p>El descanso del d\u00eda lunes pareci\u00f3 venirle muy bien a la juvenil escuadra pratina que ayer martes y sin mayores apuros logr\u00f3 sacar adelante la tarea al derrotar ampliamente a Sokol de Antofagasta por un claro 55 a 80, con lo que los sanfelipe\u00f1os tempranamente comienzan a sacar chapa de favoritos en el principal torneo cestero del verano en el pa\u00eds.<br \/>\nFrente a los nortinos volvieron a ser desequilibrantes pr\u00e1cticamente los mismos hombres que ha llevado el peso de la campa\u00f1a, as\u00ed por ejemplo, Ramiro G\u00e1lvez fue el encargado de guiar a los de Galo Lara a la victoria al marcar 13 tantos, a lo que sum\u00f3 una gran faena en los rebotes ofensivos y defensivos.<br \/>\nOtros que estuvieron en gran forma fueros los hermanos Araya Arancibia y Marcelo P\u00e9rez quien fue el goleador del equipo al marcar 15 dianas, que terminaron siendo factor en el nuevo triunfo del Prat en el Campioni del Domani.<\/p>\n","protected":false},"excerpt":{"rendered":"<p>El descanso del d\u00eda lunes pareci\u00f3 venirle muy bien a la juvenil escuadra pratina que ayer martes y sin mayores apuros logr\u00f3 sacar adelante la tarea al derrotar ampliamente a Sokol de&#8230;<\/p>\n","protected":false},"author":482,"featured_media":65483,"comment_status":"open","ping_status":"open","sticky":false,"template":"","format":"standard","meta":{"advanced_seo_description":"","jetpack_seo_html_title":"","jetpack_seo_noindex":false,"_jetpack_memberships_contains_paid_content":false,"footnotes":""},"categories":[19],"tags":[],"class_list":["post-65482","post","type-post","status-publish","format-standard","has-post-thumbnail","hentry","category-deportes"],"jetpack_featured_media_url":"https:\/\/i0.wp.com\/eltrabajo.cl\/portal\/wp-content\/uploads\/2016\/01\/prat-en-domani.jpg?fit=530%2C350&ssl=1","jetpack_sharing_enabled":true,"jetpack_likes_enabled":true,"jetpack-related-posts":[],"_links":{"self":[{"href":"https:\/\/eltrabajo.cl\/portal\/wp-json\/wp\/v2\/posts\/65482","targetHints":{"allow":["GET"]}}],"collection":[{"href":"https:\/\/eltrabajo.cl\/portal\/wp-json\/wp\/v2\/posts"}],"about":[{"href":"https:\/\/eltrabajo.cl\/portal\/wp-json\/wp\/v2\/types\/post"}],"author":[{"embeddable":true,"href":"https:\/\/eltrabajo.cl\/portal\/wp-json\/wp\/v2\/users\/482"}],"replies":[{"embeddable":true,"href":"https:\/\/eltrabajo.cl\/portal\/wp-json\/wp\/v2\/comments?post=65482"}],"version-history":[{"count":0,"href":"https:\/\/eltrabajo.cl\/portal\/wp-json\/wp\/v2\/posts\/65482\/revisions"}],"wp:featuredmedia":[{"embeddable":true,"href":"https:\/\/eltrabajo.cl\/portal\/wp-json\/wp\/v2\/media\/65483"}],"wp:attachment":[{"href":"https:\/\/eltrabajo.cl\/portal\/wp-json\/wp\/v2\/media?parent=65482"}],"wp:term":[{"taxonomy":"category","embeddable":true,"href":"https:\/\/eltrabajo.cl\/portal\/wp-json\/wp\/v2\/categories?post=65482"},{"taxonomy":"post_tag","embeddable":true,"href":"https:\/\/eltrabajo.cl\/portal\/wp-json\/wp\/v2\/tags?post=65482"}],"curies":[{"name":"wp","href":"https:\/\/api.w.org\/{rel}","templated":true}]}}