{"id":65488,"date":"2016-01-06T14:26:46","date_gmt":"2016-01-06T17:26:46","guid":{"rendered":"http:\/\/www.eltrabajo.cl\/portal\/?p=65488"},"modified":"2016-01-06T14:26:46","modified_gmt":"2016-01-06T17:26:46","slug":"otorgan-60-bicicletas-a-estudiantes-del-ceia-de-los-andes","status":"publish","type":"post","link":"https:\/\/eltrabajo.cl\/portal\/otorgan-60-bicicletas-a-estudiantes-del-ceia-de-los-andes\/","title":{"rendered":"Otorgan 60 bicicletas a estudiantes del Ceia de Los Andes"},"content":{"rendered":"<figure id=\"attachment_65489\" aria-describedby=\"caption-attachment-65489\" style=\"width: 300px\" class=\"wp-caption alignleft\"><img data-recalc-dims=\"1\" loading=\"lazy\" decoding=\"async\" class=\"wp-image-65489 size-medium\" src=\"https:\/\/i0.wp.com\/www.eltrabajo.cl\/portal\/wp-content\/uploads\/2016\/01\/Entrega-bicicletas-Ceia-1-300x198.jpg?resize=300%2C198\" alt=\"Fueron 60 bicicletas entregadas a estudiantes del Centro de Educaci\u00f3n Especial de Adultos (Ceia) de Los Andes.\" width=\"300\" height=\"198\" srcset=\"https:\/\/i0.wp.com\/eltrabajo.cl\/portal\/wp-content\/uploads\/2016\/01\/Entrega-bicicletas-Ceia-1.jpg?resize=300%2C198&amp;ssl=1 300w, https:\/\/i0.wp.com\/eltrabajo.cl\/portal\/wp-content\/uploads\/2016\/01\/Entrega-bicicletas-Ceia-1.jpg?resize=200%2C132&amp;ssl=1 200w, https:\/\/i0.wp.com\/eltrabajo.cl\/portal\/wp-content\/uploads\/2016\/01\/Entrega-bicicletas-Ceia-1.jpg?resize=228%2C150&amp;ssl=1 228w, https:\/\/i0.wp.com\/eltrabajo.cl\/portal\/wp-content\/uploads\/2016\/01\/Entrega-bicicletas-Ceia-1.jpg?resize=400%2C263&amp;ssl=1 400w, https:\/\/i0.wp.com\/eltrabajo.cl\/portal\/wp-content\/uploads\/2016\/01\/Entrega-bicicletas-Ceia-1.jpg?w=530&amp;ssl=1 530w\" sizes=\"auto, (max-width: 300px) 100vw, 300px\" \/><figcaption id=\"caption-attachment-65489\" class=\"wp-caption-text\">Fueron 60 bicicletas entregadas a estudiantes del Centro de Educaci\u00f3n Especial de Adultos (Ceia) de Los Andes.<\/figcaption><\/figure>\n<ul>\n<li><strong>Gracias a estos veh\u00edculos podr\u00e1n acceder con mayor facilidad a sus clases para completar estudios b\u00e1sicos y medios.<\/strong><\/li>\n<\/ul>\n<p><strong>LOS ANDES.<\/strong>&#8211; El Centro de Educaci\u00f3n Especial de Adultos (Ceia) Dr. Osvaldo Rojas de Los Andes hizo entrega de 60 bicicletas a sus alumnos a fin de facilitarles su concurrencia al establecimiento educacional para completar sus estudios b\u00e1sicos y medios.<br \/>\nLa directora del establecimiento educacional, Ana Le\u00f3n Castro, se\u00f1al\u00f3 que gracias a recursos que entrega el Ministerio de Educaci\u00f3n para ir en ayuda de los alumnos prioritarios o de escasos recursos, pudieron adquirir estos veh\u00edculos a fin de permitir que los estudiantes tengan mayores posibilidades de acceder a sus cursos.<br \/>\nRecord\u00f3 que muchas veces las personas desertan del sistema escolar debido a que viven en sectores apartados y con escasa movilizaci\u00f3n, por lo que con las bicicletas pueden llegar a tiempo a sus clases para nivelar o completar sus estudios b\u00e1sicos y medios.<br \/>\nLa directora sostuvo que estos recursos que han recibido del Mineduc tambi\u00e9n han sido invertidos en visitas guiadas a museos, tanto de la Quinta Regi\u00f3n como de la Metropolitana, abriendo as\u00ed el espectro de conocimientos de los estudiantes.<br \/>\nAdicionalmente a ello se est\u00e1 ejecutando un programa de Activaci\u00f3n de la Inteligencia a fin de que los alumnos puedan efectivamente terminar sus estudios mediante la estimulaci\u00f3n cognitiva de sus capacidades, ya que muchos de ellos al estar por largo tiempo sin estudiar han inhibido sus capacidades de aprendizaje.<br \/>\nDe esta forma se garantiza no solo su permanencia en el sistema educativo, sino la finalizaci\u00f3n de manera exitosa de sus estudios.<br \/>\nLa docente manifest\u00f3 tambi\u00e9n que el Ceia imparte cursos de electricidad y estructuras met\u00e1licas, posibilitando tambi\u00e9n una continuidad de estudios t\u00e9cnicos a los alumnos y de esa manera pueden mejorar sus competencias laborales.<br \/>\nEn tal sentido, destac\u00f3 los logros alcanzados por el Ceia en el aumento de su matr\u00edcula que actualmente llega a los 950 alumnos y tambi\u00e9n a que el establecimiento se encuentra validado como entidad examinadora de cursos t\u00e9cnicos, todo ello avalado por un trabajo conjunto con empresas de la zona.<\/p>\n","protected":false},"excerpt":{"rendered":"<p>Gracias a estos veh\u00edculos podr\u00e1n acceder con mayor facilidad a sus clases para completar estudios b\u00e1sicos y medios. LOS ANDES.&#8211; El Centro de Educaci\u00f3n Especial de Adultos (Ceia) Dr. Osvaldo Rojas de&#8230;<\/p>\n","protected":false},"author":482,"featured_media":65489,"comment_status":"open","ping_status":"open","sticky":false,"template":"","format":"standard","meta":{"advanced_seo_description":"","jetpack_seo_html_title":"","jetpack_seo_noindex":false,"_jetpack_memberships_contains_paid_content":false,"footnotes":""},"categories":[15],"tags":[],"class_list":["post-65488","post","type-post","status-publish","format-standard","has-post-thumbnail","hentry","category-comunidad"],"jetpack_featured_media_url":"https:\/\/i0.wp.com\/eltrabajo.cl\/portal\/wp-content\/uploads\/2016\/01\/Entrega-bicicletas-Ceia-1.jpg?fit=530%2C349&ssl=1","jetpack_sharing_enabled":true,"jetpack_likes_enabled":true,"jetpack-related-posts":[],"_links":{"self":[{"href":"https:\/\/eltrabajo.cl\/portal\/wp-json\/wp\/v2\/posts\/65488","targetHints":{"allow":["GET"]}}],"collection":[{"href":"https:\/\/eltrabajo.cl\/portal\/wp-json\/wp\/v2\/posts"}],"about":[{"href":"https:\/\/eltrabajo.cl\/portal\/wp-json\/wp\/v2\/types\/post"}],"author":[{"embeddable":true,"href":"https:\/\/eltrabajo.cl\/portal\/wp-json\/wp\/v2\/users\/482"}],"replies":[{"embeddable":true,"href":"https:\/\/eltrabajo.cl\/portal\/wp-json\/wp\/v2\/comments?post=65488"}],"version-history":[{"count":0,"href":"https:\/\/eltrabajo.cl\/portal\/wp-json\/wp\/v2\/posts\/65488\/revisions"}],"wp:featuredmedia":[{"embeddable":true,"href":"https:\/\/eltrabajo.cl\/portal\/wp-json\/wp\/v2\/media\/65489"}],"wp:attachment":[{"href":"https:\/\/eltrabajo.cl\/portal\/wp-json\/wp\/v2\/media?parent=65488"}],"wp:term":[{"taxonomy":"category","embeddable":true,"href":"https:\/\/eltrabajo.cl\/portal\/wp-json\/wp\/v2\/categories?post=65488"},{"taxonomy":"post_tag","embeddable":true,"href":"https:\/\/eltrabajo.cl\/portal\/wp-json\/wp\/v2\/tags?post=65488"}],"curies":[{"name":"wp","href":"https:\/\/api.w.org\/{rel}","templated":true}]}}