{"id":65491,"date":"2016-01-06T14:28:42","date_gmt":"2016-01-06T17:28:42","guid":{"rendered":"http:\/\/www.eltrabajo.cl\/portal\/?p=65491"},"modified":"2016-01-06T14:28:42","modified_gmt":"2016-01-06T17:28:42","slug":"muere-apreciada-poetisa-sanfelipena-azucena-caballero-herrera","status":"publish","type":"post","link":"https:\/\/eltrabajo.cl\/portal\/muere-apreciada-poetisa-sanfelipena-azucena-caballero-herrera\/","title":{"rendered":"Muere apreciada poetisa sanfelipe\u00f1a Azucena Caballero Herrera"},"content":{"rendered":"<figure id=\"attachment_65492\" aria-describedby=\"caption-attachment-65492\" style=\"width: 300px\" class=\"wp-caption alignleft\"><img data-recalc-dims=\"1\" loading=\"lazy\" decoding=\"async\" class=\"wp-image-65492 size-medium\" src=\"https:\/\/i0.wp.com\/www.eltrabajo.cl\/portal\/wp-content\/uploads\/2016\/01\/azucena-caballeroBase1-300x198.jpg?resize=300%2C198\" alt=\"Azucena Caballero en la fotograf\u00eda que ilustra su \u00faltimo libro, 'Sagrada ceniza'', lanzado p\u00fablicamente hace unas semanas en diciembre pasado.\" width=\"300\" height=\"198\" srcset=\"https:\/\/i0.wp.com\/eltrabajo.cl\/portal\/wp-content\/uploads\/2016\/01\/azucena-caballeroBase1.jpg?resize=300%2C198&amp;ssl=1 300w, https:\/\/i0.wp.com\/eltrabajo.cl\/portal\/wp-content\/uploads\/2016\/01\/azucena-caballeroBase1.jpg?resize=200%2C132&amp;ssl=1 200w, https:\/\/i0.wp.com\/eltrabajo.cl\/portal\/wp-content\/uploads\/2016\/01\/azucena-caballeroBase1.jpg?resize=228%2C150&amp;ssl=1 228w, https:\/\/i0.wp.com\/eltrabajo.cl\/portal\/wp-content\/uploads\/2016\/01\/azucena-caballeroBase1.jpg?resize=400%2C263&amp;ssl=1 400w, https:\/\/i0.wp.com\/eltrabajo.cl\/portal\/wp-content\/uploads\/2016\/01\/azucena-caballeroBase1.jpg?w=530&amp;ssl=1 530w\" sizes=\"auto, (max-width: 300px) 100vw, 300px\" \/><figcaption id=\"caption-attachment-65492\" class=\"wp-caption-text\">Azucena Caballero en la fotograf\u00eda que ilustra su \u00faltimo libro, &#8216;Sagrada ceniza\u00bb, lanzado p\u00fablicamente hace unas semanas en diciembre pasado.<\/figcaption><\/figure>\n<p>Profundo pesar y consternaci\u00f3n ha provocado en diferentes c\u00edrculos art\u00edsticos y literarios, tanto a nivel local como nacional e incluso internacional, la muerte de la apreciada y respetada escritora y poetisa Azucena Caballero Herrera, quien la ma\u00f1ana de ayer, a la edad de 82 a\u00f1os, falleci\u00f3 luego de enfrentar una penosa enfermedad, espec\u00edficamente un c\u00e1ncer g\u00e1strico que en los \u00faltimos meses se encarg\u00f3 de apagar lentamente su vida, aunque no logr\u00f3 borrarle la sonrisa del rostro ni esa forma tan especial de tratar a las personas.<br \/>\nPresidenta de la Filial San Felipe de la Sociedad de Escritores de Chile y columnista de nuestro medio durante los \u00faltimos cuatro a\u00f1os, donde desarroll\u00f3 su columna \u2018Aplausos\u2019 hasta octubre del a\u00f1o reci\u00e9n pasado, cuando ya la enfermedad hab\u00eda amilanado parte de sus fuerzas, dedicando todo su tiempo y energ\u00eda para lo que ser\u00eda el lanzamiento de su \u00faltimo libro, \u2018Sagrada Ceniza\u2019, el que se realiz\u00f3 en una emotiva ceremonia realizada el viernes 11 de diciembre de 2015.<br \/>\nAzucena Caballero fue una mujer sanfelipe\u00f1a, nacida y criada en nuestra ciudad. Hija de Manuel Caballero Silva e Idilia Herrera Aspe\u00e9. Tuvo ocho hijos con su primer esposo Alberto Montenegro, fallecido en 1999: Marcos Alberto, Mar\u00eda Gisella, Ximena Evelina, Leticia del Pilar, Cristian Manuel, Rub\u00e9n Dar\u00edo, Claudia Lucinda y Mauricio Emilio. En 2011 contrajo matrimonio con el periodista costarricense Roberto Gonz\u00e1lez Short.<\/p>\n<figure id=\"attachment_65493\" aria-describedby=\"caption-attachment-65493\" style=\"width: 300px\" class=\"wp-caption alignright\"><img data-recalc-dims=\"1\" loading=\"lazy\" decoding=\"async\" class=\"wp-image-65493 size-medium\" src=\"https:\/\/i0.wp.com\/www.eltrabajo.cl\/portal\/wp-content\/uploads\/2016\/01\/azucena-Premiada-el-11-de-dic-300x198.jpg?resize=300%2C198\" alt=\"El pasado 11 de diciembre, durante el lanzamiento de su \u00faltimo libro, Azucena Caballero fue distinguida por la Municipalidad de San Felipe.\" width=\"300\" height=\"198\" srcset=\"https:\/\/i0.wp.com\/eltrabajo.cl\/portal\/wp-content\/uploads\/2016\/01\/azucena-Premiada-el-11-de-dic.jpg?resize=300%2C198&amp;ssl=1 300w, https:\/\/i0.wp.com\/eltrabajo.cl\/portal\/wp-content\/uploads\/2016\/01\/azucena-Premiada-el-11-de-dic.jpg?resize=200%2C132&amp;ssl=1 200w, https:\/\/i0.wp.com\/eltrabajo.cl\/portal\/wp-content\/uploads\/2016\/01\/azucena-Premiada-el-11-de-dic.jpg?resize=227%2C150&amp;ssl=1 227w, https:\/\/i0.wp.com\/eltrabajo.cl\/portal\/wp-content\/uploads\/2016\/01\/azucena-Premiada-el-11-de-dic.jpg?resize=400%2C264&amp;ssl=1 400w, https:\/\/i0.wp.com\/eltrabajo.cl\/portal\/wp-content\/uploads\/2016\/01\/azucena-Premiada-el-11-de-dic.jpg?w=530&amp;ssl=1 530w\" sizes=\"auto, (max-width: 300px) 100vw, 300px\" \/><figcaption id=\"caption-attachment-65493\" class=\"wp-caption-text\">El pasado 11 de diciembre, durante el lanzamiento de su \u00faltimo libro, Azucena Caballero fue distinguida por la Municipalidad de San Felipe.<\/figcaption><\/figure>\n<p>Su incursi\u00f3n en el mundo de las letras se produce en forma tard\u00eda, a fines de los 70 y comienzos de la d\u00e9cada del 80, cuando ingresa al Taller Literario Ernesto Montenegro. En 1982 asumi\u00f3 como encargada de la Casa Municipal de la Cultura, funci\u00f3n que desempe\u00f1ar\u00eda hasta 1986. A partir del mismo a\u00f1o se hace cargo de la Galer\u00eda de Arte San Felipe El Real hasta 1994 (actual teatro municipal), donde expon\u00edan pintores como Jabal Sen, Carlos Ruiz Zald\u00edvar y Pedro Aranda, entre otros. Tambi\u00e9n permaneci\u00f3 desde 1994 como Conservadora de la Biblioteca Fundaci\u00f3n Hermanos Arabena Williams, hasta que se acogi\u00f3 a retiro voluntario en 2007.<br \/>\nEn la d\u00e9cada del 90 fund\u00f3 tambi\u00e9n el Taller de creaci\u00f3n literaria Letras 94, como asimismo el Grupo Clepsidra, el Grupo Daguerrotipo y la misma Sech San Felipe, donde participa junto a otros escritores como Carlos Ruiz, Marcos L\u00f3pez, Carlos Montero, Zenobio Saldivia, Julio Merino y Alejandro Barahona.<\/p>\n<p><strong>HASTA SIEMPRE<\/strong><br \/>\nLa muerte de Azucena Caballero, si bien era esperada por cuanto su enfermedad era incurable, no dej\u00f3 de sorprender por la rapidez con que se hizo presente, causando un verdadero dolor entre quienes la conocieron.<br \/>\nSu actual esposo, hoy viudo, Roberto Gonz\u00e1lez, quiso decir estas palabras ante la irreparable p\u00e9rdida:<br \/>\n\u00abAzucena Caballero se fue satisfecha; pudo despedirse de casi todos sus amigos; lanzar su libro n\u00famero once con el aplauso de sus pares y de nuestras autoridades; San Felipe ha perdido a una digna Hija de Aconcagua, porque ella perteneci\u00f3 a una generaci\u00f3n ya extinta de literatos puros.<br \/>\n\u00abComo su esposo le estoy agradecido a Dios por regalarme estos seis a\u00f1os a su lado; aprend\u00ed mucho con ella y de ella, agradezco a Diario El Trabajo tambi\u00e9n, por todo el respaldo que dieron a Azucena, pues siempre se dio una cobertura especial a sus proyectos literarios en nuestra provincia, tambi\u00e9n gracias a quienes en estos meses de lucha contra el c\u00e1ncer que sufr\u00eda, se hicieron presente de alguna manera para darle una palabra de aliento y solidaridad. Los hijos de Azucena tambi\u00e9n como yo, estamos agradecidos por el apoyo del alcalde Patricio Freire y concejales, en la presentaci\u00f3n de su libro hace pocas semanas\u00bb.<br \/>\nDiario El Trabajo desea expresar un c\u00e1lido Hasta Siempre a Azucena Caballero Herrera, una mujer con grandes virtudes humanas que se marcha de este mundo f\u00edsico al misterio insondable de la muerte, dejando a muchas personas sufriendo por esta partida. A toda su familia, nuestras m\u00e1s sinceras condolencias. Ha partido una artista y eso se resiente.<br \/>\nSus restos est\u00e1n siendo velados en la Catedral, lugar donde hoy a las 10,30 horas se efectuar\u00e1 una misa por el eterno descanso de su alma. Tal como lo pidi\u00f3 en vida, sus restos ser\u00e1n incinerados hoy en la tarde y sus cenizas esparcidas en el sector de Tierras Blancas.<\/p>\n","protected":false},"excerpt":{"rendered":"<p>Profundo pesar y consternaci\u00f3n ha provocado en diferentes c\u00edrculos art\u00edsticos y literarios, tanto a nivel local como nacional e incluso internacional, la muerte de la apreciada y respetada escritora y poetisa Azucena&#8230;<\/p>\n","protected":false},"author":482,"featured_media":65492,"comment_status":"open","ping_status":"open","sticky":false,"template":"","format":"standard","meta":{"advanced_seo_description":"","jetpack_seo_html_title":"","jetpack_seo_noindex":false,"_jetpack_memberships_contains_paid_content":false,"footnotes":""},"categories":[15],"tags":[],"class_list":["post-65491","post","type-post","status-publish","format-standard","has-post-thumbnail","hentry","category-comunidad"],"jetpack_featured_media_url":"https:\/\/i0.wp.com\/eltrabajo.cl\/portal\/wp-content\/uploads\/2016\/01\/azucena-caballeroBase1.jpg?fit=530%2C349&ssl=1","jetpack_sharing_enabled":true,"jetpack_likes_enabled":true,"jetpack-related-posts":[],"_links":{"self":[{"href":"https:\/\/eltrabajo.cl\/portal\/wp-json\/wp\/v2\/posts\/65491","targetHints":{"allow":["GET"]}}],"collection":[{"href":"https:\/\/eltrabajo.cl\/portal\/wp-json\/wp\/v2\/posts"}],"about":[{"href":"https:\/\/eltrabajo.cl\/portal\/wp-json\/wp\/v2\/types\/post"}],"author":[{"embeddable":true,"href":"https:\/\/eltrabajo.cl\/portal\/wp-json\/wp\/v2\/users\/482"}],"replies":[{"embeddable":true,"href":"https:\/\/eltrabajo.cl\/portal\/wp-json\/wp\/v2\/comments?post=65491"}],"version-history":[{"count":0,"href":"https:\/\/eltrabajo.cl\/portal\/wp-json\/wp\/v2\/posts\/65491\/revisions"}],"wp:featuredmedia":[{"embeddable":true,"href":"https:\/\/eltrabajo.cl\/portal\/wp-json\/wp\/v2\/media\/65492"}],"wp:attachment":[{"href":"https:\/\/eltrabajo.cl\/portal\/wp-json\/wp\/v2\/media?parent=65491"}],"wp:term":[{"taxonomy":"category","embeddable":true,"href":"https:\/\/eltrabajo.cl\/portal\/wp-json\/wp\/v2\/categories?post=65491"},{"taxonomy":"post_tag","embeddable":true,"href":"https:\/\/eltrabajo.cl\/portal\/wp-json\/wp\/v2\/tags?post=65491"}],"curies":[{"name":"wp","href":"https:\/\/api.w.org\/{rel}","templated":true}]}}