{"id":65495,"date":"2016-01-06T14:29:45","date_gmt":"2016-01-06T17:29:45","guid":{"rendered":"http:\/\/www.eltrabajo.cl\/portal\/?p=65495"},"modified":"2016-01-06T14:29:45","modified_gmt":"2016-01-06T17:29:45","slug":"inicia-proceso-de-admision-2016-para-escuela-de-formacion-de-carabineros","status":"publish","type":"post","link":"https:\/\/eltrabajo.cl\/portal\/inicia-proceso-de-admision-2016-para-escuela-de-formacion-de-carabineros\/","title":{"rendered":"Inicia proceso de admisi\u00f3n 2016 para Escuela de Formaci\u00f3n de Carabineros"},"content":{"rendered":"<figure id=\"attachment_65496\" aria-describedby=\"caption-attachment-65496\" style=\"width: 300px\" class=\"wp-caption alignleft\"><img data-recalc-dims=\"1\" loading=\"lazy\" decoding=\"async\" class=\"wp-image-65496 size-medium\" src=\"https:\/\/i0.wp.com\/www.eltrabajo.cl\/portal\/wp-content\/uploads\/2016\/01\/Campana-Esfocar-300x198.jpg?resize=300%2C198\" alt=\"Se inici\u00f3 el per\u00edodo de inscripciones para quienes deseen postular al Curso de Formaci\u00f3n de Carabinero, que comenzar\u00e1 el pr\u00f3ximo mes de junio del a\u00f1o en curso. (Foto referencial).\" width=\"300\" height=\"198\" srcset=\"https:\/\/i0.wp.com\/eltrabajo.cl\/portal\/wp-content\/uploads\/2016\/01\/Campana-Esfocar.jpg?resize=300%2C198&amp;ssl=1 300w, https:\/\/i0.wp.com\/eltrabajo.cl\/portal\/wp-content\/uploads\/2016\/01\/Campana-Esfocar.jpg?resize=200%2C132&amp;ssl=1 200w, https:\/\/i0.wp.com\/eltrabajo.cl\/portal\/wp-content\/uploads\/2016\/01\/Campana-Esfocar.jpg?resize=228%2C150&amp;ssl=1 228w, https:\/\/i0.wp.com\/eltrabajo.cl\/portal\/wp-content\/uploads\/2016\/01\/Campana-Esfocar.jpg?resize=400%2C263&amp;ssl=1 400w, https:\/\/i0.wp.com\/eltrabajo.cl\/portal\/wp-content\/uploads\/2016\/01\/Campana-Esfocar.jpg?w=530&amp;ssl=1 530w\" sizes=\"auto, (max-width: 300px) 100vw, 300px\" \/><figcaption id=\"caption-attachment-65496\" class=\"wp-caption-text\">Se inici\u00f3 el per\u00edodo de inscripciones para quienes deseen postular al Curso de Formaci\u00f3n de Carabinero, que comenzar\u00e1 el pr\u00f3ximo mes de junio del a\u00f1o en curso. (Foto referencial).<\/figcaption><\/figure>\n<p>La Oficina de Postulaciones Aconcagua dio inicio oficial al per\u00edodo de inscripciones para j\u00f3venes que deseen postular al Curso de Formaci\u00f3n de Carabinero de Orden y Seguridad, que se iniciar\u00e1 en el pr\u00f3ximo mes de junio del a\u00f1o en curso.<br \/>\nLos interesados en participar del proceso de Admisi\u00f3n 2016 de la Escuela de Formaci\u00f3n de Carabineros (Esfocar), deber\u00e1n aprobar una serie de ex\u00e1menes de salud, f\u00edsicos y entrevistas personales, que se rendir\u00e1n en Santiago y en dependencias de la Prefectura Aconcagua.<br \/>\nSeg\u00fan inform\u00f3 personal de la instituci\u00f3n policial, las inscripciones son totalmente gratuitas, as\u00ed como tambi\u00e9n, el per\u00edodo de instrucci\u00f3n, el cual tiene una extensi\u00f3n de 2 semestres y se realiza en modalidad de internado, en cualquiera de las sedes de Esfocar, ubicadas a lo largo del pa\u00eds.<br \/>\nEn tanto, quienes sientan la vocaci\u00f3n por integrar las filas de Carabineros de Chile y que residan en las provincias de San Felipe y Los Andes, deben presentarse con carnet de identidad, en la Oficina de Postulaciones Aconcagua, ubicada en avenida O\u2019Higgins 200, San Felipe.<\/p>\n","protected":false},"excerpt":{"rendered":"<p>La Oficina de Postulaciones Aconcagua dio inicio oficial al per\u00edodo de inscripciones para j\u00f3venes que deseen postular al Curso de Formaci\u00f3n de Carabinero de Orden y Seguridad, que se iniciar\u00e1 en el&#8230;<\/p>\n","protected":false},"author":482,"featured_media":65496,"comment_status":"open","ping_status":"open","sticky":false,"template":"","format":"standard","meta":{"advanced_seo_description":"","jetpack_seo_html_title":"","jetpack_seo_noindex":false,"_jetpack_memberships_contains_paid_content":false,"footnotes":""},"categories":[1],"tags":[],"class_list":["post-65495","post","type-post","status-publish","format-standard","has-post-thumbnail","hentry","category-cronica"],"jetpack_featured_media_url":"https:\/\/i0.wp.com\/eltrabajo.cl\/portal\/wp-content\/uploads\/2016\/01\/Campana-Esfocar.jpg?fit=530%2C349&ssl=1","jetpack_sharing_enabled":true,"jetpack_likes_enabled":true,"jetpack-related-posts":[],"_links":{"self":[{"href":"https:\/\/eltrabajo.cl\/portal\/wp-json\/wp\/v2\/posts\/65495","targetHints":{"allow":["GET"]}}],"collection":[{"href":"https:\/\/eltrabajo.cl\/portal\/wp-json\/wp\/v2\/posts"}],"about":[{"href":"https:\/\/eltrabajo.cl\/portal\/wp-json\/wp\/v2\/types\/post"}],"author":[{"embeddable":true,"href":"https:\/\/eltrabajo.cl\/portal\/wp-json\/wp\/v2\/users\/482"}],"replies":[{"embeddable":true,"href":"https:\/\/eltrabajo.cl\/portal\/wp-json\/wp\/v2\/comments?post=65495"}],"version-history":[{"count":0,"href":"https:\/\/eltrabajo.cl\/portal\/wp-json\/wp\/v2\/posts\/65495\/revisions"}],"wp:featuredmedia":[{"embeddable":true,"href":"https:\/\/eltrabajo.cl\/portal\/wp-json\/wp\/v2\/media\/65496"}],"wp:attachment":[{"href":"https:\/\/eltrabajo.cl\/portal\/wp-json\/wp\/v2\/media?parent=65495"}],"wp:term":[{"taxonomy":"category","embeddable":true,"href":"https:\/\/eltrabajo.cl\/portal\/wp-json\/wp\/v2\/categories?post=65495"},{"taxonomy":"post_tag","embeddable":true,"href":"https:\/\/eltrabajo.cl\/portal\/wp-json\/wp\/v2\/tags?post=65495"}],"curies":[{"name":"wp","href":"https:\/\/api.w.org\/{rel}","templated":true}]}}