{"id":65498,"date":"2016-01-06T14:31:10","date_gmt":"2016-01-06T17:31:10","guid":{"rendered":"http:\/\/www.eltrabajo.cl\/portal\/?p=65498"},"modified":"2016-01-06T14:31:10","modified_gmt":"2016-01-06T17:31:10","slug":"andes-cooper-paralizo-trabajos-tras-dictamen-de-la-corte-de-apelaciones","status":"publish","type":"post","link":"https:\/\/eltrabajo.cl\/portal\/andes-cooper-paralizo-trabajos-tras-dictamen-de-la-corte-de-apelaciones\/","title":{"rendered":"Andes Cooper paraliz\u00f3 trabajos tras dictamen de la Corte de Apelaciones"},"content":{"rendered":"<figure id=\"attachment_65499\" aria-describedby=\"caption-attachment-65499\" style=\"width: 300px\" class=\"wp-caption alignleft\"><img data-recalc-dims=\"1\" loading=\"lazy\" decoding=\"async\" class=\"wp-image-65499 size-medium\" src=\"https:\/\/i0.wp.com\/www.eltrabajo.cl\/portal\/wp-content\/uploads\/2016\/01\/Recurso-Andes-Cooper-2-1-300x198.jpg?resize=300%2C198\" alt=\"Durante el lunes, la empresa retir\u00f3 maquinaria que realizaba trabajos de prospecci\u00f3n en el interior del sector Los Patos.\" width=\"300\" height=\"198\" srcset=\"https:\/\/i0.wp.com\/eltrabajo.cl\/portal\/wp-content\/uploads\/2016\/01\/Recurso-Andes-Cooper-2-1.jpg?resize=300%2C198&amp;ssl=1 300w, https:\/\/i0.wp.com\/eltrabajo.cl\/portal\/wp-content\/uploads\/2016\/01\/Recurso-Andes-Cooper-2-1.jpg?resize=200%2C132&amp;ssl=1 200w, https:\/\/i0.wp.com\/eltrabajo.cl\/portal\/wp-content\/uploads\/2016\/01\/Recurso-Andes-Cooper-2-1.jpg?resize=228%2C150&amp;ssl=1 228w, https:\/\/i0.wp.com\/eltrabajo.cl\/portal\/wp-content\/uploads\/2016\/01\/Recurso-Andes-Cooper-2-1.jpg?resize=400%2C263&amp;ssl=1 400w, https:\/\/i0.wp.com\/eltrabajo.cl\/portal\/wp-content\/uploads\/2016\/01\/Recurso-Andes-Cooper-2-1.jpg?w=530&amp;ssl=1 530w\" sizes=\"auto, (max-width: 300px) 100vw, 300px\" \/><figcaption id=\"caption-attachment-65499\" class=\"wp-caption-text\">Durante el lunes, la empresa retir\u00f3 maquinaria que realizaba trabajos de prospecci\u00f3n en el interior del sector Los Patos.<\/figcaption><\/figure>\n<ul>\n<li><strong>La empresa tambi\u00e9n retir\u00f3 maquinaria del lugar.<\/strong><\/li>\n<\/ul>\n<p><strong>PUTAENDO.<\/strong>&#8211; Hace algunos d\u00edas era s\u00f3lo un rumor y ya de manera oficial se pudo comprobar que durante este lunes la empresa Andes Cooper procedi\u00f3 a retirar maquinaria desde el interior del sector Los Patos, donde desempe\u00f1aban trabajos de prospecci\u00f3n.<br \/>\nEn lo expresado en el comunicado oficial enviado por la empresa canadiense hace algunos d\u00edas, no dejaba en claro si acatar\u00eda la resoluci\u00f3n de la Corte de Apelaciones de Valpara\u00edso, en cuanto a paralizar las obras en el sector, efectivamente Andes Cooper suspendi\u00f3 tales faenas, lo que qued\u00f3 de manifiesto con el retiro de maquinaria y luego que los turnos de trabajadores no subieran hasta el campamento minero de la empresa.<br \/>\nEsta situaci\u00f3n fue gatillada tras los recursos de protecci\u00f3n interpuestos contra la multinacional por parte del empresario Luis Arancibia y posteriormente por la Junta de Vecinos de El T\u00e1rtaro en la Corte de Apelaciones porte\u00f1a.<br \/>\nNuestras fuentes indicaban que en un principio Andes Cooper no paralizar\u00eda los trabajos, pues argumentaban que el recurso aceptado por la corte tendr\u00eda un peque\u00f1o vac\u00edo legal, que establecer\u00eda que se deben suspender las perforaciones sobre glaciares de roca y el cauce del R\u00edo Roc\u00edn, lo que incluso dejar\u00eda la puerta abierta para no paralizar la totalidad de las obras.<br \/>\nNo obstante aquello, los recursos presentados y los ya anunciados habr\u00edan generado que la empresa echara pie atr\u00e1s en su decisi\u00f3n, accediendo a suspender las faenas al interior de Los Patos.<br \/>\n<strong>Patricio Gallardo M.<\/strong><\/p>\n","protected":false},"excerpt":{"rendered":"<p>La empresa tambi\u00e9n retir\u00f3 maquinaria del lugar. PUTAENDO.&#8211; Hace algunos d\u00edas era s\u00f3lo un rumor y ya de manera oficial se pudo comprobar que durante este lunes la empresa Andes Cooper procedi\u00f3&#8230;<\/p>\n","protected":false},"author":482,"featured_media":65499,"comment_status":"open","ping_status":"open","sticky":false,"template":"","format":"standard","meta":{"advanced_seo_description":"","jetpack_seo_html_title":"","jetpack_seo_noindex":false,"_jetpack_memberships_contains_paid_content":false,"footnotes":""},"categories":[1],"tags":[],"class_list":["post-65498","post","type-post","status-publish","format-standard","has-post-thumbnail","hentry","category-cronica"],"jetpack_featured_media_url":"https:\/\/i0.wp.com\/eltrabajo.cl\/portal\/wp-content\/uploads\/2016\/01\/Recurso-Andes-Cooper-2-1.jpg?fit=530%2C349&ssl=1","jetpack_sharing_enabled":true,"jetpack_likes_enabled":true,"jetpack-related-posts":[],"_links":{"self":[{"href":"https:\/\/eltrabajo.cl\/portal\/wp-json\/wp\/v2\/posts\/65498","targetHints":{"allow":["GET"]}}],"collection":[{"href":"https:\/\/eltrabajo.cl\/portal\/wp-json\/wp\/v2\/posts"}],"about":[{"href":"https:\/\/eltrabajo.cl\/portal\/wp-json\/wp\/v2\/types\/post"}],"author":[{"embeddable":true,"href":"https:\/\/eltrabajo.cl\/portal\/wp-json\/wp\/v2\/users\/482"}],"replies":[{"embeddable":true,"href":"https:\/\/eltrabajo.cl\/portal\/wp-json\/wp\/v2\/comments?post=65498"}],"version-history":[{"count":0,"href":"https:\/\/eltrabajo.cl\/portal\/wp-json\/wp\/v2\/posts\/65498\/revisions"}],"wp:featuredmedia":[{"embeddable":true,"href":"https:\/\/eltrabajo.cl\/portal\/wp-json\/wp\/v2\/media\/65499"}],"wp:attachment":[{"href":"https:\/\/eltrabajo.cl\/portal\/wp-json\/wp\/v2\/media?parent=65498"}],"wp:term":[{"taxonomy":"category","embeddable":true,"href":"https:\/\/eltrabajo.cl\/portal\/wp-json\/wp\/v2\/categories?post=65498"},{"taxonomy":"post_tag","embeddable":true,"href":"https:\/\/eltrabajo.cl\/portal\/wp-json\/wp\/v2\/tags?post=65498"}],"curies":[{"name":"wp","href":"https:\/\/api.w.org\/{rel}","templated":true}]}}