{"id":65504,"date":"2016-01-06T14:34:04","date_gmt":"2016-01-06T17:34:04","guid":{"rendered":"http:\/\/www.eltrabajo.cl\/portal\/?p=65504"},"modified":"2016-01-06T14:34:04","modified_gmt":"2016-01-06T17:34:04","slug":"invitan-a-vecinos-a-informarse-sobre-el-nuevo-registro-social-de-hogares","status":"publish","type":"post","link":"https:\/\/eltrabajo.cl\/portal\/invitan-a-vecinos-a-informarse-sobre-el-nuevo-registro-social-de-hogares\/","title":{"rendered":"Invitan a vecinos a informarse sobre el nuevo Registro Social de Hogares"},"content":{"rendered":"<figure id=\"attachment_65505\" aria-describedby=\"caption-attachment-65505\" style=\"width: 300px\" class=\"wp-caption alignleft\"><img data-recalc-dims=\"1\" loading=\"lazy\" decoding=\"async\" class=\"wp-image-65505 size-medium\" src=\"https:\/\/i0.wp.com\/www.eltrabajo.cl\/portal\/wp-content\/uploads\/2016\/01\/pablo-silva-300x197.jpg?resize=300%2C197\" alt=\"Pablo Silva N\u00fa\u00f1ez, el director de Desarrollo Comunitario de la Municipalidad de San Felipe.\" width=\"300\" height=\"197\" srcset=\"https:\/\/i0.wp.com\/eltrabajo.cl\/portal\/wp-content\/uploads\/2016\/01\/pablo-silva.jpg?resize=300%2C197&amp;ssl=1 300w, https:\/\/i0.wp.com\/eltrabajo.cl\/portal\/wp-content\/uploads\/2016\/01\/pablo-silva.jpg?resize=200%2C131&amp;ssl=1 200w, https:\/\/i0.wp.com\/eltrabajo.cl\/portal\/wp-content\/uploads\/2016\/01\/pablo-silva.jpg?resize=228%2C150&amp;ssl=1 228w, https:\/\/i0.wp.com\/eltrabajo.cl\/portal\/wp-content\/uploads\/2016\/01\/pablo-silva.jpg?resize=400%2C263&amp;ssl=1 400w, https:\/\/i0.wp.com\/eltrabajo.cl\/portal\/wp-content\/uploads\/2016\/01\/pablo-silva.jpg?w=530&amp;ssl=1 530w\" sizes=\"auto, (max-width: 300px) 100vw, 300px\" \/><figcaption id=\"caption-attachment-65505\" class=\"wp-caption-text\">Pablo Silva N\u00fa\u00f1ez, el director de Desarrollo Comunitario de la Municipalidad de San Felipe.<\/figcaption><\/figure>\n<ul>\n<li><strong>Alcalde Freire destac\u00f3 que esta nueva pol\u00edtica de gobierno favorecer\u00e1 a m\u00e1s sanfelipe\u00f1os para que puedan acceder a beneficios de Estado.<\/strong><\/li>\n<\/ul>\n<p>Un llamado a los vecinos de la comuna de San Felipe formul\u00f3 el director de Desarrollo Comunitario de la Municipalidad, Pablo Silva N\u00fa\u00f1ez, para que se informen sobre el Nuevo Registro Social de Hogares, el que reemplazar\u00e1 a la Ficha de Protecci\u00f3n Social, cumpliendo as\u00ed con la nueva pol\u00edtica de protecci\u00f3n social de gobierno.<br \/>\nSeg\u00fan dijo Silva, el municipio a\u00fan est\u00e1 recibiendo instrucciones y su personal del \u00e1rea social, la debida capacitaci\u00f3n, con la finalidad de poner en funcionamiento este nuevo sistema que permitir\u00e1 determinar m\u00e1s all\u00e1 de la condici\u00f3n de vulnerabilidad de una familia, la realidad social de \u00e9stas, permitiendo as\u00ed tener una radiograf\u00eda real acerca de su situaci\u00f3n y la posibilidad de acceder a alg\u00fan beneficio.<br \/>\nEn este sentido, manifest\u00f3 que idealmente los vecinos deben acercarse a la Dideco, en Salinas 381 o bien en la oficina de la ex Ficha de Protecci\u00f3n Social, en San Mart\u00edn casi esquina de Traslavi\u00f1a, para solicitar informaci\u00f3n y conocer cu\u00e1l es su situaci\u00f3n en este nuevo contexto.<br \/>\n\u201cInvitamos a los vecinos a informarse con nosotros, el equipo profesional y multidisciplinario est\u00e1 llano a atender consultas e inquietudes, a objeto de ir aclarando dudas en torno a este tema que sabemos es muy sensible a partir de la realidad de muchas familias, que con la Ficha de Protecci\u00f3n Social registraban un puntaje que le imped\u00eda acceder a cualquier beneficio del Estado, principalmente por un tema de ingresos econ\u00f3micos\u201d, explic\u00f3.<br \/>\nA\u00f1adi\u00f3 que \u201cen adelante, este nuevo sistema considera no s\u00f3lo el ingreso que tiene la familia, sino tambi\u00e9n los gastos que registran, pues son m\u00e1s los chilenos que est\u00e1n endeudados y por ende, sus remuneraciones no las destinan completas para vivir. Por tanto, su situaci\u00f3n real no siempre se condice con la renta que percibe\u201d.<br \/>\nEn este mismo sentido, el alcalde Patricio Freire precis\u00f3 que este nuevo instrumento posee una serie de caracter\u00edsticas que la hacen mucho m\u00e1s aterrizada a la realidad de las familias, respecto de la Ficha de Protecci\u00f3n Social.<br \/>\nRige desde el 01 de enero de 2016, con el objetivo de apoyar la postulaci\u00f3n y selecci\u00f3n de beneficiarios de las instituciones y organismos del Estado que otorgan prestaciones sociales. \u201cEs un instrumento que creemos va a favorecer a muchos sanfelipe\u00f1os para que puedan acceder a beneficios del Estado, por eso es importante informarse\u201d, dijo el jefe comunal.<br \/>\nAdem\u00e1s agreg\u00f3 que el Registro Social de Hogares es un sistema de informaci\u00f3n construido con informaci\u00f3n aportada por el hogar y bases de datos que posee el Estado, como Registro Social de Hogares, Servicio de Impuestos Internos (SII), Registro Civil, Administradora del Fondo de Cesant\u00eda (AFC), Instituto de Previsi\u00f3n Social (IPS), Superintendencia de Salud y Ministerio de Educaci\u00f3n, entre otros.<br \/>\nEl Registro Social de Hogares, en base a la informaci\u00f3n aportada por una persona del hogar mayor de 18 a\u00f1os y los datos administrativos que posee el Estado, ubica al hogar en un tramo de Calificaci\u00f3n Socioecon\u00f3mica.<br \/>\nRespecto de la calificaci\u00f3n socioecon\u00f3mica, un tema de consulta recurrente, se construye a partir de la suma de ingresos efectivos de las personas que componen un hogar, y son ajustados por el nivel de dependencia de personas con discapacidad, menores de edad y adultos mayores que integran el hogar. Asimismo, se validan las condiciones de vida de la familia, considerando seg\u00fan corresponda: tenencia de propiedades y veh\u00edculos, valor del plan de salud en Isapre y mensualidad de colegios particulares de los miembros del hogar.<\/p>\n","protected":false},"excerpt":{"rendered":"<p>Alcalde Freire destac\u00f3 que esta nueva pol\u00edtica de gobierno favorecer\u00e1 a m\u00e1s sanfelipe\u00f1os para que puedan acceder a beneficios de Estado. Un llamado a los vecinos de la comuna de San Felipe&#8230;<\/p>\n","protected":false},"author":482,"featured_media":65505,"comment_status":"open","ping_status":"open","sticky":false,"template":"","format":"standard","meta":{"advanced_seo_description":"","jetpack_seo_html_title":"","jetpack_seo_noindex":false,"_jetpack_memberships_contains_paid_content":false,"footnotes":""},"categories":[1],"tags":[],"class_list":["post-65504","post","type-post","status-publish","format-standard","has-post-thumbnail","hentry","category-cronica"],"jetpack_featured_media_url":"https:\/\/i0.wp.com\/eltrabajo.cl\/portal\/wp-content\/uploads\/2016\/01\/pablo-silva.jpg?fit=530%2C348&ssl=1","jetpack_sharing_enabled":true,"jetpack_likes_enabled":true,"jetpack-related-posts":[],"_links":{"self":[{"href":"https:\/\/eltrabajo.cl\/portal\/wp-json\/wp\/v2\/posts\/65504","targetHints":{"allow":["GET"]}}],"collection":[{"href":"https:\/\/eltrabajo.cl\/portal\/wp-json\/wp\/v2\/posts"}],"about":[{"href":"https:\/\/eltrabajo.cl\/portal\/wp-json\/wp\/v2\/types\/post"}],"author":[{"embeddable":true,"href":"https:\/\/eltrabajo.cl\/portal\/wp-json\/wp\/v2\/users\/482"}],"replies":[{"embeddable":true,"href":"https:\/\/eltrabajo.cl\/portal\/wp-json\/wp\/v2\/comments?post=65504"}],"version-history":[{"count":0,"href":"https:\/\/eltrabajo.cl\/portal\/wp-json\/wp\/v2\/posts\/65504\/revisions"}],"wp:featuredmedia":[{"embeddable":true,"href":"https:\/\/eltrabajo.cl\/portal\/wp-json\/wp\/v2\/media\/65505"}],"wp:attachment":[{"href":"https:\/\/eltrabajo.cl\/portal\/wp-json\/wp\/v2\/media?parent=65504"}],"wp:term":[{"taxonomy":"category","embeddable":true,"href":"https:\/\/eltrabajo.cl\/portal\/wp-json\/wp\/v2\/categories?post=65504"},{"taxonomy":"post_tag","embeddable":true,"href":"https:\/\/eltrabajo.cl\/portal\/wp-json\/wp\/v2\/tags?post=65504"}],"curies":[{"name":"wp","href":"https:\/\/api.w.org\/{rel}","templated":true}]}}