{"id":65507,"date":"2016-01-06T14:37:02","date_gmt":"2016-01-06T17:37:02","guid":{"rendered":"http:\/\/www.eltrabajo.cl\/portal\/?p=65507"},"modified":"2016-01-06T14:37:02","modified_gmt":"2016-01-06T17:37:02","slug":"a-fines-de-mes-comenzaria-funcionamiento-del-ascensor-del-edificio-municipal-de-san-felipe","status":"publish","type":"post","link":"https:\/\/eltrabajo.cl\/portal\/a-fines-de-mes-comenzaria-funcionamiento-del-ascensor-del-edificio-municipal-de-san-felipe\/","title":{"rendered":"A fines de mes comenzar\u00eda funcionamiento del ascensor del Edificio Municipal de San Felipe"},"content":{"rendered":"<figure id=\"attachment_65508\" aria-describedby=\"caption-attachment-65508\" style=\"width: 300px\" class=\"wp-caption alignleft\"><img data-recalc-dims=\"1\" loading=\"lazy\" decoding=\"async\" class=\"wp-image-65508 size-medium\" src=\"https:\/\/i0.wp.com\/www.eltrabajo.cl\/portal\/wp-content\/uploads\/2016\/01\/FOTO-2-ESTRUCTURA-AUTO-SOPORTANTE-DEL-ASCENSOR-MUNICIPAL-QUE-DEBIERA-ESTAR-EN-FUNCIONAMIENTO-A-FINES-DE-MES-300x197.jpg?resize=300%2C197\" alt=\"Estructura auto soportante del ascensor municipal que debiera estar en funcionamiento a fines de mes.\" width=\"300\" height=\"197\" srcset=\"https:\/\/i0.wp.com\/eltrabajo.cl\/portal\/wp-content\/uploads\/2016\/01\/FOTO-2-ESTRUCTURA-AUTO-SOPORTANTE-DEL-ASCENSOR-MUNICIPAL-QUE-DEBIERA-ESTAR-EN-FUNCIONAMIENTO-A-FINES-DE-MES.jpg?resize=300%2C197&amp;ssl=1 300w, https:\/\/i0.wp.com\/eltrabajo.cl\/portal\/wp-content\/uploads\/2016\/01\/FOTO-2-ESTRUCTURA-AUTO-SOPORTANTE-DEL-ASCENSOR-MUNICIPAL-QUE-DEBIERA-ESTAR-EN-FUNCIONAMIENTO-A-FINES-DE-MES.jpg?resize=200%2C131&amp;ssl=1 200w, https:\/\/i0.wp.com\/eltrabajo.cl\/portal\/wp-content\/uploads\/2016\/01\/FOTO-2-ESTRUCTURA-AUTO-SOPORTANTE-DEL-ASCENSOR-MUNICIPAL-QUE-DEBIERA-ESTAR-EN-FUNCIONAMIENTO-A-FINES-DE-MES.jpg?resize=228%2C150&amp;ssl=1 228w, https:\/\/i0.wp.com\/eltrabajo.cl\/portal\/wp-content\/uploads\/2016\/01\/FOTO-2-ESTRUCTURA-AUTO-SOPORTANTE-DEL-ASCENSOR-MUNICIPAL-QUE-DEBIERA-ESTAR-EN-FUNCIONAMIENTO-A-FINES-DE-MES.jpg?resize=400%2C263&amp;ssl=1 400w, https:\/\/i0.wp.com\/eltrabajo.cl\/portal\/wp-content\/uploads\/2016\/01\/FOTO-2-ESTRUCTURA-AUTO-SOPORTANTE-DEL-ASCENSOR-MUNICIPAL-QUE-DEBIERA-ESTAR-EN-FUNCIONAMIENTO-A-FINES-DE-MES.jpg?w=530&amp;ssl=1 530w\" sizes=\"auto, (max-width: 300px) 100vw, 300px\" \/><figcaption id=\"caption-attachment-65508\" class=\"wp-caption-text\">Estructura auto soportante del ascensor municipal que debiera estar en funcionamiento a fines de mes.<\/figcaption><\/figure>\n<ul>\n<li><strong>Obra destinada preferentemente a los sanfelipe\u00f1os con movilidad reducida y a las personas de la tercera edad, permitir\u00e1 un mejor acceso a los distintos pisos de la alcald\u00eda y para seguridad de los usuarios ser\u00e1 de estilo panor\u00e1mico.<\/strong><\/li>\n<\/ul>\n<p>Personas con capacidades diferentes y adultos mayores ser\u00e1n los principales beneficiados con la puesta en funcionamiento del nuevo ascensor de la Municipalidad de San Felipe, el cual debiera estar a disposici\u00f3n de la comunidad a fines de este mes.<br \/>\nAs\u00ed lo detall\u00f3 Claudio Paredes, director de la Secretar\u00eda Comunal de Planificaci\u00f3n, Secpla, quien adem\u00e1s de contar que el proyecto tuvo un costo cercano a los 75 millones de pesos y que \u00e9ste fue financiado por el Gobierno Regional, manifest\u00f3 que \u201cestamos muy contentos porque ya est\u00e1 la instalaci\u00f3n final de la estructura, que se hab\u00eda demorado un poco, hab\u00eda llegado el ascensor, pero finalmente la estructura autosoportante ya est\u00e1 instalada y lo m\u00e1s probable es que a fin de mes ya est\u00e9 en pleno funcionamiento\u201d, narr\u00f3.<br \/>\nRespecto de por qu\u00e9 esta obra sufri\u00f3 un retraso en su puesta en marcha, Paredes explic\u00f3 que \u201cen primer lugar este proyecto hubo que reevaluarlo porque hab\u00eda sido aprobado por un monto muy inferior con relaci\u00f3n al valor de mercado y en segundo t\u00e9rmino, como estos ascensores se traen desde Espa\u00f1a y por un problema de Aduana, seg\u00fan nos indic\u00f3 Ascensores Chile, que es la empresa encargada inform\u00f3 que no vino la estructura y s\u00f3lo lleg\u00f3 el ascensor, as\u00ed que tuvimos que esperar dos meses m\u00e1s para ya contar con la estructura en su totalidad\u201d, puntualiz\u00f3<\/p>\n<figure id=\"attachment_65509\" aria-describedby=\"caption-attachment-65509\" style=\"width: 200px\" class=\"wp-caption alignright\"><img data-recalc-dims=\"1\" loading=\"lazy\" decoding=\"async\" class=\"wp-image-65509 size-thumbnail\" src=\"https:\/\/i0.wp.com\/www.eltrabajo.cl\/portal\/wp-content\/uploads\/2016\/01\/FOTO-1-CLAUDIO-PAREDES-DIRECTOR-DE-LA-SECRETARIA-DE-PLANIFICACION-COMUNAL-DE-LA-MUNICIPALIDAD-DE-SAN-FELIPE-200x131.jpg?resize=200%2C131\" alt=\"Claudio Paredes, director de la Secretar\u00eda de Planificaci\u00f3n Comunal de la Municipalidad de San Felipe.\" width=\"200\" height=\"131\" srcset=\"https:\/\/i0.wp.com\/eltrabajo.cl\/portal\/wp-content\/uploads\/2016\/01\/FOTO-1-CLAUDIO-PAREDES-DIRECTOR-DE-LA-SECRETARIA-DE-PLANIFICACION-COMUNAL-DE-LA-MUNICIPALIDAD-DE-SAN-FELIPE.jpg?resize=200%2C131&amp;ssl=1 200w, https:\/\/i0.wp.com\/eltrabajo.cl\/portal\/wp-content\/uploads\/2016\/01\/FOTO-1-CLAUDIO-PAREDES-DIRECTOR-DE-LA-SECRETARIA-DE-PLANIFICACION-COMUNAL-DE-LA-MUNICIPALIDAD-DE-SAN-FELIPE.jpg?resize=300%2C197&amp;ssl=1 300w, https:\/\/i0.wp.com\/eltrabajo.cl\/portal\/wp-content\/uploads\/2016\/01\/FOTO-1-CLAUDIO-PAREDES-DIRECTOR-DE-LA-SECRETARIA-DE-PLANIFICACION-COMUNAL-DE-LA-MUNICIPALIDAD-DE-SAN-FELIPE.jpg?resize=228%2C150&amp;ssl=1 228w, https:\/\/i0.wp.com\/eltrabajo.cl\/portal\/wp-content\/uploads\/2016\/01\/FOTO-1-CLAUDIO-PAREDES-DIRECTOR-DE-LA-SECRETARIA-DE-PLANIFICACION-COMUNAL-DE-LA-MUNICIPALIDAD-DE-SAN-FELIPE.jpg?resize=400%2C263&amp;ssl=1 400w, https:\/\/i0.wp.com\/eltrabajo.cl\/portal\/wp-content\/uploads\/2016\/01\/FOTO-1-CLAUDIO-PAREDES-DIRECTOR-DE-LA-SECRETARIA-DE-PLANIFICACION-COMUNAL-DE-LA-MUNICIPALIDAD-DE-SAN-FELIPE.jpg?w=530&amp;ssl=1 530w\" sizes=\"auto, (max-width: 200px) 100vw, 200px\" \/><figcaption id=\"caption-attachment-65509\" class=\"wp-caption-text\">Claudio Paredes, director de la Secretar\u00eda de Planificaci\u00f3n Comunal de la Municipalidad de San Felipe.<\/figcaption><\/figure>\n<p>En relaci\u00f3n con las caracter\u00edsticas que tendr\u00e1 esta infraestructura, el funcionario municipal describi\u00f3 que \u201ces un proyecto de ascensor panor\u00e1mico que se ha adecuado a las instalaciones internas de la municipalidad, que se detenga en los 3 pisos del edificio, de manera que las personas no tengan que subir escaleras y puedan llegar directamente a las oficinas donde van a realizar sus diversos tr\u00e1mites\u201d, expuso.<br \/>\nUno de los objetivos de este ascensor, que funcionar\u00e1 en la parte posterior del edificio municipal, es mejorar las deficiencias de acceso que presenta el edificio municipal para el p\u00fablico de la tercera edad y las personas con movilidad reducida que llegan a realizar sus tr\u00e1mites a los distintos pisos del municipio y a quienes se les transforma en un verdadero calvario subir las escaleras.<br \/>\nEn cuanto a que su dise\u00f1o sea panor\u00e1mico no es antojadizo y responde esencialmente a resguardar la seguridad de sus ocupantes y poder vigilar lo que ocurre adentro de \u00e9ste. Lo mismo ocurrir\u00e1 con el entorno del ascensor, en donde se mejorar\u00e1 la iluminaci\u00f3n y se reparar\u00e1 el piso para facilitar el desplazamiento de quienes vayan a utilizar esta herramienta.<\/p>\n","protected":false},"excerpt":{"rendered":"<p>Obra destinada preferentemente a los sanfelipe\u00f1os con movilidad reducida y a las personas de la tercera edad, permitir\u00e1 un mejor acceso a los distintos pisos de la alcald\u00eda y para seguridad de&#8230;<\/p>\n","protected":false},"author":482,"featured_media":65508,"comment_status":"open","ping_status":"open","sticky":false,"template":"","format":"standard","meta":{"advanced_seo_description":"","jetpack_seo_html_title":"","jetpack_seo_noindex":false,"_jetpack_memberships_contains_paid_content":false,"footnotes":""},"categories":[15],"tags":[],"class_list":["post-65507","post","type-post","status-publish","format-standard","has-post-thumbnail","hentry","category-comunidad"],"jetpack_featured_media_url":"https:\/\/i0.wp.com\/eltrabajo.cl\/portal\/wp-content\/uploads\/2016\/01\/FOTO-2-ESTRUCTURA-AUTO-SOPORTANTE-DEL-ASCENSOR-MUNICIPAL-QUE-DEBIERA-ESTAR-EN-FUNCIONAMIENTO-A-FINES-DE-MES.jpg?fit=530%2C348&ssl=1","jetpack_sharing_enabled":true,"jetpack_likes_enabled":true,"jetpack-related-posts":[],"_links":{"self":[{"href":"https:\/\/eltrabajo.cl\/portal\/wp-json\/wp\/v2\/posts\/65507","targetHints":{"allow":["GET"]}}],"collection":[{"href":"https:\/\/eltrabajo.cl\/portal\/wp-json\/wp\/v2\/posts"}],"about":[{"href":"https:\/\/eltrabajo.cl\/portal\/wp-json\/wp\/v2\/types\/post"}],"author":[{"embeddable":true,"href":"https:\/\/eltrabajo.cl\/portal\/wp-json\/wp\/v2\/users\/482"}],"replies":[{"embeddable":true,"href":"https:\/\/eltrabajo.cl\/portal\/wp-json\/wp\/v2\/comments?post=65507"}],"version-history":[{"count":0,"href":"https:\/\/eltrabajo.cl\/portal\/wp-json\/wp\/v2\/posts\/65507\/revisions"}],"wp:featuredmedia":[{"embeddable":true,"href":"https:\/\/eltrabajo.cl\/portal\/wp-json\/wp\/v2\/media\/65508"}],"wp:attachment":[{"href":"https:\/\/eltrabajo.cl\/portal\/wp-json\/wp\/v2\/media?parent=65507"}],"wp:term":[{"taxonomy":"category","embeddable":true,"href":"https:\/\/eltrabajo.cl\/portal\/wp-json\/wp\/v2\/categories?post=65507"},{"taxonomy":"post_tag","embeddable":true,"href":"https:\/\/eltrabajo.cl\/portal\/wp-json\/wp\/v2\/tags?post=65507"}],"curies":[{"name":"wp","href":"https:\/\/api.w.org\/{rel}","templated":true}]}}