{"id":65511,"date":"2016-01-06T14:38:14","date_gmt":"2016-01-06T17:38:14","guid":{"rendered":"http:\/\/www.eltrabajo.cl\/portal\/?p=65511"},"modified":"2016-01-06T14:38:14","modified_gmt":"2016-01-06T17:38:14","slug":"director-regional-de-aguas-fiscaliza-rio-aconcagua-por-extraccion-de-aridos","status":"publish","type":"post","link":"https:\/\/eltrabajo.cl\/portal\/director-regional-de-aguas-fiscaliza-rio-aconcagua-por-extraccion-de-aridos\/","title":{"rendered":"Director Regional de Aguas fiscaliza R\u00edo Aconcagua por extracci\u00f3n de \u00e1ridos"},"content":{"rendered":"<figure id=\"attachment_65512\" aria-describedby=\"caption-attachment-65512\" style=\"width: 300px\" class=\"wp-caption alignleft\"><img data-recalc-dims=\"1\" loading=\"lazy\" decoding=\"async\" class=\"wp-image-65512 size-medium\" src=\"https:\/\/i0.wp.com\/www.eltrabajo.cl\/portal\/wp-content\/uploads\/2016\/01\/Autoridades-visitan-extraccion-ilegal-de-aridos-300x198.jpg?resize=300%2C198\" alt=\"Tras denuncias de vecinos, autoridades de Gobernaci\u00f3n, DGA y Municipalidad inspeccionaron dos sectores del r\u00edo para verificar la legalidad de los trabajos.\" width=\"300\" height=\"198\" srcset=\"https:\/\/i0.wp.com\/eltrabajo.cl\/portal\/wp-content\/uploads\/2016\/01\/Autoridades-visitan-extraccion-ilegal-de-aridos.jpg?resize=300%2C198&amp;ssl=1 300w, https:\/\/i0.wp.com\/eltrabajo.cl\/portal\/wp-content\/uploads\/2016\/01\/Autoridades-visitan-extraccion-ilegal-de-aridos.jpg?resize=200%2C132&amp;ssl=1 200w, https:\/\/i0.wp.com\/eltrabajo.cl\/portal\/wp-content\/uploads\/2016\/01\/Autoridades-visitan-extraccion-ilegal-de-aridos.jpg?resize=228%2C150&amp;ssl=1 228w, https:\/\/i0.wp.com\/eltrabajo.cl\/portal\/wp-content\/uploads\/2016\/01\/Autoridades-visitan-extraccion-ilegal-de-aridos.jpg?resize=400%2C263&amp;ssl=1 400w, https:\/\/i0.wp.com\/eltrabajo.cl\/portal\/wp-content\/uploads\/2016\/01\/Autoridades-visitan-extraccion-ilegal-de-aridos.jpg?w=530&amp;ssl=1 530w\" sizes=\"auto, (max-width: 300px) 100vw, 300px\" \/><figcaption id=\"caption-attachment-65512\" class=\"wp-caption-text\">Tras denuncias de vecinos, autoridades de Gobernaci\u00f3n, DGA y Municipalidad inspeccionaron dos sectores del r\u00edo para verificar la legalidad de los trabajos.<\/figcaption><\/figure>\n<p>Durante este martes, en un trabajo en conjunto entre la Direcci\u00f3n General de Aguas (DGA), la Gobernaci\u00f3n y la municipalidad de San Felipe, se realiz\u00f3 una fiscalizaci\u00f3n al R\u00edo Aconcagua luego de recibir una serie de denuncias por parte de vecinos que se\u00f1alaban extracci\u00f3n de \u00e1ridos en los sectores de La Parras\u00eda y Tres Esquinas.<br \/>\nFue en el primero de estos lugares, donde se cercioraron de una m\u00e1quina tipo bulldozer con pala, que se encontraba trabajando a unos 20 metros desde donde est\u00e1 escurriendo el agua, encontrando en el lugar dos pozones de grandes dimensiones, lo que se traduce en que el recurso h\u00eddrico proviene de la floraci\u00f3n, lo que significa que hubo rompimiento de sello, es decir, que el lugar donde est\u00e1 ejecutada la extracci\u00f3n es el R\u00edo Aconcagua.<br \/>\nMientras que en Tres Esquinas, las autoridades solicitaron al titular de la extracci\u00f3n, antecedentes que acrediten que \u00e9l puede sacar este material para procesos productivos, de no existir, significa que la extracci\u00f3n no es autorizada y es constitutiva de delito.<br \/>\nAnte esto, el Director Regional de DGA, Gonzalo Pe\u00f1a, se\u00f1al\u00f3 que este es un trabajo mancomunado que logr\u00f3 detectar obras de extracci\u00f3n de \u00e1ridos que no han sido autorizadas en La Parras\u00eda, y por otro lado, inform\u00f3 que se abrieron expedientes de fiscalizaci\u00f3n para la empresa ubicada en Tres Esquinas. \u201cHemos abierto estos expedientes porque hemos encontrado extracci\u00f3n de agua. Por lo tanto, el proceso preliminar es realizar estos procesos correspondientes y despu\u00e9s tomar una decisi\u00f3n para saber si esto cae dentro de la ilegalidad\u201d, sostuvo Pe\u00f1a.<br \/>\nEn tanto, Mauricio Mass, Asistente jur\u00eddico del municipio de San Felipe, destac\u00f3 que \u201ca ra\u00edz de las denuncias de los vecinos de La Parras\u00eda, hemos podido constatar que hab\u00eda alg\u00fan viso de esa situaci\u00f3n. Tambi\u00e9n, estamos notificando a esta planta de Tres Esquinas que su concesi\u00f3n hab\u00eda finalizado y nos encontramos verificando los trabajos que se han realizado. Ac\u00e1 hay un inter\u00e9s del municipio de que esta situaci\u00f3n se regularice lo antes posible\u201d, destac\u00f3.<br \/>\nFinalmente, el Gobernador Eduardo Le\u00f3n inform\u00f3 que este trabajo se ha desarrollado desde el a\u00f1o pasado junto al MOP y los municipios y valor\u00f3 el apoyo coordinado que ha mantenido: \u201cLo importante es actuar en estas inspecciones de forma conjunta. Si actuamos de manera separada no llegaremos a buen puerto. Hoy trabajamos de manera coordinada y colaborativa e invitamos a los vecinos a hacer las denuncias a trav\u00e9s de los sistemas electr\u00f3nicos de la DGA o desde la Gobernaci\u00f3n. Queremos avanzar hacia un manejo integral del R\u00edo Aconcagua\u201d, finaliz\u00f3 Le\u00f3n.<\/p>\n","protected":false},"excerpt":{"rendered":"<p>Durante este martes, en un trabajo en conjunto entre la Direcci\u00f3n General de Aguas (DGA), la Gobernaci\u00f3n y la municipalidad de San Felipe, se realiz\u00f3 una fiscalizaci\u00f3n al R\u00edo Aconcagua luego de&#8230;<\/p>\n","protected":false},"author":482,"featured_media":65512,"comment_status":"open","ping_status":"open","sticky":false,"template":"","format":"standard","meta":{"advanced_seo_description":"","jetpack_seo_html_title":"","jetpack_seo_noindex":false,"_jetpack_memberships_contains_paid_content":false,"footnotes":""},"categories":[1],"tags":[],"class_list":["post-65511","post","type-post","status-publish","format-standard","has-post-thumbnail","hentry","category-cronica"],"jetpack_featured_media_url":"https:\/\/i0.wp.com\/eltrabajo.cl\/portal\/wp-content\/uploads\/2016\/01\/Autoridades-visitan-extraccion-ilegal-de-aridos.jpg?fit=530%2C349&ssl=1","jetpack_sharing_enabled":true,"jetpack_likes_enabled":true,"jetpack-related-posts":[],"_links":{"self":[{"href":"https:\/\/eltrabajo.cl\/portal\/wp-json\/wp\/v2\/posts\/65511","targetHints":{"allow":["GET"]}}],"collection":[{"href":"https:\/\/eltrabajo.cl\/portal\/wp-json\/wp\/v2\/posts"}],"about":[{"href":"https:\/\/eltrabajo.cl\/portal\/wp-json\/wp\/v2\/types\/post"}],"author":[{"embeddable":true,"href":"https:\/\/eltrabajo.cl\/portal\/wp-json\/wp\/v2\/users\/482"}],"replies":[{"embeddable":true,"href":"https:\/\/eltrabajo.cl\/portal\/wp-json\/wp\/v2\/comments?post=65511"}],"version-history":[{"count":0,"href":"https:\/\/eltrabajo.cl\/portal\/wp-json\/wp\/v2\/posts\/65511\/revisions"}],"wp:featuredmedia":[{"embeddable":true,"href":"https:\/\/eltrabajo.cl\/portal\/wp-json\/wp\/v2\/media\/65512"}],"wp:attachment":[{"href":"https:\/\/eltrabajo.cl\/portal\/wp-json\/wp\/v2\/media?parent=65511"}],"wp:term":[{"taxonomy":"category","embeddable":true,"href":"https:\/\/eltrabajo.cl\/portal\/wp-json\/wp\/v2\/categories?post=65511"},{"taxonomy":"post_tag","embeddable":true,"href":"https:\/\/eltrabajo.cl\/portal\/wp-json\/wp\/v2\/tags?post=65511"}],"curies":[{"name":"wp","href":"https:\/\/api.w.org\/{rel}","templated":true}]}}