{"id":65514,"date":"2016-01-06T14:41:13","date_gmt":"2016-01-06T17:41:13","guid":{"rendered":"http:\/\/www.eltrabajo.cl\/portal\/?p=65514"},"modified":"2016-01-06T14:41:13","modified_gmt":"2016-01-06T17:41:13","slug":"empresas-que-extraen-aridos-del-rio-aconcagua-no-cuentan-con-los-debidos-permisos-para-ello","status":"publish","type":"post","link":"https:\/\/eltrabajo.cl\/portal\/empresas-que-extraen-aridos-del-rio-aconcagua-no-cuentan-con-los-debidos-permisos-para-ello\/","title":{"rendered":"Empresas que extraen \u00e1ridos del R\u00edo Aconcagua \u00a0no cuentan con los debidos permisos para ello"},"content":{"rendered":"<figure id=\"attachment_65515\" aria-describedby=\"caption-attachment-65515\" style=\"width: 300px\" class=\"wp-caption alignleft\"><img data-recalc-dims=\"1\" loading=\"lazy\" decoding=\"async\" class=\"wp-image-65515 size-medium\" src=\"https:\/\/i0.wp.com\/www.eltrabajo.cl\/portal\/wp-content\/uploads\/2016\/01\/FOTO-1-Jorge-Jara-C-300x198.jpg?resize=300%2C198\" alt=\"Jorge Jara Catal\u00e1n, director jur\u00eddico de la Municipalidad de San Felipe.\" width=\"300\" height=\"198\" srcset=\"https:\/\/i0.wp.com\/eltrabajo.cl\/portal\/wp-content\/uploads\/2016\/01\/FOTO-1-Jorge-Jara-C.jpg?resize=300%2C198&amp;ssl=1 300w, https:\/\/i0.wp.com\/eltrabajo.cl\/portal\/wp-content\/uploads\/2016\/01\/FOTO-1-Jorge-Jara-C.jpg?resize=200%2C132&amp;ssl=1 200w, https:\/\/i0.wp.com\/eltrabajo.cl\/portal\/wp-content\/uploads\/2016\/01\/FOTO-1-Jorge-Jara-C.jpg?resize=227%2C150&amp;ssl=1 227w, https:\/\/i0.wp.com\/eltrabajo.cl\/portal\/wp-content\/uploads\/2016\/01\/FOTO-1-Jorge-Jara-C.jpg?resize=400%2C264&amp;ssl=1 400w, https:\/\/i0.wp.com\/eltrabajo.cl\/portal\/wp-content\/uploads\/2016\/01\/FOTO-1-Jorge-Jara-C.jpg?w=530&amp;ssl=1 530w\" sizes=\"auto, (max-width: 300px) 100vw, 300px\" \/><figcaption id=\"caption-attachment-65515\" class=\"wp-caption-text\">Jorge Jara Catal\u00e1n, director jur\u00eddico de la Municipalidad de San Felipe.<\/figcaption><\/figure>\n<ul>\n<li><strong>La Direcci\u00f3n Jur\u00eddica de la Municipalidad de San Felipe, comprob\u00f3 la semana pasada en terreno la extracci\u00f3n de material e inform\u00f3 a la autoridad gubernamental que en la jornada de ayer abri\u00f3 expedientes en torno a ambas situaciones.<\/strong><\/li>\n<\/ul>\n<p>Un registro fotogr\u00e1fico a trav\u00e9s de Facebook, dej\u00f3 al descubierto el enorme da\u00f1o ecol\u00f3gico que se est\u00e1 provocando con la extracci\u00f3n de \u00e1ridos en la ribera sur del R\u00edo Aconcagua, espec\u00edficamente en el sector de Tres Esquinas, donde tambi\u00e9n se est\u00e1 viendo afectada una vivienda de material ligero, la cual est\u00e1 perdiendo piso y eventualmente podr\u00eda llegar a derrumbarse si la autoridad no toma cartas en el asunto.<br \/>\nFue precisamente esta denuncia ciudadana en la red social, la que encendi\u00f3 las alarmas en la Municipalidad de San Felipe y el mi\u00e9rcoles 30 de diciembre, el administrador municipal Patricio Gonz\u00e1lez, junto al Director Jur\u00eddico del municipio, el abogado Jorge Jara Catal\u00e1n, se apersonaron en el lugar para finalmente dejar al desnudo el trabajo ilegal que est\u00e1n realizando 2 empresas de la zona, una de ellas con un amplio registro de infracciones cursadas.<br \/>\nFue precisamente Jorge Jara quien detall\u00f3 la situaci\u00f3n encontrada en Tres Esquinas, asegurando que existe una profunda molestia por parte del municipio, ante la nula intervenci\u00f3n judicial frente a una empresa que es reincidente en esta tem\u00e1tica y plante\u00f3 que \u201cverificamos el funcionamiento de la planta de \u00e1ridos C\u00f3rdova, que est\u00e1 con una clausura desde el mes de julio y que por s\u00e9ptima vez ha sido objeto de una infracci\u00f3n que ya fue derivada al juzgado de polic\u00eda local\u201d, sentenci\u00f3.<br \/>\nLa empresa en cuesti\u00f3n, \u00c1ridos C\u00f3rdova, efectivamente tiene existencia legal, pero seg\u00fan Jara no cuenta con permisos para extraer y procesar material en la ribera del Aconcagua.<br \/>\n\u201cEllos no tienen patente para estos efectos, existe una planta instalada en el sector sin que cuente con el permiso municipal y por esa raz\u00f3n fue clausurada\u201d, decret\u00f3 el abogado.<br \/>\nLa segunda compa\u00f1\u00eda que se encuentra realizando extracci\u00f3n de \u00e1ridos en el lugar, ser\u00eda la empresa Janus (sic), la cual tambi\u00e9n presentar\u00eda antecedentes y seg\u00fan cont\u00f3 el abogado del municipio \u201ctiene un largo historial en esta materia, un mont\u00f3n de infracciones, hay un juicio por da\u00f1o ecol\u00f3gico que se est\u00e1 tramitando en los tribunales de justicia de Valpara\u00edso, donde el municipio de San Felipe ha aportado con testigos y elementos probatorios\u201d.<br \/>\nRespecto a las razones por las cuales estas empresas siguieron funcionando, aun cuando fueron multadas en varias ocasiones e incluso una de ellas clausurada, Jara desglos\u00f3 dos alternativas. Una de ellas, surge de la hip\u00f3tesis referente a que a estas compa\u00f1\u00edas les conviene m\u00e1s exponerse, seguir trabajando de forma ilegal y cancelar las multas cursadas, ya que \u00e9stas pueden ser cubiertas con creces con las utilidades que genera el rubro.<br \/>\nPor otra parte, el profesional conjetur\u00f3 que \u201cprobablemente los trabajos continuaron porque ellos presentaron un recurso de amparo econ\u00f3mico, el cual, estaba suspendido en la posibilidad de llegar a un acuerdo definitivo y en aras de esa gesti\u00f3n ellos han seguido trabajando sin contar con la autorizaci\u00f3n respectiva, por lo que esperamos se tomen medidas rigurosas\u201d, expuso.<br \/>\nAnte cualquiera de las dos alternativas, Jorge Jara fue enf\u00e1tico en se\u00f1alar que el municipio utilizar\u00e1 otras herramientas jur\u00eddicas que se tomar\u00e1n en consideraci\u00f3n para zanjar esta problem\u00e1tica y que \u201cla Municipalidad no va a quedarse tranquila frente a este tema porque es una burla al sistema, al ordenamiento y a las relaciones con los contribuyentes. Aqu\u00ed hab\u00eda un principio de acuerdo para buscar una soluci\u00f3n de fondo, pero con esto nos vemos obligados a actuar con mayor severidad y tomar medidas m\u00e1s radicales que las que se han tomado hasta ahora\u201d, enfatiz\u00f3.<br \/>\nFinalmente, el director jur\u00eddico del municipio sanfelipe\u00f1o aclar\u00f3 que actualmente no existe ninguna empresa que cuente con autorizaci\u00f3n para la extracci\u00f3n de \u00e1ridos, salvo extractores artesanales y reiter\u00f3 que \u201clas 3 grandes empresas que en el pasado destruyeron el sector, hoy d\u00eda carecen de autorizaci\u00f3n porque no cuentan con permisos, ni concesi\u00f3n otorgada por el Concejo; ni tampoco ellos han tramitado, ni obtenido previamente la instancia t\u00e9cnica que corresponde a la DOH (Direcci\u00f3n de Obras Hidr\u00e1ulicas) para ejecutar la extracci\u00f3n\u201d, puntualiz\u00f3.<\/p>\n<p><strong>VIVIENDA EN PROBLEMAS<\/strong><br \/>\nEn referencia a la alarma que se hab\u00eda encendido en torno a la casa que estar\u00eda corriendo riesgos, Jara cont\u00f3 que \u201csi bien no existe una denuncia formal al respecto, el municipio se enter\u00f3 tambi\u00e9n a trav\u00e9s de las redes sociales de la precariedad de una vivienda de material ligero en el sector de la ribera sur del R\u00edo Aconcagua y que est\u00e1 corriendo un riesgo debido al socavamiento que se hace sobre el talud donde est\u00e1 instalada esta propiedad\u201d, detall\u00f3<br \/>\nSeg\u00fan lo narrado, el d\u00eda en que se corrobor\u00f3 la extracci\u00f3n de \u00e1ridos ilegal, el municipio se contact\u00f3 en el mismo sector de Tres Esquinas con el propietario del inmueble, quien habr\u00eda relatado que el pasado 15 de diciembre concurri\u00f3 a la Fiscal\u00eda Local de San Felipe para realizar la denuncia en contra de la Empresa Janus, por el delito de da\u00f1os. Sin embargo el Ministerio P\u00fablico s\u00f3lo habr\u00eda tomado nota de la denuncia y supuestamente no la llev\u00f3 a tramitaci\u00f3n debido a que los da\u00f1os no se han materializado.<\/p>\n<p><strong>LA AUTORIDAD RESPONDE<\/strong><br \/>\nTras recoger los antecedentes descritos anteriormente, La Direcci\u00f3n Jur\u00eddica de la Municipalidad de San Felipe, inform\u00f3 a la Gobernaci\u00f3n Provincial y a la Direcci\u00f3n General de Aguas, DGA.<br \/>\nAmbas entidades gubernamentales en la jornada de ayer visitaron el sector de Tres Esquinas y solicitaron al titular de la extracci\u00f3n, los antecedentes que acrediten la validez y legalidad en la obtenci\u00f3n de material para procesos productivos (ver nota aparte).<\/p>\n<div class=\"tiled-gallery type-rectangular tiled-gallery-unresized\" data-original-width=\"640\" data-carousel-extra='null' itemscope itemtype=\"http:\/\/schema.org\/ImageGallery\" > <div class=\"gallery-row\" style=\"width: 640px; height: 213px;\" data-original-width=\"640\" data-original-height=\"213\" > <div class=\"gallery-group images-1\" style=\"width: 320px; height: 213px;\" data-original-width=\"320\" data-original-height=\"213\" > <div class=\"tiled-gallery-item tiled-gallery-item-large\" itemprop=\"associatedMedia\" itemscope itemtype=\"http:\/\/schema.org\/ImageObject\"> <a href=\"https:\/\/eltrabajo.cl\/portal\/empresas-que-extraen-aridos-del-rio-aconcagua-no-cuentan-con-los-debidos-permisos-para-ello\/foto-2-empresas-de-aridos\/\" border=\"0\" itemprop=\"url\"> <meta itemprop=\"width\" content=\"316\"> <meta itemprop=\"height\" content=\"209\"> <img decoding=\"async\" class=\"\" data-attachment-id=\"65516\" data-orig-file=\"https:\/\/eltrabajo.cl\/portal\/wp-content\/uploads\/2016\/01\/FOTO-2-EMPRESAS-DE-ARIDOS.jpg\" data-orig-size=\"530,350\" data-comments-opened=\"1\" data-image-meta=\"{&quot;aperture&quot;:&quot;0&quot;,&quot;credit&quot;:&quot;&quot;,&quot;camera&quot;:&quot;&quot;,&quot;caption&quot;:&quot;&quot;,&quot;created_timestamp&quot;:&quot;1451468701&quot;,&quot;copyright&quot;:&quot;&quot;,&quot;focal_length&quot;:&quot;0&quot;,&quot;iso&quot;:&quot;0&quot;,&quot;shutter_speed&quot;:&quot;0&quot;,&quot;title&quot;:&quot;&quot;,&quot;orientation&quot;:&quot;0&quot;}\" data-image-title=\"FOTO 2 EMPRESAS DE ARIDOS\" data-image-description=\"&lt;p&gt;Empresas de \u00e1ridos trabajan indiscriminadamente en sector Tres Esquinas y Parras\u00eda.&lt;\/p&gt; \" data-medium-file=\"https:\/\/i0.wp.com\/eltrabajo.cl\/portal\/wp-content\/uploads\/2016\/01\/FOTO-2-EMPRESAS-DE-ARIDOS.jpg?fit=300%2C198&#038;ssl=1\" data-large-file=\"https:\/\/i0.wp.com\/eltrabajo.cl\/portal\/wp-content\/uploads\/2016\/01\/FOTO-2-EMPRESAS-DE-ARIDOS.jpg?fit=530%2C350&#038;ssl=1\" src=\"https:\/\/i0.wp.com\/eltrabajo.cl\/portal\/wp-content\/uploads\/2016\/01\/FOTO-2-EMPRESAS-DE-ARIDOS.jpg?w=316&#038;h=209&#038;ssl=1\" srcset=\"https:\/\/i0.wp.com\/eltrabajo.cl\/portal\/wp-content\/uploads\/2016\/01\/FOTO-2-EMPRESAS-DE-ARIDOS.jpg?w=530&amp;ssl=1 530w, https:\/\/i0.wp.com\/eltrabajo.cl\/portal\/wp-content\/uploads\/2016\/01\/FOTO-2-EMPRESAS-DE-ARIDOS.jpg?resize=200%2C132&amp;ssl=1 200w, https:\/\/i0.wp.com\/eltrabajo.cl\/portal\/wp-content\/uploads\/2016\/01\/FOTO-2-EMPRESAS-DE-ARIDOS.jpg?resize=300%2C198&amp;ssl=1 300w, https:\/\/i0.wp.com\/eltrabajo.cl\/portal\/wp-content\/uploads\/2016\/01\/FOTO-2-EMPRESAS-DE-ARIDOS.jpg?resize=227%2C150&amp;ssl=1 227w, https:\/\/i0.wp.com\/eltrabajo.cl\/portal\/wp-content\/uploads\/2016\/01\/FOTO-2-EMPRESAS-DE-ARIDOS.jpg?resize=400%2C264&amp;ssl=1 400w\" width=\"316\" height=\"209\" loading=\"lazy\" data-original-width=\"316\" data-original-height=\"209\" itemprop=\"http:\/\/schema.org\/image\" title=\"FOTO 2 EMPRESAS DE ARIDOS\" alt=\"Empresas de \u00e1ridos trabajan indiscriminadamente en sector Tres Esquinas y Parras\u00eda.\" style=\"width: 316px; height: 209px;\" \/> <\/a> <div class=\"tiled-gallery-caption\" itemprop=\"caption description\"> Empresas de \u00e1ridos trabajan indiscriminadamente en sector Tres Esquinas y Parras\u00eda. <\/div> <\/div> <\/div> <!-- close group --> <div class=\"gallery-group images-1\" style=\"width: 320px; height: 213px;\" data-original-width=\"320\" data-original-height=\"213\" > <div class=\"tiled-gallery-item tiled-gallery-item-large\" itemprop=\"associatedMedia\" itemscope itemtype=\"http:\/\/schema.org\/ImageObject\"> <a href=\"https:\/\/eltrabajo.cl\/portal\/empresas-que-extraen-aridos-del-rio-aconcagua-no-cuentan-con-los-debidos-permisos-para-ello\/foto-3-diariamente-se-extraen-toneladas-de-material-que-provocan-rompimiento-en-el-sello-hidrologico-e-interrupmen-el-cause-normal-del-rio-aconcagua\/\" border=\"0\" itemprop=\"url\"> <meta itemprop=\"width\" content=\"316\"> <meta itemprop=\"height\" content=\"209\"> <img decoding=\"async\" class=\"\" data-attachment-id=\"65517\" data-orig-file=\"https:\/\/eltrabajo.cl\/portal\/wp-content\/uploads\/2016\/01\/FOTO-3-DIARIAMENTE-SE-EXTRAEN-TONELADAS-DE-MATERIAL-QUE-PROVOCAN-ROMPIMIENTO-EN-EL-SELLO-HIDROLOGICO-E-INTERRUPMEN-EL-CAUSE-NORMAL-DEL-RIO-ACONCAGUA.jpg\" data-orig-size=\"530,350\" data-comments-opened=\"1\" data-image-meta=\"{&quot;aperture&quot;:&quot;0&quot;,&quot;credit&quot;:&quot;&quot;,&quot;camera&quot;:&quot;&quot;,&quot;caption&quot;:&quot;&quot;,&quot;created_timestamp&quot;:&quot;1451468654&quot;,&quot;copyright&quot;:&quot;&quot;,&quot;focal_length&quot;:&quot;0&quot;,&quot;iso&quot;:&quot;0&quot;,&quot;shutter_speed&quot;:&quot;0&quot;,&quot;title&quot;:&quot;&quot;,&quot;orientation&quot;:&quot;0&quot;}\" data-image-title=\"FOTO 3 DIARIAMENTE SE EXTRAEN TONELADAS DE MATERIAL QUE PROVOCAN ROMPIMIENTO EN EL SELLO HIDROLOGICO E INTERRUPMEN EL CAUSE NORMAL DEL RIO ACONCAGUA\" data-image-description=\"&lt;p&gt;Diariamente se extraen toneladas de material, que provocan rompimiento en el sello hidrol\u00f3gico e interrumpen el cauce normal del R\u00edo Aconcagua.&lt;\/p&gt; \" data-medium-file=\"https:\/\/i0.wp.com\/eltrabajo.cl\/portal\/wp-content\/uploads\/2016\/01\/FOTO-3-DIARIAMENTE-SE-EXTRAEN-TONELADAS-DE-MATERIAL-QUE-PROVOCAN-ROMPIMIENTO-EN-EL-SELLO-HIDROLOGICO-E-INTERRUPMEN-EL-CAUSE-NORMAL-DEL-RIO-ACONCAGUA.jpg?fit=300%2C198&#038;ssl=1\" data-large-file=\"https:\/\/i0.wp.com\/eltrabajo.cl\/portal\/wp-content\/uploads\/2016\/01\/FOTO-3-DIARIAMENTE-SE-EXTRAEN-TONELADAS-DE-MATERIAL-QUE-PROVOCAN-ROMPIMIENTO-EN-EL-SELLO-HIDROLOGICO-E-INTERRUPMEN-EL-CAUSE-NORMAL-DEL-RIO-ACONCAGUA.jpg?fit=530%2C350&#038;ssl=1\" src=\"https:\/\/i0.wp.com\/eltrabajo.cl\/portal\/wp-content\/uploads\/2016\/01\/FOTO-3-DIARIAMENTE-SE-EXTRAEN-TONELADAS-DE-MATERIAL-QUE-PROVOCAN-ROMPIMIENTO-EN-EL-SELLO-HIDROLOGICO-E-INTERRUPMEN-EL-CAUSE-NORMAL-DEL-RIO-ACONCAGUA.jpg?w=316&#038;h=209&#038;ssl=1\" srcset=\"https:\/\/i0.wp.com\/eltrabajo.cl\/portal\/wp-content\/uploads\/2016\/01\/FOTO-3-DIARIAMENTE-SE-EXTRAEN-TONELADAS-DE-MATERIAL-QUE-PROVOCAN-ROMPIMIENTO-EN-EL-SELLO-HIDROLOGICO-E-INTERRUPMEN-EL-CAUSE-NORMAL-DEL-RIO-ACONCAGUA.jpg?w=530&amp;ssl=1 530w, https:\/\/i0.wp.com\/eltrabajo.cl\/portal\/wp-content\/uploads\/2016\/01\/FOTO-3-DIARIAMENTE-SE-EXTRAEN-TONELADAS-DE-MATERIAL-QUE-PROVOCAN-ROMPIMIENTO-EN-EL-SELLO-HIDROLOGICO-E-INTERRUPMEN-EL-CAUSE-NORMAL-DEL-RIO-ACONCAGUA.jpg?resize=200%2C132&amp;ssl=1 200w, https:\/\/i0.wp.com\/eltrabajo.cl\/portal\/wp-content\/uploads\/2016\/01\/FOTO-3-DIARIAMENTE-SE-EXTRAEN-TONELADAS-DE-MATERIAL-QUE-PROVOCAN-ROMPIMIENTO-EN-EL-SELLO-HIDROLOGICO-E-INTERRUPMEN-EL-CAUSE-NORMAL-DEL-RIO-ACONCAGUA.jpg?resize=300%2C198&amp;ssl=1 300w, https:\/\/i0.wp.com\/eltrabajo.cl\/portal\/wp-content\/uploads\/2016\/01\/FOTO-3-DIARIAMENTE-SE-EXTRAEN-TONELADAS-DE-MATERIAL-QUE-PROVOCAN-ROMPIMIENTO-EN-EL-SELLO-HIDROLOGICO-E-INTERRUPMEN-EL-CAUSE-NORMAL-DEL-RIO-ACONCAGUA.jpg?resize=227%2C150&amp;ssl=1 227w, https:\/\/i0.wp.com\/eltrabajo.cl\/portal\/wp-content\/uploads\/2016\/01\/FOTO-3-DIARIAMENTE-SE-EXTRAEN-TONELADAS-DE-MATERIAL-QUE-PROVOCAN-ROMPIMIENTO-EN-EL-SELLO-HIDROLOGICO-E-INTERRUPMEN-EL-CAUSE-NORMAL-DEL-RIO-ACONCAGUA.jpg?resize=400%2C264&amp;ssl=1 400w\" width=\"316\" height=\"209\" loading=\"lazy\" data-original-width=\"316\" data-original-height=\"209\" itemprop=\"http:\/\/schema.org\/image\" title=\"FOTO 3 DIARIAMENTE SE EXTRAEN TONELADAS DE MATERIAL QUE PROVOCAN ROMPIMIENTO EN EL SELLO HIDROLOGICO E INTERRUPMEN EL CAUSE NORMAL DEL RIO ACONCAGUA\" alt=\"Diariamente se extraen toneladas de material, que provocan rompimiento en el sello hidrol\u00f3gico e interrumpen el cauce normal del R\u00edo Aconcagua.\" style=\"width: 316px; height: 209px;\" \/> <\/a> <div class=\"tiled-gallery-caption\" itemprop=\"caption description\"> Diariamente se extraen toneladas de material, que provocan rompimiento en el sello hidrol\u00f3gico e interrumpen el cauce normal del R\u00edo Aconcagua. <\/div> <\/div> <\/div> <!-- close group --> <\/div> <!-- close row --> <\/div>\n","protected":false},"excerpt":{"rendered":"<p>La Direcci\u00f3n Jur\u00eddica de la Municipalidad de San Felipe, comprob\u00f3 la semana pasada en terreno la extracci\u00f3n de material e inform\u00f3 a la autoridad gubernamental que en la jornada de ayer abri\u00f3&#8230;<\/p>\n","protected":false},"author":482,"featured_media":65515,"comment_status":"open","ping_status":"open","sticky":false,"template":"","format":"standard","meta":{"advanced_seo_description":"","jetpack_seo_html_title":"","jetpack_seo_noindex":false,"_jetpack_memberships_contains_paid_content":false,"footnotes":""},"categories":[1],"tags":[],"class_list":["post-65514","post","type-post","status-publish","format-standard","has-post-thumbnail","hentry","category-cronica"],"jetpack_featured_media_url":"https:\/\/i0.wp.com\/eltrabajo.cl\/portal\/wp-content\/uploads\/2016\/01\/FOTO-1-Jorge-Jara-C.jpg?fit=530%2C350&ssl=1","jetpack_sharing_enabled":true,"jetpack_likes_enabled":true,"jetpack-related-posts":[],"_links":{"self":[{"href":"https:\/\/eltrabajo.cl\/portal\/wp-json\/wp\/v2\/posts\/65514","targetHints":{"allow":["GET"]}}],"collection":[{"href":"https:\/\/eltrabajo.cl\/portal\/wp-json\/wp\/v2\/posts"}],"about":[{"href":"https:\/\/eltrabajo.cl\/portal\/wp-json\/wp\/v2\/types\/post"}],"author":[{"embeddable":true,"href":"https:\/\/eltrabajo.cl\/portal\/wp-json\/wp\/v2\/users\/482"}],"replies":[{"embeddable":true,"href":"https:\/\/eltrabajo.cl\/portal\/wp-json\/wp\/v2\/comments?post=65514"}],"version-history":[{"count":0,"href":"https:\/\/eltrabajo.cl\/portal\/wp-json\/wp\/v2\/posts\/65514\/revisions"}],"wp:featuredmedia":[{"embeddable":true,"href":"https:\/\/eltrabajo.cl\/portal\/wp-json\/wp\/v2\/media\/65515"}],"wp:attachment":[{"href":"https:\/\/eltrabajo.cl\/portal\/wp-json\/wp\/v2\/media?parent=65514"}],"wp:term":[{"taxonomy":"category","embeddable":true,"href":"https:\/\/eltrabajo.cl\/portal\/wp-json\/wp\/v2\/categories?post=65514"},{"taxonomy":"post_tag","embeddable":true,"href":"https:\/\/eltrabajo.cl\/portal\/wp-json\/wp\/v2\/tags?post=65514"}],"curies":[{"name":"wp","href":"https:\/\/api.w.org\/{rel}","templated":true}]}}