{"id":65526,"date":"2016-01-07T13:43:15","date_gmt":"2016-01-07T16:43:15","guid":{"rendered":"http:\/\/www.eltrabajo.cl\/portal\/?p=65526"},"modified":"2016-01-08T14:26:07","modified_gmt":"2016-01-08T17:26:07","slug":"ultima-hora-a-mano-armada-asaltan-bus-ahumada-y-hieren-a-chofer-y-auxiliar","status":"publish","type":"post","link":"https:\/\/eltrabajo.cl\/portal\/ultima-hora-a-mano-armada-asaltan-bus-ahumada-y-hieren-a-chofer-y-auxiliar\/","title":{"rendered":"\u00daLTIMA HORA: A mano armada asaltan bus Ahumada y hieren a chofer y auxiliar"},"content":{"rendered":"<p><a href=\"http:\/\/www.eltrabajo.cl\/portal\/ultima-hora-a-mano-armada-asaltan-bus-ahumada-y-hieren-a-chofer-y-auxiliar\/ahumada\/\" rel=\"attachment wp-att-65527\"><img data-recalc-dims=\"1\" loading=\"lazy\" decoding=\"async\" class=\"size-full wp-image-65527\" src=\"https:\/\/i0.wp.com\/www.eltrabajo.cl\/portal\/wp-content\/uploads\/2016\/01\/ahumada.jpg?resize=530%2C349\" alt=\"A disparos asaltan bus de la empresa Ahumada. Foto @italovaldivia.\" width=\"530\" height=\"349\" srcset=\"https:\/\/i0.wp.com\/eltrabajo.cl\/portal\/wp-content\/uploads\/2016\/01\/ahumada.jpg?w=530&amp;ssl=1 530w, https:\/\/i0.wp.com\/eltrabajo.cl\/portal\/wp-content\/uploads\/2016\/01\/ahumada.jpg?resize=200%2C132&amp;ssl=1 200w, https:\/\/i0.wp.com\/eltrabajo.cl\/portal\/wp-content\/uploads\/2016\/01\/ahumada.jpg?resize=300%2C198&amp;ssl=1 300w, https:\/\/i0.wp.com\/eltrabajo.cl\/portal\/wp-content\/uploads\/2016\/01\/ahumada.jpg?resize=228%2C150&amp;ssl=1 228w, https:\/\/i0.wp.com\/eltrabajo.cl\/portal\/wp-content\/uploads\/2016\/01\/ahumada.jpg?resize=400%2C263&amp;ssl=1 400w\" sizes=\"auto, (max-width: 530px) 100vw, 530px\" \/><\/a><\/p>\n<p>A disparos asaltan bus de la empresa Ahumada. Foto @italovaldivia.<\/p>\n<p><strong>Ocho pasajeros fueron obligados a entregar sus pertenencias en uno de los hechos delictuales m\u00e1s graves y violentos registrados en el \u00faltimo tiempo, donde delincuentes se hicieron pasar por pasajeros para abordar la m\u00e1quina cerca del cruce de Huech\u00fan en la ruta Santa Teresa, disparando al menos tres tiros que rompieron ventanales e hirieron al conductor.<\/strong><\/p>\n<p>Al m\u00e1s puro estilo de las pel\u00edculas del viejo oeste, peligrosos delincuentes asaltaron a escopetazos un bus de la empresa Ahumada que se dirig\u00eda de Santiago a San Felipe la noche de este mi\u00e9rcoles.<br \/>\nEl hecho se registr\u00f3 a eso de las 21,30 horas, cuando la m\u00e1quina N\u00ba 714 que hab\u00eda salido media hora antes desde el terminal Los H\u00e9roes, se desplazaba por la ruta G 71 Santa Teresa. En las cercan\u00edas del cruce de Huech\u00fan, dos supuestos pasajeros hicieron parar el bus y cuando \u00e9ste se detuvo, de entre las sombras salieron otros cuatro delincuentes que amenazaron al chofer y al auxiliar con una escopeta.<br \/>\nSeg\u00fan inform\u00f3 a radio Bio Bio el oficial de ronda de Carabineros, Capit\u00e1n Carlos Toro, el conductor trat\u00f3 de repeler el atraco produci\u00e9ndose un forcejeo con uno de los antisociales y un segundo delincuente efectu\u00f3 al menos tres disparos de escopeta.<br \/>\nUno de estos disparos hiri\u00f3 en el brazo derecho al chofer, tras lo cual al menos dos de los antisociales subieron al bus y obligaron a ocho pasajeros a hacerles entrega de todos los objetos de valor que portaban como billeteras y celulares.<br \/>\nTras ello escaparon del lugar hacia potreros aleda\u00f1os, mientras que algunos pasajeros que conservaban sus tel\u00e9fonos m\u00f3viles llamaron a Carabineros.<br \/>\nPersonal policial activ\u00f3 un operativo de b\u00fasqueda de los asaltantes que incluy\u00f3 personal de la Siat y el Gope, mientras que el chofer identificado como Ram\u00f3n Carriel, fue trasladado hasta el hospital de Colina donde le diagnosticaron heridas leves.<br \/>\nHasta el mismo centro asistencial fue derivado el auxiliar Jos\u00e9 M\u00e9ndez quien se encuentra policontuso a prop\u00f3sito de los golpes recibidos.<br \/>\nAsimismo se inform\u00f3 que afortunadamente no hubo pasajeros heridos por el accionar violento de los antisociales.<br \/>\nUna vez que Carabineros concluy\u00f3 el procedimiento de rigor, los pasajeros del bus fueron trasladados en otro bus a la ciudad de San Felipe.<\/p>\n<p><strong>BUSES AHUMADA<\/strong><br \/>\nA trav\u00e9s de un comunicado de prensa, la empresa de Buses Ahumada calific\u00f3 este hecho como \u201cpuntual y lamentable\u201d en que se vio afectado este bus que trasladaba 40 pasajeros hasta San Felipe.<br \/>\nSeg\u00fan se\u00f1al\u00f3 el gerente de Buses Ahumada, Mathias Quiroz \u201cafortunadamente, nuestros pasajeros no resultaron lesionados, aun cuando lamentamos much\u00edsimo que ocho de ellos hayan sido v\u00edctimas de robo de sus especies personales. Esta es la primera vez que nos ocurre algo as\u00ed y estamos realmente conmocionados\u201d, agreg\u00f3 el ejecutivo.<br \/>\nQuiroz manifest\u00f3 que la empresa eval\u00faa el inicio de acciones legales a ra\u00edz de este repudiable episodio, aseverando que en sus m\u00e1s de 60 a\u00f1os de trayectoria, nunca hab\u00edan enfrentado una situaci\u00f3n de estas caracter\u00edsticas.<br \/>\nEn este sentido, se mostr\u00f3 esperanzado de que las diligencias dispuestas por el Ministerio P\u00fablico permitan dar con los autores de este hecho delincuencial.<\/p>\n","protected":false},"excerpt":{"rendered":"<p>A disparos asaltan bus de la empresa Ahumada. Foto @italovaldivia. Ocho pasajeros fueron obligados a entregar sus pertenencias en uno de los hechos delictuales m\u00e1s graves y violentos registrados en el \u00faltimo&#8230;<\/p>\n","protected":false},"author":1,"featured_media":65527,"comment_status":"open","ping_status":"open","sticky":false,"template":"","format":"standard","meta":{"advanced_seo_description":"","jetpack_seo_html_title":"","jetpack_seo_noindex":false,"_jetpack_memberships_contains_paid_content":false,"footnotes":""},"categories":[21],"tags":[],"class_list":["post-65526","post","type-post","status-publish","format-standard","has-post-thumbnail","hentry","category-policial"],"jetpack_featured_media_url":"https:\/\/i0.wp.com\/eltrabajo.cl\/portal\/wp-content\/uploads\/2016\/01\/ahumada.jpg?fit=530%2C349&ssl=1","jetpack_sharing_enabled":true,"jetpack_likes_enabled":true,"jetpack-related-posts":[],"_links":{"self":[{"href":"https:\/\/eltrabajo.cl\/portal\/wp-json\/wp\/v2\/posts\/65526","targetHints":{"allow":["GET"]}}],"collection":[{"href":"https:\/\/eltrabajo.cl\/portal\/wp-json\/wp\/v2\/posts"}],"about":[{"href":"https:\/\/eltrabajo.cl\/portal\/wp-json\/wp\/v2\/types\/post"}],"author":[{"embeddable":true,"href":"https:\/\/eltrabajo.cl\/portal\/wp-json\/wp\/v2\/users\/1"}],"replies":[{"embeddable":true,"href":"https:\/\/eltrabajo.cl\/portal\/wp-json\/wp\/v2\/comments?post=65526"}],"version-history":[{"count":0,"href":"https:\/\/eltrabajo.cl\/portal\/wp-json\/wp\/v2\/posts\/65526\/revisions"}],"wp:featuredmedia":[{"embeddable":true,"href":"https:\/\/eltrabajo.cl\/portal\/wp-json\/wp\/v2\/media\/65527"}],"wp:attachment":[{"href":"https:\/\/eltrabajo.cl\/portal\/wp-json\/wp\/v2\/media?parent=65526"}],"wp:term":[{"taxonomy":"category","embeddable":true,"href":"https:\/\/eltrabajo.cl\/portal\/wp-json\/wp\/v2\/categories?post=65526"},{"taxonomy":"post_tag","embeddable":true,"href":"https:\/\/eltrabajo.cl\/portal\/wp-json\/wp\/v2\/tags?post=65526"}],"curies":[{"name":"wp","href":"https:\/\/api.w.org\/{rel}","templated":true}]}}