{"id":6553,"date":"2011-11-23T08:19:08","date_gmt":"2011-11-23T12:19:08","guid":{"rendered":"http:\/\/www.eltrabajo.cl\/portal\/?p=6553"},"modified":"2011-11-23T08:19:09","modified_gmt":"2011-11-23T12:19:09","slug":"amplian-hasta-este-jueves-plazo-de-inscripcion-para-rendir-la-psu","status":"publish","type":"post","link":"https:\/\/eltrabajo.cl\/portal\/amplian-hasta-este-jueves-plazo-de-inscripcion-para-rendir-la-psu\/","title":{"rendered":"Ampl\u00edan hasta este jueves plazo de inscripci\u00f3n para rendir la PSU"},"content":{"rendered":"<figure id=\"attachment_6554\" aria-describedby=\"caption-attachment-6554\" style=\"width: 300px\" class=\"wp-caption alignleft\"><a href=\"http:\/\/www.eltrabajo.cl\/portal\/archives\/6553\/graciela-farias-2\" rel=\"attachment wp-att-6554\"><img data-recalc-dims=\"1\" loading=\"lazy\" decoding=\"async\" class=\"size-medium wp-image-6554\" title=\"graciela farias\" src=\"https:\/\/i0.wp.com\/www.eltrabajo.cl\/portal\/wp-content\/uploads\/2011\/11\/graciela-farias-300x225.jpg?resize=300%2C225\" alt=\"\" width=\"300\" height=\"225\" srcset=\"https:\/\/i0.wp.com\/eltrabajo.cl\/portal\/wp-content\/uploads\/2011\/11\/graciela-farias.jpg?resize=300%2C225&amp;ssl=1 300w, https:\/\/i0.wp.com\/eltrabajo.cl\/portal\/wp-content\/uploads\/2011\/11\/graciela-farias.jpg?resize=200%2C150&amp;ssl=1 200w, https:\/\/i0.wp.com\/eltrabajo.cl\/portal\/wp-content\/uploads\/2011\/11\/graciela-farias.jpg?resize=150%2C112&amp;ssl=1 150w, https:\/\/i0.wp.com\/eltrabajo.cl\/portal\/wp-content\/uploads\/2011\/11\/graciela-farias.jpg?resize=400%2C300&amp;ssl=1 400w, https:\/\/i0.wp.com\/eltrabajo.cl\/portal\/wp-content\/uploads\/2011\/11\/graciela-farias.jpg?w=600&amp;ssl=1 600w\" sizes=\"auto, (max-width: 300px) 100vw, 300px\" \/><\/a><figcaption id=\"caption-attachment-6554\" class=\"wp-caption-text\">Graciela Far\u00edas destac\u00f3 la ampliaci\u00f3n del plazo, como una oportunidad para aquellos j\u00f3venes que se decidieron a \u00faltima hora a dar la prueba.<\/figcaption><\/figure>\n<p>Un per\u00edodo especial de inscripci\u00f3n para la PSU se abri\u00f3 hasta este jueves 24 de noviembre para aquellas personas rezagadas que quieran rendir la prueba de selecci\u00f3n.<\/p>\n<p>Hasta la semana pasada el proceso estaba cerrado y s\u00f3lo a la espera de la rendici\u00f3n de la prueba, sin embargo el Demre estableci\u00f3 una nueva fecha de cierre de las inscripciones, y que vence este jueves 24 de noviembre.<\/p>\n<p>As\u00ed lo dio a conocer la Secretaria del proceso en San Felipe, Graciela Far\u00edas, quien se\u00f1al\u00f3 que es una muy buena noticia, especialmente para aquellos j\u00f3venes que a \u00faltima hora decidieron rendir la prueba.<\/p>\n<p>\u00abVan a tener que acercarse al Demre para inscribirse, donde los alumnos deben obtener la boleta de pago para dirigirse al banco y as\u00ed tendr\u00e1n la oportunidad de rendir la PSU el 12 y 13 de diciembre, quienes tendr\u00e1n que dar la prueba en este local que es para casos especiales\u00bb, se\u00f1al\u00f3 Far\u00edas.<\/p>\n<p>Los j\u00f3venes inscritos hasta este momento son 2.475, entre los que egresan este a\u00f1o y los rezagados de otros a\u00f1os, que est\u00e1n dentro de la misma n\u00f3mina.<\/p>\n<p>Sin embargo se espera que sean pocos los j\u00f3venes rezagados que se inscriban, ya que la gran mayor\u00eda ya realiz\u00f3 el proceso durante el a\u00f1o.<\/p>\n<p>\u00abLa fecha es hasta el 24 de noviembre hasta el medio d\u00eda y en esa fecha deben estar inscritos y deben tener pagada su inscripci\u00f3n, que son 25 mil pesos, y despu\u00e9s nosotros les damos un periodo donde tienen que sacar sus respectivos documentos, que deben presentar el d\u00eda de rendir la PSU\u00bb, dijo Far\u00edas.<\/p>\n","protected":false},"excerpt":{"rendered":"<p>Un per\u00edodo especial de inscripci\u00f3n para la PSU se abri\u00f3 hasta este jueves 24 de noviembre para aquellas personas rezagadas que quieran rendir la prueba de selecci\u00f3n. Hasta la semana pasada el&#8230;<\/p>\n","protected":false},"author":482,"featured_media":6554,"comment_status":"open","ping_status":"open","sticky":false,"template":"","format":"standard","meta":{"advanced_seo_description":"","jetpack_seo_html_title":"","jetpack_seo_noindex":false,"_jetpack_memberships_contains_paid_content":false,"footnotes":""},"categories":[17],"tags":[],"class_list":["post-6553","post","type-post","status-publish","format-standard","has-post-thumbnail","hentry","category-educacion"],"jetpack_featured_media_url":"https:\/\/i0.wp.com\/eltrabajo.cl\/portal\/wp-content\/uploads\/2011\/11\/graciela-farias.jpg?fit=600%2C450&ssl=1","jetpack_sharing_enabled":true,"jetpack_likes_enabled":true,"jetpack-related-posts":[],"_links":{"self":[{"href":"https:\/\/eltrabajo.cl\/portal\/wp-json\/wp\/v2\/posts\/6553","targetHints":{"allow":["GET"]}}],"collection":[{"href":"https:\/\/eltrabajo.cl\/portal\/wp-json\/wp\/v2\/posts"}],"about":[{"href":"https:\/\/eltrabajo.cl\/portal\/wp-json\/wp\/v2\/types\/post"}],"author":[{"embeddable":true,"href":"https:\/\/eltrabajo.cl\/portal\/wp-json\/wp\/v2\/users\/482"}],"replies":[{"embeddable":true,"href":"https:\/\/eltrabajo.cl\/portal\/wp-json\/wp\/v2\/comments?post=6553"}],"version-history":[{"count":0,"href":"https:\/\/eltrabajo.cl\/portal\/wp-json\/wp\/v2\/posts\/6553\/revisions"}],"wp:featuredmedia":[{"embeddable":true,"href":"https:\/\/eltrabajo.cl\/portal\/wp-json\/wp\/v2\/media\/6554"}],"wp:attachment":[{"href":"https:\/\/eltrabajo.cl\/portal\/wp-json\/wp\/v2\/media?parent=6553"}],"wp:term":[{"taxonomy":"category","embeddable":true,"href":"https:\/\/eltrabajo.cl\/portal\/wp-json\/wp\/v2\/categories?post=6553"},{"taxonomy":"post_tag","embeddable":true,"href":"https:\/\/eltrabajo.cl\/portal\/wp-json\/wp\/v2\/tags?post=6553"}],"curies":[{"name":"wp","href":"https:\/\/api.w.org\/{rel}","templated":true}]}}