{"id":65533,"date":"2016-01-07T14:12:31","date_gmt":"2016-01-07T17:12:31","guid":{"rendered":"http:\/\/www.eltrabajo.cl\/portal\/?p=65533"},"modified":"2016-01-07T14:12:31","modified_gmt":"2016-01-07T17:12:31","slug":"iniciativa-de-cesfam-san-felipe-el-real-fue-seleccionada-por-el-minsal-para-repetirlo-a-nivel-nacional","status":"publish","type":"post","link":"https:\/\/eltrabajo.cl\/portal\/iniciativa-de-cesfam-san-felipe-el-real-fue-seleccionada-por-el-minsal-para-repetirlo-a-nivel-nacional\/","title":{"rendered":"Iniciativa de Cesfam San Felipe El Real fue seleccionada por el Minsal para repetirlo a nivel nacional"},"content":{"rendered":"<figure id=\"attachment_65534\" aria-describedby=\"caption-attachment-65534\" style=\"width: 300px\" class=\"wp-caption alignleft\"><img data-recalc-dims=\"1\" loading=\"lazy\" decoding=\"async\" class=\"wp-image-65534 size-medium\" src=\"https:\/\/i0.wp.com\/www.eltrabajo.cl\/portal\/wp-content\/uploads\/2016\/01\/Jornada-buenas-practicas-300x198.jpg?resize=300%2C198\" alt=\"La Jornada de Buenas Pr\u00e1cticas convoc\u00f3 a centros de salud p\u00fablicos de todo el pa\u00eds, enmarcado en el Programa de Fortalecimiento de conocimientos y competencias a\u00f1o 2015 de la Subsecretaria de Redes Asistenciales. \" width=\"300\" height=\"198\" srcset=\"https:\/\/i0.wp.com\/eltrabajo.cl\/portal\/wp-content\/uploads\/2016\/01\/Jornada-buenas-practicas.jpg?resize=300%2C198&amp;ssl=1 300w, https:\/\/i0.wp.com\/eltrabajo.cl\/portal\/wp-content\/uploads\/2016\/01\/Jornada-buenas-practicas.jpg?resize=200%2C132&amp;ssl=1 200w, https:\/\/i0.wp.com\/eltrabajo.cl\/portal\/wp-content\/uploads\/2016\/01\/Jornada-buenas-practicas.jpg?resize=227%2C150&amp;ssl=1 227w, https:\/\/i0.wp.com\/eltrabajo.cl\/portal\/wp-content\/uploads\/2016\/01\/Jornada-buenas-practicas.jpg?resize=400%2C264&amp;ssl=1 400w, https:\/\/i0.wp.com\/eltrabajo.cl\/portal\/wp-content\/uploads\/2016\/01\/Jornada-buenas-practicas.jpg?w=530&amp;ssl=1 530w\" sizes=\"auto, (max-width: 300px) 100vw, 300px\" \/><figcaption id=\"caption-attachment-65534\" class=\"wp-caption-text\">La Jornada de Buenas Pr\u00e1cticas convoc\u00f3 a centros de salud p\u00fablicos de todo el pa\u00eds, enmarcado en el Programa de Fortalecimiento de conocimientos y competencias a\u00f1o 2015 de la Subsecretaria de Redes Asistenciales.<\/figcaption><\/figure>\n<ul>\n<li><strong>\u201cEs una forma innovadora para disminuir los tiempos que los usuarios disponen para una atenci\u00f3n de salud. Es una distinci\u00f3n merecida para el establecimiento y sus funcionarios, tanto a ellos como a nosotros nos honra\u201d, agreg\u00f3 la Dra. Vilma Olave, Directora del Servicio de Salud Aconcagua.<\/strong><\/li>\n<\/ul>\n<p>El encuentro de Buenas Pr\u00e1cticas convoca a centros de salud p\u00fablicos de todo el pa\u00eds para reconocer la capacidad de innovaci\u00f3n, creatividad y gesti\u00f3n de los funcionarios de la salud y se enmarca en el Programa de Fortalecimiento de conocimientos y competencias a\u00f1o 2015 de la Subsecretaria de Redes Asistenciales.<br \/>\nEsta Jornada logr\u00f3 constituirse en un espacio de encuentro, conocimiento e intercambio de experiencias implementadas por funcionarios de la red asistencial y que pueden ser replicadas a nivel pa\u00eds.<br \/>\nPara esta nueva versi\u00f3n de la jornada, de un total de ocho buenas pr\u00e1cticas presentadas por el Servicio de Salud Aconcagua, dos de ellas fueron seleccionadas para ser presentadas en modalidad posters, \u2018No m\u00e1s filas de madrugada\u2019 del Cesfam San Felipe El Real y \u2018Control Integral de pacientes con patolog\u00edas cr\u00f3nicas\u2019 del Cesfam de Llay Llay.<br \/>\nLa primera buena pr\u00e1ctica, muestra la implementaci\u00f3n del otorgamiento telef\u00f3nico de horas mediante el cual los usuarios pueden solicitar gratuitamente, v\u00eda telef\u00f3nica m\u00f3vil o de red fija, una atenci\u00f3n m\u00e9dica para el d\u00eda; la confirmaci\u00f3n de asistencia, en que mediante una llamada se recuerda al usuario su hora de atenci\u00f3n con fecha y horario y le pregunta mediante una grabaci\u00f3n si asistir\u00e1 indic\u00e1ndole con qu\u00e9 profesional y en qu\u00e9 sector ser\u00e1 atendido y finalmente la comunicaci\u00f3n telef\u00f3nica con los usuarios para reforzar campa\u00f1as de salud.<br \/>\nLa iniciativa del Cesfam de Llay Llay, muestra el desarrollo de un sistema simple y eficiente de atenci\u00f3n m\u00e9dica integral para pacientes con patolog\u00edas cr\u00f3nicas, basado en el Modelo de Salud Familiar, aumentando la cobertura y el n\u00famero de atenciones anuales, mejorando a su vez la adherencia a controles, observ\u00e1ndose a largo plazo una disminuci\u00f3n de la mortalidad y mejores niveles de calidad de vida.<br \/>\nLuego de ser presentadas, un total de 32 iniciativas en la modalidad posters, el jurado destac\u00f3 cinco de ellas entre las cuales figur\u00f3 el Cesfam San Felipe El Real.<br \/>\nEntre las iniciativas presentadas por el Servicio de Salud Aconcagua se encuentran, adem\u00e1s de las seleccionadas: \u2018Educando Sonrisas\u2019 del Cesfam San Felipe El Real, \u2018Modelo de Gesti\u00f3n de Traslados de pacientes a Instituciones Privadas\u2019 de la Unidad de Planificaci\u00f3n y Articulaci\u00f3n Hospitalaria, Servicio de Salud Aconcagua, \u2018Proceso de Preparaci\u00f3n Acreditaci\u00f3n de Calidad en un Hospital de Baja Complejidad\u2019 del Hospital San Antonio de Putaendo, \u2018Capacitaci\u00f3n continua para m\u00e9dicos de APS\u2019, Dpto. de Gesti\u00f3n de Atenci\u00f3n Primaria, Servicio de Salud Aconcagua, \u2018Una Iniciativa que Alimenta Piel a Piel\u2019, Hospital San Juan de Dios de Los Andes ,\u2019Mejora Continua en el Diagn\u00f3stico de S\u00edfilis\u2019, Hospital San Juan de Dios de Los Andes.<br \/>\nPara la Directora del Servicio de Salud Aconcagua, Dra. Vilma Olave, este reconocimiento \u201cEs una distinci\u00f3n merecida para el Centro de Salud Familiar San Felipe El Real y sus funcionarios, tanto a ellos como a nosotros nos honra haber sido seleccionados y distinguidos a nivel nacional por lo que invito a los equipos de los establecimientos de la red a seguir desarrollando innovaciones en su quehacer habitual por el mejoramiento de la calidad de la atenci\u00f3n para nuestros usuarios\u201d.<\/p>\n","protected":false},"excerpt":{"rendered":"<p>\u201cEs una forma innovadora para disminuir los tiempos que los usuarios disponen para una atenci\u00f3n de salud. Es una distinci\u00f3n merecida para el establecimiento y sus funcionarios, tanto a ellos como a&#8230;<\/p>\n","protected":false},"author":482,"featured_media":65534,"comment_status":"open","ping_status":"open","sticky":false,"template":"","format":"standard","meta":{"advanced_seo_description":"","jetpack_seo_html_title":"","jetpack_seo_noindex":false,"_jetpack_memberships_contains_paid_content":false,"footnotes":""},"categories":[15],"tags":[],"class_list":["post-65533","post","type-post","status-publish","format-standard","has-post-thumbnail","hentry","category-comunidad"],"jetpack_featured_media_url":"https:\/\/i0.wp.com\/eltrabajo.cl\/portal\/wp-content\/uploads\/2016\/01\/Jornada-buenas-practicas.jpg?fit=530%2C350&ssl=1","jetpack_sharing_enabled":true,"jetpack_likes_enabled":true,"jetpack-related-posts":[],"_links":{"self":[{"href":"https:\/\/eltrabajo.cl\/portal\/wp-json\/wp\/v2\/posts\/65533","targetHints":{"allow":["GET"]}}],"collection":[{"href":"https:\/\/eltrabajo.cl\/portal\/wp-json\/wp\/v2\/posts"}],"about":[{"href":"https:\/\/eltrabajo.cl\/portal\/wp-json\/wp\/v2\/types\/post"}],"author":[{"embeddable":true,"href":"https:\/\/eltrabajo.cl\/portal\/wp-json\/wp\/v2\/users\/482"}],"replies":[{"embeddable":true,"href":"https:\/\/eltrabajo.cl\/portal\/wp-json\/wp\/v2\/comments?post=65533"}],"version-history":[{"count":0,"href":"https:\/\/eltrabajo.cl\/portal\/wp-json\/wp\/v2\/posts\/65533\/revisions"}],"wp:featuredmedia":[{"embeddable":true,"href":"https:\/\/eltrabajo.cl\/portal\/wp-json\/wp\/v2\/media\/65534"}],"wp:attachment":[{"href":"https:\/\/eltrabajo.cl\/portal\/wp-json\/wp\/v2\/media?parent=65533"}],"wp:term":[{"taxonomy":"category","embeddable":true,"href":"https:\/\/eltrabajo.cl\/portal\/wp-json\/wp\/v2\/categories?post=65533"},{"taxonomy":"post_tag","embeddable":true,"href":"https:\/\/eltrabajo.cl\/portal\/wp-json\/wp\/v2\/tags?post=65533"}],"curies":[{"name":"wp","href":"https:\/\/api.w.org\/{rel}","templated":true}]}}