{"id":65539,"date":"2016-01-07T14:15:42","date_gmt":"2016-01-07T17:15:42","guid":{"rendered":"http:\/\/www.eltrabajo.cl\/portal\/?p=65539"},"modified":"2016-01-07T14:15:42","modified_gmt":"2016-01-07T17:15:42","slug":"coronel-marcelo-duran-cesa-sus-labores-como-prefecto-de-aconcagua","status":"publish","type":"post","link":"https:\/\/eltrabajo.cl\/portal\/coronel-marcelo-duran-cesa-sus-labores-como-prefecto-de-aconcagua\/","title":{"rendered":"Coronel Marcelo Dur\u00e1n cesa sus labores como Prefecto de Aconcagua"},"content":{"rendered":"<figure id=\"attachment_65540\" aria-describedby=\"caption-attachment-65540\" style=\"width: 300px\" class=\"wp-caption alignleft\"><img data-recalc-dims=\"1\" loading=\"lazy\" decoding=\"async\" class=\"wp-image-65540 size-medium\" src=\"https:\/\/i0.wp.com\/www.eltrabajo.cl\/portal\/wp-content\/uploads\/2016\/01\/Prefecto-Marcelo-Duran-300x197.jpg?resize=300%2C197\" alt=\"El Coronel Marcelo Dur\u00e1n Mu\u00f1oz se despide el d\u00eda de hoy como Prefecto de Carabineros Aconcagua.\" width=\"300\" height=\"197\" srcset=\"https:\/\/i0.wp.com\/eltrabajo.cl\/portal\/wp-content\/uploads\/2016\/01\/Prefecto-Marcelo-Duran.jpg?resize=300%2C197&amp;ssl=1 300w, https:\/\/i0.wp.com\/eltrabajo.cl\/portal\/wp-content\/uploads\/2016\/01\/Prefecto-Marcelo-Duran.jpg?resize=200%2C131&amp;ssl=1 200w, https:\/\/i0.wp.com\/eltrabajo.cl\/portal\/wp-content\/uploads\/2016\/01\/Prefecto-Marcelo-Duran.jpg?resize=228%2C150&amp;ssl=1 228w, https:\/\/i0.wp.com\/eltrabajo.cl\/portal\/wp-content\/uploads\/2016\/01\/Prefecto-Marcelo-Duran.jpg?resize=400%2C263&amp;ssl=1 400w, https:\/\/i0.wp.com\/eltrabajo.cl\/portal\/wp-content\/uploads\/2016\/01\/Prefecto-Marcelo-Duran.jpg?w=530&amp;ssl=1 530w\" sizes=\"auto, (max-width: 300px) 100vw, 300px\" \/><figcaption id=\"caption-attachment-65540\" class=\"wp-caption-text\">El Coronel Marcelo Dur\u00e1n Mu\u00f1oz se despide el d\u00eda de hoy como Prefecto de Carabineros Aconcagua.<\/figcaption><\/figure>\n<ul>\n<li><strong>El Alto Mando de Carabineros design\u00f3 al Coronel Pablo Antonio Salgado Dur\u00e1n para asumir como nuevo Prefecto.<\/strong><\/li>\n<\/ul>\n<p>Luego de tres a\u00f1os al mando de la Prefectura de Carabineros Aconcagua, que comprende las provincias de San Felipe, Los Andes y La Ligua, el Coronel Marcelo Dur\u00e1n Mu\u00f1oz cesar\u00e1 de su cargo como prefecto al mediod\u00eda de hoy jueves, despu\u00e9s de una ceremonia protocolar de entrega del mando a la espera de la llegada de su sucesor, el Coronel Pablo Salgado.<br \/>\nDur\u00e1n calific\u00f3 su paso por esta Prefectura como exitosa tras el logro de las metas que se fueron trazando como instituci\u00f3n en la zona de Aconcagua, las que fueron valoradas por sus superiores respecto a los \u00faltimos 30 a\u00f1os de gesti\u00f3n y administraci\u00f3n de Carabineros dentro de las 15 comunas correspondientes a las tres provincias antes mencionadas.<br \/>\nEl oficial, luego de entregar el mando en la Prefectura, cumplir\u00e1 labores durante este a\u00f1o en la Direcci\u00f3n de Personal de Carabineros en la Regi\u00f3n Metropolitana, agradeciendo adem\u00e1s la oportunidad que le encomend\u00f3 el alto mando institucional en el ejercicio de su cargo como prefecto.<br \/>\n\u201cEsperamos que este d\u00eda jueves (hoy) yo pueda entregar el cargo definitivamente despu\u00e9s de tres a\u00f1os en la Prefectura de Aconcagua que me llen\u00f3 de satisfacciones. Fue un desaf\u00edo tremendamente importante en mi carrera profesional, me gener\u00f3 un tremendo logro por las metas que se alcanzaron y porque en definitiva estuve estos tres a\u00f1os lo que no se hab\u00eda visto en los \u00faltimos 30 en esta Prefectura, lo que demuestra un voto de confianza que tuvo el alto mando con este oficial superior para comandar esta gran prefectura que abarca 15 comunas, tres provincias y alrededor de 30 cuarteles policiales\u201d, concluy\u00f3 Dur\u00e1n.<br \/>\n<strong>Pablo Salinas Sald\u00edas<\/strong><\/p>\n","protected":false},"excerpt":{"rendered":"<p>El Alto Mando de Carabineros design\u00f3 al Coronel Pablo Antonio Salgado Dur\u00e1n para asumir como nuevo Prefecto. Luego de tres a\u00f1os al mando de la Prefectura de Carabineros Aconcagua, que comprende las&#8230;<\/p>\n","protected":false},"author":482,"featured_media":65540,"comment_status":"open","ping_status":"open","sticky":false,"template":"","format":"standard","meta":{"advanced_seo_description":"","jetpack_seo_html_title":"","jetpack_seo_noindex":false,"_jetpack_memberships_contains_paid_content":false,"footnotes":""},"categories":[1],"tags":[],"class_list":["post-65539","post","type-post","status-publish","format-standard","has-post-thumbnail","hentry","category-cronica"],"jetpack_featured_media_url":"https:\/\/i0.wp.com\/eltrabajo.cl\/portal\/wp-content\/uploads\/2016\/01\/Prefecto-Marcelo-Duran.jpg?fit=530%2C348&ssl=1","jetpack_sharing_enabled":true,"jetpack_likes_enabled":true,"jetpack-related-posts":[],"_links":{"self":[{"href":"https:\/\/eltrabajo.cl\/portal\/wp-json\/wp\/v2\/posts\/65539","targetHints":{"allow":["GET"]}}],"collection":[{"href":"https:\/\/eltrabajo.cl\/portal\/wp-json\/wp\/v2\/posts"}],"about":[{"href":"https:\/\/eltrabajo.cl\/portal\/wp-json\/wp\/v2\/types\/post"}],"author":[{"embeddable":true,"href":"https:\/\/eltrabajo.cl\/portal\/wp-json\/wp\/v2\/users\/482"}],"replies":[{"embeddable":true,"href":"https:\/\/eltrabajo.cl\/portal\/wp-json\/wp\/v2\/comments?post=65539"}],"version-history":[{"count":0,"href":"https:\/\/eltrabajo.cl\/portal\/wp-json\/wp\/v2\/posts\/65539\/revisions"}],"wp:featuredmedia":[{"embeddable":true,"href":"https:\/\/eltrabajo.cl\/portal\/wp-json\/wp\/v2\/media\/65540"}],"wp:attachment":[{"href":"https:\/\/eltrabajo.cl\/portal\/wp-json\/wp\/v2\/media?parent=65539"}],"wp:term":[{"taxonomy":"category","embeddable":true,"href":"https:\/\/eltrabajo.cl\/portal\/wp-json\/wp\/v2\/categories?post=65539"},{"taxonomy":"post_tag","embeddable":true,"href":"https:\/\/eltrabajo.cl\/portal\/wp-json\/wp\/v2\/tags?post=65539"}],"curies":[{"name":"wp","href":"https:\/\/api.w.org\/{rel}","templated":true}]}}