{"id":65543,"date":"2016-01-07T14:19:03","date_gmt":"2016-01-07T17:19:03","guid":{"rendered":"http:\/\/www.eltrabajo.cl\/portal\/?p=65543"},"modified":"2016-01-07T14:19:03","modified_gmt":"2016-01-07T17:19:03","slug":"con-un-hasta-pronto-y-positiva-evaluacion-se-despide-la-primera-mujer-que-dirigio-a-carabineros-de-san-felipe","status":"publish","type":"post","link":"https:\/\/eltrabajo.cl\/portal\/con-un-hasta-pronto-y-positiva-evaluacion-se-despide-la-primera-mujer-que-dirigio-a-carabineros-de-san-felipe\/","title":{"rendered":"Con un \u2018hasta pronto\u2019 y positiva evaluaci\u00f3n se despide la primera mujer que dirigi\u00f3 a Carabineros de San Felipe"},"content":{"rendered":"<figure id=\"attachment_65544\" aria-describedby=\"caption-attachment-65544\" style=\"width: 300px\" class=\"wp-caption alignleft\"><img data-recalc-dims=\"1\" loading=\"lazy\" decoding=\"async\" class=\"wp-image-65544 size-medium\" src=\"https:\/\/i0.wp.com\/www.eltrabajo.cl\/portal\/wp-content\/uploads\/2016\/01\/MAUREEN-ESPINOZA-300x197.jpg?resize=300%2C197\" alt=\"La otrora Comisario de Carabineros de San Felipe, Maureen Espinoza se despidi\u00f3 agradecida de la recepci\u00f3n de los vecinos de la provincia.\" width=\"300\" height=\"197\" srcset=\"https:\/\/i0.wp.com\/eltrabajo.cl\/portal\/wp-content\/uploads\/2016\/01\/MAUREEN-ESPINOZA.jpg?resize=300%2C197&amp;ssl=1 300w, https:\/\/i0.wp.com\/eltrabajo.cl\/portal\/wp-content\/uploads\/2016\/01\/MAUREEN-ESPINOZA.jpg?resize=200%2C131&amp;ssl=1 200w, https:\/\/i0.wp.com\/eltrabajo.cl\/portal\/wp-content\/uploads\/2016\/01\/MAUREEN-ESPINOZA.jpg?resize=228%2C150&amp;ssl=1 228w, https:\/\/i0.wp.com\/eltrabajo.cl\/portal\/wp-content\/uploads\/2016\/01\/MAUREEN-ESPINOZA.jpg?resize=400%2C263&amp;ssl=1 400w, https:\/\/i0.wp.com\/eltrabajo.cl\/portal\/wp-content\/uploads\/2016\/01\/MAUREEN-ESPINOZA.jpg?w=530&amp;ssl=1 530w\" sizes=\"auto, (max-width: 300px) 100vw, 300px\" \/><figcaption id=\"caption-attachment-65544\" class=\"wp-caption-text\">La otrora Comisario de Carabineros de San Felipe, Maureen Espinoza se despidi\u00f3 agradecida de la recepci\u00f3n de los vecinos de la provincia.<\/figcaption><\/figure>\n<ul>\n<li><strong>La oficial policial que marc\u00f3 un referente en la Segunda Comisar\u00eda de Carabineros de San Felipe, por su cercan\u00eda con los vecinos y comerciantes de la comuna, entreg\u00f3 formalmente su puesto en esta provincia ante el Prefecto de Aconcagua, para cumplir desde este lunes el mismo cargo en la ciudad de Linares.<\/strong><\/li>\n<\/ul>\n<p>Ser mujer carabinero y comandar bajo el cargo de Comisario, fue uno de los desaf\u00edos que se traz\u00f3 la Mayor Maureen Espinoza Lobos, quien tras un a\u00f1o en la administraci\u00f3n de la Segunda Comisar\u00eda de San Felipe y obtener una destacada jefatura policial, como tambi\u00e9n una reconocida cercan\u00eda con los vecinos de las distintas comunas de esta provincia, hoy dice adi\u00f3s a esta unidad policial para incorporarse este lunes a la primera Comisar\u00eda de la ciudad de Linares y -como seg\u00fan cuenta- aplicar\u00e1 toda la experiencia adquirida en la zona de Aconcagua.<br \/>\nLa tarde de este martes, bajo una ceremonia formal como parte de la reglamentaci\u00f3n de Carabineros, Espinoza ces\u00f3 sus funciones como Comisario de esta instituci\u00f3n ante el Prefecto de Aconcagua, Coronel Marcelo Dur\u00e1n en un acto protocolar. No obstante dentro de los pr\u00f3ximos d\u00edas se espera el arribo del nuevo Comisario, Mayor \u00c1lvaro Antonio Rodr\u00edguez Cort\u00e9s, quien asumir\u00e1 el mando de la Segunda de Comisar\u00eda de San Felipe durante este a\u00f1o.<br \/>\nEn su corta estad\u00eda en Aconcagua, la Mayor Maureen Espinoza se\u00f1al\u00f3 que su traslado corresponde a uno de los tantos desaf\u00edos que mantiene vigente, despidi\u00e9ndose con un \u2018hasta pronto\u2019, prometiendo volver alg\u00fan d\u00eda a cumplir funciones policiales en esta zona. Lugar en el que a corto plazo se complement\u00f3 con los carabineros a su mando y con los vecinos que depositaron su confianza frente a la problem\u00e1tica delictual que d\u00eda a d\u00eda denunciaron durante el 2015; sus logros fueron aumentar el n\u00famero de personas detenidas y disminuir el n\u00famero de denuncias ante la ocurrencia de delitos.<br \/>\n\u201cEstoy con la sensibilidad a flor de piel y en esta oportunidad agradezco nuevamente la cobertura de esta ceremonia, de llevarla al resto de la comunidad y tambi\u00e9n manifestarles no solo a mis Carabineros sino que a toda la provincia de San Felipe, a mis Juntas de Vecinos que me siento muy parte de esta provincia, el agradecimiento por c\u00f3mo me recibieron, por c\u00f3mo confiaron en que efectivamente si \u00edbamos a lograr una cercan\u00eda. Hoy me voy muy contenta, muy satisfecha porque espero que esta provincia siga confiando en su Carabineros. Desde Linares y estar\u00e9 atenta a lo que pasa en el Valle de Aconcagua\u201d.<\/p>\n<p><strong>PODER FEMENINO<\/strong><br \/>\nAl ser consultada sobre el hito hist\u00f3rico que dej\u00f3 en la provincia de San Felipe al convertirse en la primera oficial en comandar los escuadrones de Carabineros, respondi\u00f3 humildemente que \u201cefectivamente marca un precedente no s\u00f3lo en mi trayectoria profesional sino a nivel institucional, por haber plasmado que una mujer carabinero comisario puede perfectamente desarrollar las labores de conducci\u00f3n, de gesti\u00f3n y administraci\u00f3n de una unidad tan grande con una provincia con seis comunas completas\u201d, afirm\u00f3.<br \/>\nDentro de sus logros y objetivos trazados para la provincia de San Felipe, Espinoza resalt\u00f3 haber entregado confianza, respeto y apoyo hacia la comunidad, \u201cdurante el transcurso de este a\u00f1o fui muchas veces invitada a participar en reuniones como asesor experto en seguridad para la programaci\u00f3n de distintos eventos deportivos, familiares, religiosos, entonces hoy en d\u00eda la comunidad de San Felipe siente que Carabineros debe participar, apoyar y orientar a respecto a esta normativa. Desde ese punto de vista, Carabineros dej\u00f3 de ser, por lo menos para esa provincia, unos meros controladores de la Ley de Tr\u00e1nsito y de la Ley de Alcoholes sino que apoyamos y participamos d\u00eda a d\u00eda con la comunidad\u201d.<\/p>\n<p><strong>VALORACI\u00d3N DEL ALTO MANDO<\/strong><br \/>\nEl Prefecto de Aconcagua, Coronel Marcelo Dur\u00e1n calific\u00f3 la gesti\u00f3n de la Comisario Espinoza con resultados bastantes exitosos ante la singularidad de una oficial policial liderara a un gran n\u00famero de funcionarios en las comunas de la provincia de San Felipe.<br \/>\n\u201cEs bastante singular, fue toda una novedad tener aqu\u00ed en el Valle de Aconcagua durante todo el a\u00f1o 2015 a una oficial jefe de grado Mayor liderando todo lo que es la parte policial para la gran comuna de San Felipe y toda la provincia. Como ustedes ya saben, los resultados fueron bastantes exitosos, nosotros estamos tremendamente contentos por la labor y el ciclo cumplido por la Mayor Maureen Espinoza\u201d, enfatiz\u00f3.<br \/>\nEl Prefecto acentu\u00f3 adem\u00e1s que \u201cla vara que queda es bastante alta y esperamos que durante el trascurso de la pr\u00f3xima semana llegue el nuevo se\u00f1or Comisario quien liderar\u00e1 con nuevas directrices, con nuevos lineamientos con toda la problem\u00e1tica delincuencial durante el 2016 y que esperamos sin duda alguna sea tan eficiente como lo que ocurri\u00f3 durante el 2015\u201d.<br \/>\n<strong>Pablo Salinas Sald\u00edas<\/strong><\/p>\n<div class=\"tiled-gallery type-rectangular tiled-gallery-unresized\" data-original-width=\"640\" data-carousel-extra='null' itemscope itemtype=\"http:\/\/schema.org\/ImageGallery\" > <div class=\"gallery-row\" style=\"width: 640px; height: 212px;\" data-original-width=\"640\" data-original-height=\"212\" > <div class=\"gallery-group images-1\" style=\"width: 320px; height: 212px;\" data-original-width=\"320\" data-original-height=\"212\" > <div class=\"tiled-gallery-item tiled-gallery-item-large\" itemprop=\"associatedMedia\" itemscope itemtype=\"http:\/\/schema.org\/ImageObject\"> <a href=\"https:\/\/eltrabajo.cl\/portal\/con-un-hasta-pronto-y-positiva-evaluacion-se-despide-la-primera-mujer-que-dirigio-a-carabineros-de-san-felipe\/jefatura-aconcagua\/\" border=\"0\" itemprop=\"url\"> <meta itemprop=\"width\" content=\"316\"> <meta itemprop=\"height\" content=\"208\"> <img decoding=\"async\" class=\"\" data-attachment-id=\"65546\" data-orig-file=\"https:\/\/eltrabajo.cl\/portal\/wp-content\/uploads\/2016\/01\/JEFATURA-ACONCAGUA.jpg\" data-orig-size=\"530,349\" data-comments-opened=\"1\" data-image-meta=\"{&quot;aperture&quot;:&quot;0&quot;,&quot;credit&quot;:&quot;Picasa&quot;,&quot;camera&quot;:&quot;&quot;,&quot;caption&quot;:&quot;&quot;,&quot;created_timestamp&quot;:&quot;0&quot;,&quot;copyright&quot;:&quot;&quot;,&quot;focal_length&quot;:&quot;0&quot;,&quot;iso&quot;:&quot;0&quot;,&quot;shutter_speed&quot;:&quot;0&quot;,&quot;title&quot;:&quot;&quot;,&quot;orientation&quot;:&quot;0&quot;}\" data-image-title=\"JEFATURA ACONCAGUA\" data-image-description=\"&lt;p&gt;A la izquierda el actual Teniente Coronel Marcelo Arancibia, junto a la Mayor Maureen Espinoza y el otrora Prefecto de Aconcagua, Coronel Marcelo Dur\u00e1n Mu\u00f1oz.&lt;\/p&gt; \" data-medium-file=\"https:\/\/i0.wp.com\/eltrabajo.cl\/portal\/wp-content\/uploads\/2016\/01\/JEFATURA-ACONCAGUA.jpg?fit=300%2C198&#038;ssl=1\" data-large-file=\"https:\/\/i0.wp.com\/eltrabajo.cl\/portal\/wp-content\/uploads\/2016\/01\/JEFATURA-ACONCAGUA.jpg?fit=530%2C349&#038;ssl=1\" src=\"https:\/\/i0.wp.com\/eltrabajo.cl\/portal\/wp-content\/uploads\/2016\/01\/JEFATURA-ACONCAGUA.jpg?w=316&#038;h=208&#038;ssl=1\" srcset=\"https:\/\/i0.wp.com\/eltrabajo.cl\/portal\/wp-content\/uploads\/2016\/01\/JEFATURA-ACONCAGUA.jpg?w=530&amp;ssl=1 530w, https:\/\/i0.wp.com\/eltrabajo.cl\/portal\/wp-content\/uploads\/2016\/01\/JEFATURA-ACONCAGUA.jpg?resize=200%2C132&amp;ssl=1 200w, https:\/\/i0.wp.com\/eltrabajo.cl\/portal\/wp-content\/uploads\/2016\/01\/JEFATURA-ACONCAGUA.jpg?resize=300%2C198&amp;ssl=1 300w, https:\/\/i0.wp.com\/eltrabajo.cl\/portal\/wp-content\/uploads\/2016\/01\/JEFATURA-ACONCAGUA.jpg?resize=228%2C150&amp;ssl=1 228w, https:\/\/i0.wp.com\/eltrabajo.cl\/portal\/wp-content\/uploads\/2016\/01\/JEFATURA-ACONCAGUA.jpg?resize=400%2C263&amp;ssl=1 400w\" width=\"316\" height=\"208\" loading=\"lazy\" data-original-width=\"316\" data-original-height=\"208\" itemprop=\"http:\/\/schema.org\/image\" title=\"JEFATURA ACONCAGUA\" alt=\"A la izquierda el actual Teniente Coronel Marcelo Arancibia, junto a la Mayor Maureen Espinoza y el otrora Prefecto de Aconcagua, Coronel Marcelo Dur\u00e1n Mu\u00f1oz.\" style=\"width: 316px; height: 208px;\" \/> <\/a> <div class=\"tiled-gallery-caption\" itemprop=\"caption description\"> A la izquierda el actual Teniente Coronel Marcelo Arancibia, junto a la Mayor Maureen Espinoza y el otrora Prefecto de Aconcagua, Coronel Marcelo Dur\u00e1n Mu\u00f1oz. <\/div> <\/div> <\/div> <!-- close group --> <div class=\"gallery-group images-1\" style=\"width: 320px; height: 212px;\" data-original-width=\"320\" data-original-height=\"212\" > <div class=\"tiled-gallery-item tiled-gallery-item-large\" itemprop=\"associatedMedia\" itemscope itemtype=\"http:\/\/schema.org\/ImageObject\"> <a href=\"https:\/\/eltrabajo.cl\/portal\/con-un-hasta-pronto-y-positiva-evaluacion-se-despide-la-primera-mujer-que-dirigio-a-carabineros-de-san-felipe\/comisario-y-comerciante\/\" border=\"0\" itemprop=\"url\"> <meta itemprop=\"width\" content=\"316\"> <meta itemprop=\"height\" content=\"208\"> <img decoding=\"async\" class=\"\" data-attachment-id=\"65545\" data-orig-file=\"https:\/\/eltrabajo.cl\/portal\/wp-content\/uploads\/2016\/01\/COMISARIO-Y-COMERCIANTE.jpg\" data-orig-size=\"530,349\" data-comments-opened=\"1\" data-image-meta=\"{&quot;aperture&quot;:&quot;0&quot;,&quot;credit&quot;:&quot;&quot;,&quot;camera&quot;:&quot;&quot;,&quot;caption&quot;:&quot;&quot;,&quot;created_timestamp&quot;:&quot;0&quot;,&quot;copyright&quot;:&quot;&quot;,&quot;focal_length&quot;:&quot;0&quot;,&quot;iso&quot;:&quot;0&quot;,&quot;shutter_speed&quot;:&quot;0&quot;,&quot;title&quot;:&quot;&quot;,&quot;orientation&quot;:&quot;0&quot;}\" data-image-title=\"COMISARIO Y COMERCIANTE\" data-image-description=\"&lt;p&gt; La Mayor Maureen Espinoza en una de sus visitas a un comerciante que fue v\u00edctima de un robo con intimidaci\u00f3n en el mes de febrero del 2015.&lt;\/p&gt; \" data-medium-file=\"https:\/\/i0.wp.com\/eltrabajo.cl\/portal\/wp-content\/uploads\/2016\/01\/COMISARIO-Y-COMERCIANTE.jpg?fit=300%2C198&#038;ssl=1\" data-large-file=\"https:\/\/i0.wp.com\/eltrabajo.cl\/portal\/wp-content\/uploads\/2016\/01\/COMISARIO-Y-COMERCIANTE.jpg?fit=530%2C349&#038;ssl=1\" src=\"https:\/\/i0.wp.com\/eltrabajo.cl\/portal\/wp-content\/uploads\/2016\/01\/COMISARIO-Y-COMERCIANTE.jpg?w=316&#038;h=208&#038;ssl=1\" srcset=\"https:\/\/i0.wp.com\/eltrabajo.cl\/portal\/wp-content\/uploads\/2016\/01\/COMISARIO-Y-COMERCIANTE.jpg?w=530&amp;ssl=1 530w, https:\/\/i0.wp.com\/eltrabajo.cl\/portal\/wp-content\/uploads\/2016\/01\/COMISARIO-Y-COMERCIANTE.jpg?resize=200%2C132&amp;ssl=1 200w, https:\/\/i0.wp.com\/eltrabajo.cl\/portal\/wp-content\/uploads\/2016\/01\/COMISARIO-Y-COMERCIANTE.jpg?resize=300%2C198&amp;ssl=1 300w, https:\/\/i0.wp.com\/eltrabajo.cl\/portal\/wp-content\/uploads\/2016\/01\/COMISARIO-Y-COMERCIANTE.jpg?resize=228%2C150&amp;ssl=1 228w, https:\/\/i0.wp.com\/eltrabajo.cl\/portal\/wp-content\/uploads\/2016\/01\/COMISARIO-Y-COMERCIANTE.jpg?resize=400%2C263&amp;ssl=1 400w\" width=\"316\" height=\"208\" loading=\"lazy\" data-original-width=\"316\" data-original-height=\"208\" itemprop=\"http:\/\/schema.org\/image\" title=\"COMISARIO Y COMERCIANTE\" alt=\"La Mayor Maureen Espinoza en una de sus visitas a un comerciante que fue v\u00edctima de un robo con intimidaci\u00f3n en el mes de febrero del 2015.\" style=\"width: 316px; height: 208px;\" \/> <\/a> <div class=\"tiled-gallery-caption\" itemprop=\"caption description\"> La Mayor Maureen Espinoza en una de sus visitas a un comerciante que fue v\u00edctima de un robo con intimidaci\u00f3n en el mes de febrero del 2015. <\/div> <\/div> <\/div> <!-- close group --> <\/div> <!-- close row --> <\/div>\n","protected":false},"excerpt":{"rendered":"<p>La oficial policial que marc\u00f3 un referente en la Segunda Comisar\u00eda de Carabineros de San Felipe, por su cercan\u00eda con los vecinos y comerciantes de la comuna, entreg\u00f3 formalmente su puesto en&#8230;<\/p>\n","protected":false},"author":482,"featured_media":65544,"comment_status":"open","ping_status":"open","sticky":false,"template":"","format":"standard","meta":{"advanced_seo_description":"","jetpack_seo_html_title":"","jetpack_seo_noindex":false,"_jetpack_memberships_contains_paid_content":false,"footnotes":""},"categories":[1],"tags":[],"class_list":["post-65543","post","type-post","status-publish","format-standard","has-post-thumbnail","hentry","category-cronica"],"jetpack_featured_media_url":"https:\/\/i0.wp.com\/eltrabajo.cl\/portal\/wp-content\/uploads\/2016\/01\/MAUREEN-ESPINOZA.jpg?fit=530%2C348&ssl=1","jetpack_sharing_enabled":true,"jetpack_likes_enabled":true,"jetpack-related-posts":[],"_links":{"self":[{"href":"https:\/\/eltrabajo.cl\/portal\/wp-json\/wp\/v2\/posts\/65543","targetHints":{"allow":["GET"]}}],"collection":[{"href":"https:\/\/eltrabajo.cl\/portal\/wp-json\/wp\/v2\/posts"}],"about":[{"href":"https:\/\/eltrabajo.cl\/portal\/wp-json\/wp\/v2\/types\/post"}],"author":[{"embeddable":true,"href":"https:\/\/eltrabajo.cl\/portal\/wp-json\/wp\/v2\/users\/482"}],"replies":[{"embeddable":true,"href":"https:\/\/eltrabajo.cl\/portal\/wp-json\/wp\/v2\/comments?post=65543"}],"version-history":[{"count":0,"href":"https:\/\/eltrabajo.cl\/portal\/wp-json\/wp\/v2\/posts\/65543\/revisions"}],"wp:featuredmedia":[{"embeddable":true,"href":"https:\/\/eltrabajo.cl\/portal\/wp-json\/wp\/v2\/media\/65544"}],"wp:attachment":[{"href":"https:\/\/eltrabajo.cl\/portal\/wp-json\/wp\/v2\/media?parent=65543"}],"wp:term":[{"taxonomy":"category","embeddable":true,"href":"https:\/\/eltrabajo.cl\/portal\/wp-json\/wp\/v2\/categories?post=65543"},{"taxonomy":"post_tag","embeddable":true,"href":"https:\/\/eltrabajo.cl\/portal\/wp-json\/wp\/v2\/tags?post=65543"}],"curies":[{"name":"wp","href":"https:\/\/api.w.org\/{rel}","templated":true}]}}