{"id":65551,"date":"2016-01-07T14:23:49","date_gmt":"2016-01-07T17:23:49","guid":{"rendered":"http:\/\/www.eltrabajo.cl\/portal\/?p=65551"},"modified":"2016-01-07T14:23:49","modified_gmt":"2016-01-07T17:23:49","slug":"mas-de-1-500-personas-visitaron-la-casa-del-viejito-pascuero","status":"publish","type":"post","link":"https:\/\/eltrabajo.cl\/portal\/mas-de-1-500-personas-visitaron-la-casa-del-viejito-pascuero\/","title":{"rendered":"M\u00e1s de 1.500 personas visitaron la casa del Viejito Pascuero"},"content":{"rendered":"<figure id=\"attachment_65552\" aria-describedby=\"caption-attachment-65552\" style=\"width: 300px\" class=\"wp-caption alignleft\"><img data-recalc-dims=\"1\" loading=\"lazy\" decoding=\"async\" class=\"wp-image-65552 size-medium\" src=\"https:\/\/i0.wp.com\/www.eltrabajo.cl\/portal\/wp-content\/uploads\/2016\/01\/Casa-Navidad-Llay-Llay-1-300x198.jpg?resize=300%2C198\" alt=\"Ellos son Roberto Cataldo y Pamela Toro, matrimonio de Llay Llay que lleva en sus venas el esp\u00edritu de la navidad y lo comparten con los visitantes.\" width=\"300\" height=\"198\" srcset=\"https:\/\/i0.wp.com\/eltrabajo.cl\/portal\/wp-content\/uploads\/2016\/01\/Casa-Navidad-Llay-Llay-1.jpg?resize=300%2C198&amp;ssl=1 300w, https:\/\/i0.wp.com\/eltrabajo.cl\/portal\/wp-content\/uploads\/2016\/01\/Casa-Navidad-Llay-Llay-1.jpg?resize=200%2C132&amp;ssl=1 200w, https:\/\/i0.wp.com\/eltrabajo.cl\/portal\/wp-content\/uploads\/2016\/01\/Casa-Navidad-Llay-Llay-1.jpg?resize=227%2C150&amp;ssl=1 227w, https:\/\/i0.wp.com\/eltrabajo.cl\/portal\/wp-content\/uploads\/2016\/01\/Casa-Navidad-Llay-Llay-1.jpg?resize=400%2C264&amp;ssl=1 400w, https:\/\/i0.wp.com\/eltrabajo.cl\/portal\/wp-content\/uploads\/2016\/01\/Casa-Navidad-Llay-Llay-1.jpg?w=530&amp;ssl=1 530w\" sizes=\"auto, (max-width: 300px) 100vw, 300px\" \/><figcaption id=\"caption-attachment-65552\" class=\"wp-caption-text\">Ellos son Roberto Cataldo y Pamela Toro, matrimonio de Llay Llay que lleva en sus venas el esp\u00edritu de la navidad y lo comparten con los visitantes.<\/figcaption><\/figure>\n<p><strong>LLAY LLAY.<\/strong>&#8211; Un lugar donde la leyenda se hace realidad y los visitantes se sienten transportados m\u00e1gicamente al mundo encantado del Polo Norte gracias a la decoraci\u00f3n, donde cada detalle lleva el sello navide\u00f1o. Esta es la casa de Pamela Toro y Roberto Cataldo, matrimonio que lleva en sus venas el esp\u00edritu de la navidad y la comparten con los vecinos de Llay Llay. Hasta el domingo 3 de enero, el registro de visitas ascend\u00eda a m\u00e1s de 1500 personas.<br \/>\n\u201cInstalar una cultura navide\u00f1a de puertas abiertas a la comunidad, y poder compartir toda nuestra ornamentaci\u00f3n y lo que hacemos con los vecinos, es nuestro objetivo\u201d, expresa Roberto Cataldo. Y este es el verdadero esp\u00edritu de la navidad: ser generosos, entregar amor, cari\u00f1o y bondad. Son justamente estos sentimientos que repletan el coraz\u00f3n del matrimonio. La belleza de la ornamentaci\u00f3n y cada detalle es una extensi\u00f3n de su alma. Personas que ponen su pasi\u00f3n, dedicando su tiempo y sus recursos en construir un decorado que les toma 10 meses en armar y que luego sin ning\u00fan inter\u00e9s, comparten con la comunidad.<br \/>\n\u2018La Maqueta de Llay Llay\u2019, forma parte de la exposici\u00f3n que los visitantes observan con asombro. Una reproducci\u00f3n \u2018sin escala\u2019, dice Pamela Toro \u201clo hizo Roberto, con material reciclado y despu\u00e9s del trabajo\u201d. En ella est\u00e1 representada toda la ciudad, sin faltar nada, y donde resalta cada una de las instituciones. Los detalles son impresionantes.<br \/>\nSin duda como dicen los visitantes, un trabajo \u201cque hay que agradecer, por entregar la oportunidad de volver a ser ni\u00f1o, a disfrutar de la navidad y por compartir con la comunidad\u201d.<br \/>\nEl matrimonio anunci\u00f3 que tienen preparado algunas sorpresas para la navidad de este 2016. Sin duda nos sorprender\u00e1n con todo su ingenio y creatividad. Ahora solo nos queda agradecer y, esperar este fin de a\u00f1o, donde tendremos nuevamente, toda la belleza de la casa navide\u00f1a de Llay Llay.<br \/>\n<strong>Marianela Quevedo<\/strong><\/p>\n<div class=\"tiled-gallery type-rectangular tiled-gallery-unresized\" data-original-width=\"640\" data-carousel-extra='null' itemscope itemtype=\"http:\/\/schema.org\/ImageGallery\" > <div class=\"gallery-row\" style=\"width: 640px; height: 282px;\" data-original-width=\"640\" data-original-height=\"282\" > <div class=\"gallery-group images-1\" style=\"width: 428px; height: 282px;\" data-original-width=\"428\" data-original-height=\"282\" > <div class=\"tiled-gallery-item tiled-gallery-item-large\" itemprop=\"associatedMedia\" itemscope itemtype=\"http:\/\/schema.org\/ImageObject\"> <a href=\"https:\/\/eltrabajo.cl\/portal\/mas-de-1-500-personas-visitaron-la-casa-del-viejito-pascuero\/casa-navidad-llay-llay-2\/\" border=\"0\" itemprop=\"url\"> <meta itemprop=\"width\" content=\"424\"> <meta itemprop=\"height\" content=\"278\"> <img decoding=\"async\" class=\"\" data-attachment-id=\"65554\" data-orig-file=\"https:\/\/eltrabajo.cl\/portal\/wp-content\/uploads\/2016\/01\/Casa-Navidad-Llay-Llay-2.jpg\" data-orig-size=\"530,348\" data-comments-opened=\"1\" data-image-meta=\"{&quot;aperture&quot;:&quot;0&quot;,&quot;credit&quot;:&quot;&quot;,&quot;camera&quot;:&quot;&quot;,&quot;caption&quot;:&quot;&quot;,&quot;created_timestamp&quot;:&quot;0&quot;,&quot;copyright&quot;:&quot;&quot;,&quot;focal_length&quot;:&quot;0&quot;,&quot;iso&quot;:&quot;0&quot;,&quot;shutter_speed&quot;:&quot;0&quot;,&quot;title&quot;:&quot;&quot;,&quot;orientation&quot;:&quot;0&quot;}\" data-image-title=\"Casa Navidad Llay Llay 2\" data-image-description=\"&lt;p&gt;Hasta el ba\u00f1o de la casa de esta familia est\u00e1 impregnado del esp\u00edritu navide\u00f1o.&lt;\/p&gt; \" data-medium-file=\"https:\/\/i0.wp.com\/eltrabajo.cl\/portal\/wp-content\/uploads\/2016\/01\/Casa-Navidad-Llay-Llay-2.jpg?fit=300%2C197&#038;ssl=1\" data-large-file=\"https:\/\/i0.wp.com\/eltrabajo.cl\/portal\/wp-content\/uploads\/2016\/01\/Casa-Navidad-Llay-Llay-2.jpg?fit=530%2C348&#038;ssl=1\" src=\"https:\/\/i0.wp.com\/eltrabajo.cl\/portal\/wp-content\/uploads\/2016\/01\/Casa-Navidad-Llay-Llay-2.jpg?w=424&#038;h=278&#038;ssl=1\" srcset=\"https:\/\/i0.wp.com\/eltrabajo.cl\/portal\/wp-content\/uploads\/2016\/01\/Casa-Navidad-Llay-Llay-2.jpg?w=530&amp;ssl=1 530w, https:\/\/i0.wp.com\/eltrabajo.cl\/portal\/wp-content\/uploads\/2016\/01\/Casa-Navidad-Llay-Llay-2.jpg?resize=200%2C131&amp;ssl=1 200w, https:\/\/i0.wp.com\/eltrabajo.cl\/portal\/wp-content\/uploads\/2016\/01\/Casa-Navidad-Llay-Llay-2.jpg?resize=300%2C197&amp;ssl=1 300w, https:\/\/i0.wp.com\/eltrabajo.cl\/portal\/wp-content\/uploads\/2016\/01\/Casa-Navidad-Llay-Llay-2.jpg?resize=228%2C150&amp;ssl=1 228w, https:\/\/i0.wp.com\/eltrabajo.cl\/portal\/wp-content\/uploads\/2016\/01\/Casa-Navidad-Llay-Llay-2.jpg?resize=400%2C263&amp;ssl=1 400w\" width=\"424\" height=\"278\" loading=\"lazy\" data-original-width=\"424\" data-original-height=\"278\" itemprop=\"http:\/\/schema.org\/image\" title=\"Casa Navidad Llay Llay 2\" alt=\"Hasta el ba\u00f1o de la casa de esta familia est\u00e1 impregnado del esp\u00edritu navide\u00f1o.\" style=\"width: 424px; height: 278px;\" \/> <\/a> <div class=\"tiled-gallery-caption\" itemprop=\"caption description\"> Cientos de luces embellecieron esta casa que pudo ser visitada por sus vecinos. <\/div> <\/div> <\/div> <!-- close group --> <div class=\"gallery-group images-2\" style=\"width: 212px; height: 282px;\" data-original-width=\"212\" data-original-height=\"282\" > <div class=\"tiled-gallery-item tiled-gallery-item-small\" itemprop=\"associatedMedia\" itemscope itemtype=\"http:\/\/schema.org\/ImageObject\"> <a href=\"https:\/\/eltrabajo.cl\/portal\/mas-de-1-500-personas-visitaron-la-casa-del-viejito-pascuero\/casa-navidad-llay-llay-4\/\" border=\"0\" itemprop=\"url\"> <meta itemprop=\"width\" content=\"208\"> <meta itemprop=\"height\" content=\"137\"> <img decoding=\"async\" class=\"\" data-attachment-id=\"65555\" data-orig-file=\"https:\/\/eltrabajo.cl\/portal\/wp-content\/uploads\/2016\/01\/Casa-Navidad-Llay-Llay-4.jpg\" data-orig-size=\"530,349\" data-comments-opened=\"1\" data-image-meta=\"{&quot;aperture&quot;:&quot;0&quot;,&quot;credit&quot;:&quot;&quot;,&quot;camera&quot;:&quot;&quot;,&quot;caption&quot;:&quot;&quot;,&quot;created_timestamp&quot;:&quot;0&quot;,&quot;copyright&quot;:&quot;&quot;,&quot;focal_length&quot;:&quot;0&quot;,&quot;iso&quot;:&quot;0&quot;,&quot;shutter_speed&quot;:&quot;0&quot;,&quot;title&quot;:&quot;&quot;,&quot;orientation&quot;:&quot;0&quot;}\" data-image-title=\"Casa Navidad Llay Llay 4\" data-image-description=\"&lt;p&gt;Si bien la decoraci\u00f3n del Viejito Pascuero abundaba en la casa, tambi\u00e9n hab\u00eda un bello pesebre, recordando el significado de la navidad.&lt;\/p&gt; \" data-medium-file=\"https:\/\/i0.wp.com\/eltrabajo.cl\/portal\/wp-content\/uploads\/2016\/01\/Casa-Navidad-Llay-Llay-4.jpg?fit=300%2C198&#038;ssl=1\" data-large-file=\"https:\/\/i0.wp.com\/eltrabajo.cl\/portal\/wp-content\/uploads\/2016\/01\/Casa-Navidad-Llay-Llay-4.jpg?fit=530%2C349&#038;ssl=1\" src=\"https:\/\/i0.wp.com\/eltrabajo.cl\/portal\/wp-content\/uploads\/2016\/01\/Casa-Navidad-Llay-Llay-4.jpg?w=208&#038;h=137&#038;ssl=1\" srcset=\"https:\/\/i0.wp.com\/eltrabajo.cl\/portal\/wp-content\/uploads\/2016\/01\/Casa-Navidad-Llay-Llay-4.jpg?w=530&amp;ssl=1 530w, https:\/\/i0.wp.com\/eltrabajo.cl\/portal\/wp-content\/uploads\/2016\/01\/Casa-Navidad-Llay-Llay-4.jpg?resize=200%2C132&amp;ssl=1 200w, https:\/\/i0.wp.com\/eltrabajo.cl\/portal\/wp-content\/uploads\/2016\/01\/Casa-Navidad-Llay-Llay-4.jpg?resize=300%2C198&amp;ssl=1 300w, https:\/\/i0.wp.com\/eltrabajo.cl\/portal\/wp-content\/uploads\/2016\/01\/Casa-Navidad-Llay-Llay-4.jpg?resize=228%2C150&amp;ssl=1 228w, https:\/\/i0.wp.com\/eltrabajo.cl\/portal\/wp-content\/uploads\/2016\/01\/Casa-Navidad-Llay-Llay-4.jpg?resize=400%2C263&amp;ssl=1 400w\" width=\"208\" height=\"137\" loading=\"lazy\" data-original-width=\"208\" data-original-height=\"137\" itemprop=\"http:\/\/schema.org\/image\" title=\"Casa Navidad Llay Llay 4\" alt=\"Si bien la decoraci\u00f3n del Viejito Pascuero abundaba en la casa, tambi\u00e9n hab\u00eda un bello pesebre, recordando el significado de la navidad.\" style=\"width: 208px; height: 137px;\" \/> <\/a> <div class=\"tiled-gallery-caption\" itemprop=\"caption description\"> Si bien la decoraci\u00f3n del Viejito Pascuero abundaba en la casa, tambi\u00e9n hab\u00eda un bello pesebre, recordando el significado de la navidad. <\/div> <\/div> <div class=\"tiled-gallery-item tiled-gallery-item-small\" itemprop=\"associatedMedia\" itemscope itemtype=\"http:\/\/schema.org\/ImageObject\"> <a href=\"https:\/\/eltrabajo.cl\/portal\/mas-de-1-500-personas-visitaron-la-casa-del-viejito-pascuero\/casa-navidad-llay-llay-3\/\" border=\"0\" itemprop=\"url\"> <meta itemprop=\"width\" content=\"208\"> <meta itemprop=\"height\" content=\"137\"> <img decoding=\"async\" class=\"\" data-attachment-id=\"65553\" data-orig-file=\"https:\/\/eltrabajo.cl\/portal\/wp-content\/uploads\/2016\/01\/Casa-Navidad-Llay-Llay-3.jpg\" data-orig-size=\"530,350\" data-comments-opened=\"1\" data-image-meta=\"{&quot;aperture&quot;:&quot;0&quot;,&quot;credit&quot;:&quot;&quot;,&quot;camera&quot;:&quot;&quot;,&quot;caption&quot;:&quot;&quot;,&quot;created_timestamp&quot;:&quot;0&quot;,&quot;copyright&quot;:&quot;&quot;,&quot;focal_length&quot;:&quot;0&quot;,&quot;iso&quot;:&quot;0&quot;,&quot;shutter_speed&quot;:&quot;0&quot;,&quot;title&quot;:&quot;&quot;,&quot;orientation&quot;:&quot;0&quot;}\" data-image-title=\"Casa Navidad Llay Llay 3\" data-image-description=\"&lt;p&gt;Cientos de luces embellecieron esta casa que pudo ser visitada por sus vecinos.&lt;\/p&gt; \" data-medium-file=\"https:\/\/i0.wp.com\/eltrabajo.cl\/portal\/wp-content\/uploads\/2016\/01\/Casa-Navidad-Llay-Llay-3.jpg?fit=300%2C198&#038;ssl=1\" data-large-file=\"https:\/\/i0.wp.com\/eltrabajo.cl\/portal\/wp-content\/uploads\/2016\/01\/Casa-Navidad-Llay-Llay-3.jpg?fit=530%2C350&#038;ssl=1\" src=\"https:\/\/i0.wp.com\/eltrabajo.cl\/portal\/wp-content\/uploads\/2016\/01\/Casa-Navidad-Llay-Llay-3.jpg?w=208&#038;h=137&#038;ssl=1\" srcset=\"https:\/\/i0.wp.com\/eltrabajo.cl\/portal\/wp-content\/uploads\/2016\/01\/Casa-Navidad-Llay-Llay-3.jpg?w=530&amp;ssl=1 530w, https:\/\/i0.wp.com\/eltrabajo.cl\/portal\/wp-content\/uploads\/2016\/01\/Casa-Navidad-Llay-Llay-3.jpg?resize=200%2C132&amp;ssl=1 200w, https:\/\/i0.wp.com\/eltrabajo.cl\/portal\/wp-content\/uploads\/2016\/01\/Casa-Navidad-Llay-Llay-3.jpg?resize=300%2C198&amp;ssl=1 300w, https:\/\/i0.wp.com\/eltrabajo.cl\/portal\/wp-content\/uploads\/2016\/01\/Casa-Navidad-Llay-Llay-3.jpg?resize=227%2C150&amp;ssl=1 227w, https:\/\/i0.wp.com\/eltrabajo.cl\/portal\/wp-content\/uploads\/2016\/01\/Casa-Navidad-Llay-Llay-3.jpg?resize=400%2C264&amp;ssl=1 400w\" width=\"208\" height=\"137\" loading=\"lazy\" data-original-width=\"208\" data-original-height=\"137\" itemprop=\"http:\/\/schema.org\/image\" title=\"Casa Navidad Llay Llay 3\" alt=\"Cientos de luces embellecieron esta casa que pudo ser visitada por sus vecinos.\" style=\"width: 208px; height: 137px;\" \/> <\/a> <div class=\"tiled-gallery-caption\" itemprop=\"caption description\"> Hasta el ba\u00f1o de la casa de esta familia est\u00e1 impregnado del esp\u00edritu navide\u00f1o. <\/div> <\/div> <\/div> <!-- close group --> <\/div> <!-- close row --> <\/div>\n<p>&nbsp;<\/p>\n","protected":false},"excerpt":{"rendered":"<p>LLAY LLAY.&#8211; Un lugar donde la leyenda se hace realidad y los visitantes se sienten transportados m\u00e1gicamente al mundo encantado del Polo Norte gracias a la decoraci\u00f3n, donde cada detalle lleva el&#8230;<\/p>\n","protected":false},"author":482,"featured_media":65552,"comment_status":"open","ping_status":"open","sticky":false,"template":"","format":"standard","meta":{"advanced_seo_description":"","jetpack_seo_html_title":"","jetpack_seo_noindex":false,"_jetpack_memberships_contains_paid_content":false,"footnotes":""},"categories":[15],"tags":[],"class_list":["post-65551","post","type-post","status-publish","format-standard","has-post-thumbnail","hentry","category-comunidad"],"jetpack_featured_media_url":"https:\/\/i0.wp.com\/eltrabajo.cl\/portal\/wp-content\/uploads\/2016\/01\/Casa-Navidad-Llay-Llay-1.jpg?fit=530%2C350&ssl=1","jetpack_sharing_enabled":true,"jetpack_likes_enabled":true,"jetpack-related-posts":[],"_links":{"self":[{"href":"https:\/\/eltrabajo.cl\/portal\/wp-json\/wp\/v2\/posts\/65551","targetHints":{"allow":["GET"]}}],"collection":[{"href":"https:\/\/eltrabajo.cl\/portal\/wp-json\/wp\/v2\/posts"}],"about":[{"href":"https:\/\/eltrabajo.cl\/portal\/wp-json\/wp\/v2\/types\/post"}],"author":[{"embeddable":true,"href":"https:\/\/eltrabajo.cl\/portal\/wp-json\/wp\/v2\/users\/482"}],"replies":[{"embeddable":true,"href":"https:\/\/eltrabajo.cl\/portal\/wp-json\/wp\/v2\/comments?post=65551"}],"version-history":[{"count":0,"href":"https:\/\/eltrabajo.cl\/portal\/wp-json\/wp\/v2\/posts\/65551\/revisions"}],"wp:featuredmedia":[{"embeddable":true,"href":"https:\/\/eltrabajo.cl\/portal\/wp-json\/wp\/v2\/media\/65552"}],"wp:attachment":[{"href":"https:\/\/eltrabajo.cl\/portal\/wp-json\/wp\/v2\/media?parent=65551"}],"wp:term":[{"taxonomy":"category","embeddable":true,"href":"https:\/\/eltrabajo.cl\/portal\/wp-json\/wp\/v2\/categories?post=65551"},{"taxonomy":"post_tag","embeddable":true,"href":"https:\/\/eltrabajo.cl\/portal\/wp-json\/wp\/v2\/tags?post=65551"}],"curies":[{"name":"wp","href":"https:\/\/api.w.org\/{rel}","templated":true}]}}