{"id":65557,"date":"2016-01-07T14:25:02","date_gmt":"2016-01-07T17:25:02","guid":{"rendered":"http:\/\/www.eltrabajo.cl\/portal\/?p=65557"},"modified":"2016-01-07T14:25:02","modified_gmt":"2016-01-07T17:25:02","slug":"desarrollan-proyecto-sustentable-en-cet-de-putaendo","status":"publish","type":"post","link":"https:\/\/eltrabajo.cl\/portal\/desarrollan-proyecto-sustentable-en-cet-de-putaendo\/","title":{"rendered":"Desarrollan proyecto sustentable en CET de Putaendo"},"content":{"rendered":"<figure id=\"attachment_65558\" aria-describedby=\"caption-attachment-65558\" style=\"width: 300px\" class=\"wp-caption alignleft\"><img data-recalc-dims=\"1\" loading=\"lazy\" decoding=\"async\" class=\"wp-image-65558 size-medium\" src=\"https:\/\/i0.wp.com\/www.eltrabajo.cl\/portal\/wp-content\/uploads\/2016\/01\/Huerto-sustentable-CET-300x198.jpg?resize=300%2C198\" alt=\"Autoridades conocieron el proyecto de huerto sustentable que se lleva a cabo en el CET de Putaendo, para la formaci\u00f3n laboral de internos en agricultura urbana.\" width=\"300\" height=\"198\" srcset=\"https:\/\/i0.wp.com\/eltrabajo.cl\/portal\/wp-content\/uploads\/2016\/01\/Huerto-sustentable-CET.jpg?resize=300%2C198&amp;ssl=1 300w, https:\/\/i0.wp.com\/eltrabajo.cl\/portal\/wp-content\/uploads\/2016\/01\/Huerto-sustentable-CET.jpg?resize=200%2C132&amp;ssl=1 200w, https:\/\/i0.wp.com\/eltrabajo.cl\/portal\/wp-content\/uploads\/2016\/01\/Huerto-sustentable-CET.jpg?resize=228%2C150&amp;ssl=1 228w, https:\/\/i0.wp.com\/eltrabajo.cl\/portal\/wp-content\/uploads\/2016\/01\/Huerto-sustentable-CET.jpg?resize=400%2C263&amp;ssl=1 400w, https:\/\/i0.wp.com\/eltrabajo.cl\/portal\/wp-content\/uploads\/2016\/01\/Huerto-sustentable-CET.jpg?w=530&amp;ssl=1 530w\" sizes=\"auto, (max-width: 300px) 100vw, 300px\" \/><figcaption id=\"caption-attachment-65558\" class=\"wp-caption-text\">Autoridades conocieron el proyecto de huerto sustentable que se lleva a cabo en el CET de Putaendo, para la formaci\u00f3n laboral de internos en agricultura urbana.<\/figcaption><\/figure>\n<ul>\n<li><strong>La innovadora iniciativa se encuentra en proceso de financiamiento y permitir\u00e1 que los internos se formen laboralmente en agricultura urbana.<\/strong><\/li>\n<\/ul>\n<p>\u2018CET Sustentable\u2019 es el nombre del ambicioso proyecto que se quiere desarrollar en el Centro de Estudio y Trabajo ubicado en Putaendo y que fue presentado al gobernador Eduardo Le\u00f3n, la directora regional de Conaf, Denisse N\u00fa\u00f1ez y representantes de Gendarmer\u00eda.<br \/>\nSe trata de la formaci\u00f3n laboral de internos en agricultura urbana, buscando habilitar espacios al interior del recinto para producir plantas, abonos org\u00e1nicos, estructuras org\u00e1nicas para consumo interno del CET. Al mismo tiempo los participantes pondr\u00e1n en pr\u00e1ctica lo aprendido al ser ellos mismos quienes construyan el primer huerto de la comuna.<br \/>\nEste proyecto se dividir\u00e1 en dos ejes: pr\u00e1ctico y te\u00f3rico; ser\u00e1n un curso formativo que constar\u00e1 de 10 clases que permitir\u00e1 a los usuarios tener la formaci\u00f3n de agricultura urbana, construyendo 4 m\u00f3dulos: un vivero, un huerto urbano, huerto vertical y centro de reciclaje (compostaje y lombricultura)<br \/>\nEn la oportunidad, el jefe del CET Putaendo, Suboficial Washington Leiva, manifest\u00f3 que esta iniciativa naci\u00f3 a ra\u00edz de la necesidad de los mismos funcionarios. \u201cEllos me lo plantearon y comenzamos a buscar apoyo. Conversamos con el Gobernador y materializamos esta reuni\u00f3n con autoridades de Santiago y Valpara\u00edso y actores locales. Lo que buscamos es apoyo econ\u00f3mico para solventar este proyecto\u201d, sostuvo ya que este proyecto tiene un costo de inversi\u00f3n superior a los $17 millones.<br \/>\nEn esa l\u00ednea, el Jefe de Departamento de reinserci\u00f3n Social de Gendarmer\u00eda, Patricio Ruiz, sostuvo que \u201cel aporte financiero es factible conseguirlo. Contamos con el que tiene la instituci\u00f3n, bajo la f\u00f3rmula de banco de proyectos, concursables a\u00f1o a a\u00f1o, que financia iniciativas locales de actividades laborales y formativas. Esta es s\u00f3lo una v\u00eda y existe muchas otras. Esperamos que este proyecto pueda llevarse a cabo\u201d.<br \/>\nEn tanto, el gobernador Eduardo Le\u00f3n dijo que \u201ceste proyecto innovador tiene dos objetivos, generar espacios de reinserci\u00f3n y tambi\u00e9n la preparaci\u00f3n de personas para trabajar en tiempos de sequ\u00eda. Hoy la gente necesita tener acceso a verduras org\u00e1nicas, a compos y trabajar sin qu\u00edmicos y esas personas saldr\u00e1n de ac\u00e1. Nosotros los felicitamos como Gobierno, porque la Presidenta ha dicho que es necesario darle oportunidad a todos y ser un aporte, que en esta oportunidad, va de la mano con el cambio clim\u00e1tico\u201d sostuvo la m\u00e1xima autoridad provincial.<br \/>\nFinalmente, la intenci\u00f3n es que los mismos internos puedan generar diversos productos que despu\u00e9s sean comercializados en la misma comuna y replicar esta idea en otros CET, que a lo largo del pa\u00eds son 22.<\/p>\n","protected":false},"excerpt":{"rendered":"<p>La innovadora iniciativa se encuentra en proceso de financiamiento y permitir\u00e1 que los internos se formen laboralmente en agricultura urbana. \u2018CET Sustentable\u2019 es el nombre del ambicioso proyecto que se quiere desarrollar&#8230;<\/p>\n","protected":false},"author":482,"featured_media":65558,"comment_status":"open","ping_status":"open","sticky":false,"template":"","format":"standard","meta":{"advanced_seo_description":"","jetpack_seo_html_title":"","jetpack_seo_noindex":false,"_jetpack_memberships_contains_paid_content":false,"footnotes":""},"categories":[15],"tags":[],"class_list":["post-65557","post","type-post","status-publish","format-standard","has-post-thumbnail","hentry","category-comunidad"],"jetpack_featured_media_url":"https:\/\/i0.wp.com\/eltrabajo.cl\/portal\/wp-content\/uploads\/2016\/01\/Huerto-sustentable-CET.jpg?fit=530%2C349&ssl=1","jetpack_sharing_enabled":true,"jetpack_likes_enabled":true,"jetpack-related-posts":[],"_links":{"self":[{"href":"https:\/\/eltrabajo.cl\/portal\/wp-json\/wp\/v2\/posts\/65557","targetHints":{"allow":["GET"]}}],"collection":[{"href":"https:\/\/eltrabajo.cl\/portal\/wp-json\/wp\/v2\/posts"}],"about":[{"href":"https:\/\/eltrabajo.cl\/portal\/wp-json\/wp\/v2\/types\/post"}],"author":[{"embeddable":true,"href":"https:\/\/eltrabajo.cl\/portal\/wp-json\/wp\/v2\/users\/482"}],"replies":[{"embeddable":true,"href":"https:\/\/eltrabajo.cl\/portal\/wp-json\/wp\/v2\/comments?post=65557"}],"version-history":[{"count":0,"href":"https:\/\/eltrabajo.cl\/portal\/wp-json\/wp\/v2\/posts\/65557\/revisions"}],"wp:featuredmedia":[{"embeddable":true,"href":"https:\/\/eltrabajo.cl\/portal\/wp-json\/wp\/v2\/media\/65558"}],"wp:attachment":[{"href":"https:\/\/eltrabajo.cl\/portal\/wp-json\/wp\/v2\/media?parent=65557"}],"wp:term":[{"taxonomy":"category","embeddable":true,"href":"https:\/\/eltrabajo.cl\/portal\/wp-json\/wp\/v2\/categories?post=65557"},{"taxonomy":"post_tag","embeddable":true,"href":"https:\/\/eltrabajo.cl\/portal\/wp-json\/wp\/v2\/tags?post=65557"}],"curies":[{"name":"wp","href":"https:\/\/api.w.org\/{rel}","templated":true}]}}