{"id":65560,"date":"2016-01-07T14:26:49","date_gmt":"2016-01-07T17:26:49","guid":{"rendered":"http:\/\/www.eltrabajo.cl\/portal\/?p=65560"},"modified":"2016-01-07T14:26:49","modified_gmt":"2016-01-07T17:26:49","slug":"oficina-de-la-vivienda-y-egis-municipal-prepara-antecedentes-para-primer-llamado-de-subsidios-del-serviu","status":"publish","type":"post","link":"https:\/\/eltrabajo.cl\/portal\/oficina-de-la-vivienda-y-egis-municipal-prepara-antecedentes-para-primer-llamado-de-subsidios-del-serviu\/","title":{"rendered":"Oficina de la Vivienda y Egis municipal prepara antecedentes para primer llamado de subsidios del Serviu"},"content":{"rendered":"<figure id=\"attachment_65561\" aria-describedby=\"caption-attachment-65561\" style=\"width: 300px\" class=\"wp-caption alignleft\"><img data-recalc-dims=\"1\" loading=\"lazy\" decoding=\"async\" class=\"wp-image-65561 size-medium\" src=\"https:\/\/i0.wp.com\/www.eltrabajo.cl\/portal\/wp-content\/uploads\/2016\/01\/FOTO-1-Felipe-Godoy-300x197.jpg?resize=300%2C197\" alt=\"Encargado de la Oficina de la Vivienda y Egis Municipal, Felipe Godoy.\" width=\"300\" height=\"197\" srcset=\"https:\/\/i0.wp.com\/eltrabajo.cl\/portal\/wp-content\/uploads\/2016\/01\/FOTO-1-Felipe-Godoy.jpg?resize=300%2C197&amp;ssl=1 300w, https:\/\/i0.wp.com\/eltrabajo.cl\/portal\/wp-content\/uploads\/2016\/01\/FOTO-1-Felipe-Godoy.jpg?resize=200%2C131&amp;ssl=1 200w, https:\/\/i0.wp.com\/eltrabajo.cl\/portal\/wp-content\/uploads\/2016\/01\/FOTO-1-Felipe-Godoy.jpg?resize=228%2C150&amp;ssl=1 228w, https:\/\/i0.wp.com\/eltrabajo.cl\/portal\/wp-content\/uploads\/2016\/01\/FOTO-1-Felipe-Godoy.jpg?resize=400%2C263&amp;ssl=1 400w, https:\/\/i0.wp.com\/eltrabajo.cl\/portal\/wp-content\/uploads\/2016\/01\/FOTO-1-Felipe-Godoy.jpg?w=530&amp;ssl=1 530w\" sizes=\"auto, (max-width: 300px) 100vw, 300px\" \/><figcaption id=\"caption-attachment-65561\" class=\"wp-caption-text\">Encargado de la Oficina de la Vivienda y Egis Municipal, Felipe Godoy.<\/figcaption><\/figure>\n<ul>\n<li><strong>En total, cerca de 195 viviendas podr\u00edan recibir recursos para distintas obras de mejoramiento, ampliaci\u00f3n o calefacci\u00f3n solar de aguas.<\/strong><\/li>\n<\/ul>\n<p>Un total de 3 comit\u00e9s: uno ampliaci\u00f3n, uno de mejoramiento y otro de instalaci\u00f3n de paneles termo solares para calefacci\u00f3n de aguas, son las organizaciones comunitarias que a trav\u00e9s de la Oficina Municipal de la Vivienda y Egis (Entidad de Gesti\u00f3n Inmobiliaria Social) San Felipe, est\u00e1n postulando al subsidio que otorga en estas materias el Servicio de Vivienda y Urbanismo, Serviu, y cuyos resultados debieran conocerse a fines del mes de abril.<br \/>\nEl encargado de la Oficina de la Vivienda y Egis Municipal, Felipe Godoy, asegur\u00f3 que son 195 las personas que entregaron en orden sus antecedentes y que podr\u00edan beneficiarse con este primer llamado de Serviu, el cual, cierra en el pr\u00f3ximo mes de marzo y cuyas postulaciones ya se encuentran cerradas.<br \/>\n\u201cHemos tenido harto movimiento con respecto a los comit\u00e9s de vivienda, sobre todo en lo que se refiere a los termo solares, una postulaci\u00f3n de eficiencia energ\u00e9tica que realiza el Serviu\u2026en estricto rigor se realizan 3 llamados al a\u00f1o y nosotros nos estamos preparando para el primero del 2016\u201d, describi\u00f3 Godoy.<br \/>\nEn referencia al alto n\u00famero de postulaciones a subsidios de diversa \u00edndole, el profesional atribuy\u00f3 esta situaci\u00f3n a la disminuci\u00f3n en el n\u00famero de Egis existente en la zona y aludi\u00f3 que \u201cnosotros hemos ido absorbiendo toda esa demanda que ha ido quedando en el aire, tenemos una lista de espera que nos est\u00e1 llevando casi tener ocupado hasta fin de a\u00f1o con los comit\u00e9s, pero pese a ello, seguimos con las reuniones informativas y apoyando a los comit\u00e9s que se est\u00e1n formando, para explicar los requerimientos y los plazo para todos estos procesos\u201d, puntualiz\u00f3<br \/>\nRespecto de la diversidad y el grado de transversalidad que se logra con la postulaci\u00f3n a este tipo de beneficios, Godoy recalc\u00f3 que \u201choy en d\u00eda tenemos trabajos realiz\u00e1ndose en todo San Felipe, villa Bernardo Cruz, Algarrobal, villa Cordillera, en la villa 250 A\u00f1os tambi\u00e9n con un par de ampliaciones, pero en ese sector queremos realizar un trabajo a\u00fan m\u00e1s met\u00f3dico y queremos funcionar en conjunto con el Programa Quiero mi Barrio, estamos en reuniones para ver si podemos hacer una intervenci\u00f3n a\u00fan mayor como Oficina de la Vivienda\u201d, enfatiz\u00f3.<\/p>\n<p><strong>TERMO SOLARES<\/strong><br \/>\nUno de los comit\u00e9s con mayor demanda para este primer llamado de Serviu, fue el de instalaci\u00f3n de paneles termo solares, el cual en un principio se conform\u00f3 con m\u00e1s de 100 postulantes, demanda casi obvia si se toma en consideraci\u00f3n que este sistema de eficiencia energ\u00e9tica tiene un costo cercano a los 3 millones de pesos en el caso de que alguien desee instalarlo de forma particular, mientras que el requisito de postulaci\u00f3n de Serviu s\u00f3lo exig\u00eda 5 Unidades de Fomento, UF, cifra cercana a los 125 mil pesos.<br \/>\nSin embargo, el n\u00famero de postulantes fue decantando hasta llegar a 71, pues adem\u00e1s del requisito econ\u00f3mico, este comit\u00e9 deb\u00eda cumplir con otra serie de requerimientos, relacionados con el estado de la vivienda.<br \/>\n\u201cA pesar de que haya instituciones particulares que para proyectos espec\u00edficos como el de termo solares no piden regularizaciones de las construcciones, nosotros como Municipalidad en un proceso colaborativo con la Direcci\u00f3n de Obras y Dideco, exigimos que todos los propietarios tengan regularizadas sus casas\u201d, apunt\u00f3 Godoy.<br \/>\nLa idea de esta petici\u00f3n, seg\u00fan cont\u00f3 el profesional, es que se actualice el catastro de construcciones que existen en el Valle y adem\u00e1s, que aquellas obras que est\u00e1n hechas \u2018a lo compadre\u2019, cumplan con ciertas normativas de seguridad, como por ejemplo los muros corta fuego y las instalaciones el\u00e9ctricas. De esta forma, se contribuye a aumentar la seguridad de cada familia y tambi\u00e9n de los vecinos.<br \/>\nEs importante consignar, que este comit\u00e9 de Termo Solares, nace en la villa Cordillera pero re\u00fane a vecinos de distintos sectores pues seg\u00fan explic\u00f3 el personero municipal \u201ca diferencia de los otros comit\u00e9s, como este es s\u00f3lo un equipo que se instala en la casa, no hay gran movimiento de materiales y cosas por el estilo, en el caso de los obras de mejoramiento y ampliaci\u00f3n, donde se trabaja con mucho maestro y material, las constructoras nos exigen que sean personas de un sector espec\u00edfico\u201d, detall\u00f3.<\/p>\n<p><strong>\u00bfQUIERE POSTULAR?<\/strong><br \/>\nSi bien para este primer llamado de Serviu las postulaciones ya se encuentran cerradas, el organismo municipal contin\u00faa trabajando durante el a\u00f1o con comit\u00e9s que quedaron en lista de espera y con aquellas organizaciones comunitarias nuevas.<br \/>\nLos vecinos interesados en beneficiarse con alguno de estos \u00edtems, ya sea, mejoramiento, ampliaci\u00f3n o termo solares, pueden formar un comit\u00e9 de vivienda, el cual debe poseer un m\u00ednimo de 15 personas, quienes deben tener un puntaje promedio en la Ficha de Protecci\u00f3n Social menor a los 13 mil 484 puntos.<br \/>\nCada comit\u00e9 funciona como un organismo aut\u00f3nomo que se crea en la Oficina de Organizaciones comunitarias y que puede servir para todo tipo de postulaciones, es decir, si en un principio sirvi\u00f3 para mejoramiento, el mismo grupo posteriormente puede realizar la postulaci\u00f3n a ampliaci\u00f3n o instalaci\u00f3n de termo solares.<br \/>\nLa solicitud desde la Oficina municipal de la Vivienda es que aquellos grupos que se disuelven y ya no funcionan m\u00e1s como comit\u00e9, informen de la disoluci\u00f3n con el objetivo de limpiar el registro que posee este organismo municipal<\/p>\n","protected":false},"excerpt":{"rendered":"<p>En total, cerca de 195 viviendas podr\u00edan recibir recursos para distintas obras de mejoramiento, ampliaci\u00f3n o calefacci\u00f3n solar de aguas. Un total de 3 comit\u00e9s: uno ampliaci\u00f3n, uno de mejoramiento y otro&#8230;<\/p>\n","protected":false},"author":482,"featured_media":65561,"comment_status":"open","ping_status":"open","sticky":false,"template":"","format":"standard","meta":{"advanced_seo_description":"","jetpack_seo_html_title":"","jetpack_seo_noindex":false,"_jetpack_memberships_contains_paid_content":false,"footnotes":""},"categories":[15],"tags":[],"class_list":["post-65560","post","type-post","status-publish","format-standard","has-post-thumbnail","hentry","category-comunidad"],"jetpack_featured_media_url":"https:\/\/i0.wp.com\/eltrabajo.cl\/portal\/wp-content\/uploads\/2016\/01\/FOTO-1-Felipe-Godoy.jpg?fit=530%2C348&ssl=1","jetpack_sharing_enabled":true,"jetpack_likes_enabled":true,"jetpack-related-posts":[],"_links":{"self":[{"href":"https:\/\/eltrabajo.cl\/portal\/wp-json\/wp\/v2\/posts\/65560","targetHints":{"allow":["GET"]}}],"collection":[{"href":"https:\/\/eltrabajo.cl\/portal\/wp-json\/wp\/v2\/posts"}],"about":[{"href":"https:\/\/eltrabajo.cl\/portal\/wp-json\/wp\/v2\/types\/post"}],"author":[{"embeddable":true,"href":"https:\/\/eltrabajo.cl\/portal\/wp-json\/wp\/v2\/users\/482"}],"replies":[{"embeddable":true,"href":"https:\/\/eltrabajo.cl\/portal\/wp-json\/wp\/v2\/comments?post=65560"}],"version-history":[{"count":0,"href":"https:\/\/eltrabajo.cl\/portal\/wp-json\/wp\/v2\/posts\/65560\/revisions"}],"wp:featuredmedia":[{"embeddable":true,"href":"https:\/\/eltrabajo.cl\/portal\/wp-json\/wp\/v2\/media\/65561"}],"wp:attachment":[{"href":"https:\/\/eltrabajo.cl\/portal\/wp-json\/wp\/v2\/media?parent=65560"}],"wp:term":[{"taxonomy":"category","embeddable":true,"href":"https:\/\/eltrabajo.cl\/portal\/wp-json\/wp\/v2\/categories?post=65560"},{"taxonomy":"post_tag","embeddable":true,"href":"https:\/\/eltrabajo.cl\/portal\/wp-json\/wp\/v2\/tags?post=65560"}],"curies":[{"name":"wp","href":"https:\/\/api.w.org\/{rel}","templated":true}]}}