{"id":65563,"date":"2016-01-07T14:27:44","date_gmt":"2016-01-07T17:27:44","guid":{"rendered":"http:\/\/www.eltrabajo.cl\/portal\/?p=65563"},"modified":"2016-01-07T14:27:44","modified_gmt":"2016-01-07T17:27:44","slug":"consejero-regional-asegura-importantes-recursos-para-combatir-la-sequia-durante-el-presente-ano","status":"publish","type":"post","link":"https:\/\/eltrabajo.cl\/portal\/consejero-regional-asegura-importantes-recursos-para-combatir-la-sequia-durante-el-presente-ano\/","title":{"rendered":"Consejero Regional asegura importantes recursos para combatir la sequ\u00eda durante el presente a\u00f1o"},"content":{"rendered":"<figure id=\"attachment_65564\" aria-describedby=\"caption-attachment-65564\" style=\"width: 300px\" class=\"wp-caption alignleft\"><img data-recalc-dims=\"1\" loading=\"lazy\" decoding=\"async\" class=\"wp-image-65564 size-medium\" src=\"https:\/\/i0.wp.com\/www.eltrabajo.cl\/portal\/wp-content\/uploads\/2016\/01\/IVAN-REYES-CONSEJERO-REGIONAL-DE-VALPARAISO-300x197.jpg?resize=300%2C197\" alt=\"Iv\u00e1n Reyes, Consejero Regional de Valpara\u00edso.\" width=\"300\" height=\"197\" srcset=\"https:\/\/i0.wp.com\/eltrabajo.cl\/portal\/wp-content\/uploads\/2016\/01\/IVAN-REYES-CONSEJERO-REGIONAL-DE-VALPARAISO.jpg?resize=300%2C197&amp;ssl=1 300w, https:\/\/i0.wp.com\/eltrabajo.cl\/portal\/wp-content\/uploads\/2016\/01\/IVAN-REYES-CONSEJERO-REGIONAL-DE-VALPARAISO.jpg?resize=200%2C131&amp;ssl=1 200w, https:\/\/i0.wp.com\/eltrabajo.cl\/portal\/wp-content\/uploads\/2016\/01\/IVAN-REYES-CONSEJERO-REGIONAL-DE-VALPARAISO.jpg?resize=228%2C150&amp;ssl=1 228w, https:\/\/i0.wp.com\/eltrabajo.cl\/portal\/wp-content\/uploads\/2016\/01\/IVAN-REYES-CONSEJERO-REGIONAL-DE-VALPARAISO.jpg?resize=400%2C263&amp;ssl=1 400w, https:\/\/i0.wp.com\/eltrabajo.cl\/portal\/wp-content\/uploads\/2016\/01\/IVAN-REYES-CONSEJERO-REGIONAL-DE-VALPARAISO.jpg?w=530&amp;ssl=1 530w\" sizes=\"auto, (max-width: 300px) 100vw, 300px\" \/><figcaption id=\"caption-attachment-65564\" class=\"wp-caption-text\">Iv\u00e1n Reyes, Consejero Regional de Valpara\u00edso.<\/figcaption><\/figure>\n<ul>\n<li><strong>El Valle de Aconcagua recibir\u00e1 gran parte del presupuesto de la Regi\u00f3n para recuperar tranques, revestir canales y desarrollar pozos.<\/strong><\/li>\n<\/ul>\n<p>El Consejero Regional Iv\u00e1n Reyes asegur\u00f3 que cerca de un 70 % de los recursos destinados el 2015 para combatir la sequ\u00eda en la Regi\u00f3n de Valpara\u00edso, ser\u00e1n ocupados en proyectos que se ejecutar\u00e1n a partir de este semestre en las Provincias de San Felipe y Los Andes.<br \/>\nSeg\u00fan Reyes, son cerca de 6 mil millones de pesos obtenidos de un convenio entre el Gobierno Regional, Gore, y el Instituto de Desarrollo Agropecuario, Indap, con los que se pretenden desarrollar obras relacionadas con la recuperaci\u00f3n de tranques, revestimiento de canales y construir pozos de regad\u00edo.<br \/>\n\u201cLos recursos 2015 necesariamente los vamos a ejecutar ya a partir de un par de semanas m\u00e1s, de hecho ya se est\u00e1 trabajando en toda la parte t\u00e9cnica y esperamos terminarlo a m\u00e1s tardar dentro del primer semestre del a\u00f1o 2016\u201d, asegur\u00f3 el consejero.<br \/>\nDe acuerdo a lo que ha implicado para la ciudadan\u00eda de la Regi\u00f3n de Valpara\u00edso este convenio Indap-Gore, el personero a\u00f1adi\u00f3 que \u201cdespu\u00e9s de hacer un balance desde que iniciamos esta alianza tenemos un mill\u00f3n de metros c\u00fabicos de agua embalsada, una cantidad important\u00edsima de kil\u00f3metros de revestimiento de canales y un par de pozos que logramos desarrollar\u201d, puntualiz\u00f3<br \/>\nA prop\u00f3sito de esta alianza estrat\u00e9gica, Reyes se mostr\u00f3 satisfecho de ver lo efectiva que ha resultado, pues de las 57 mil hect\u00e1reas productivas para peque\u00f1os y medianos agricultores con las que cuenta la regi\u00f3n, se ha logrado asegurar el riego a m\u00e1s de 10 mil y con ello mejorar la calidad de vida de las personas.<br \/>\nA su vez, Reyes asegur\u00f3 que espera que el impacto de este convenio contin\u00fae creciendo ya que \u201cdurante el 2016 se espera embalsar unos 2 millones de metros c\u00fabicos de agua, que esperamos hacerlo a trav\u00e9s de la recuperaci\u00f3n de estos tranques que eran de la \u00e9poca de la reforma agraria, lo que ha sido muy bien recibido por la comunidad, de hecho Petorca, La Ligua y Cabildo se han visto muy beneficiados\u201d, sentenci\u00f3.<br \/>\nEn relaci\u00f3n con el presupuesto 2016, Reyes agreg\u00f3 que \u201cpartiremos de inmediato (comienzo de segundo semestre) con estos proyectos que debieran concluir al 31 de diciembre de este a\u00f1o\u201d, adujo.<br \/>\nRespecto de los APR (Agua Potable Rural), el Consejero confirm\u00f3 que el Gore, acaba de aprobar un proyecto por 200 millones de pesos que va a permitir realizar un estudio para ver la factibilidad de implementar energ\u00eda solar en los APR que esta investigaci\u00f3n determine.<br \/>\n\u201cSabemos que el mayor costo que tienen los APR, es el consumo de energ\u00eda y que adem\u00e1s est\u00e1n sujetos a que un corte en el suministro el\u00e9ctrico, no permita producir el agua necesaria para el consumo humano y a trav\u00e9s de estos paneles se asegurar\u00eda la producci\u00f3n del recurso y adem\u00e1s se rebajar\u00eda de forma importante los costos que ellos tienen\u201d, apunt\u00f3.<br \/>\nFinalmente, Reyes se refiri\u00f3 a un convenio con la Comisi\u00f3n Nacional de Riego, CNR, el cual, est\u00e1 en proceso de estudio y que pretende tecnificar el proceso de regad\u00edo. De acuerdo a la relevancia de este acuerdo, indic\u00f3 que \u201cesperamos firmarlo y concretarlo este a\u00f1o con el fin de seguir optimizando el recurso h\u00eddrico, ya los \u00faltimos a\u00f1os nos han dejado como ense\u00f1anza que hoy en d\u00eda no podemos soslayar la problem\u00e1tica de la escasez del agua y por lo tanto es el momento de ponerse a trabajar\u201d, remat\u00f3.<\/p>\n","protected":false},"excerpt":{"rendered":"<p>El Valle de Aconcagua recibir\u00e1 gran parte del presupuesto de la Regi\u00f3n para recuperar tranques, revestir canales y desarrollar pozos. El Consejero Regional Iv\u00e1n Reyes asegur\u00f3 que cerca de un 70 %&#8230;<\/p>\n","protected":false},"author":482,"featured_media":65564,"comment_status":"open","ping_status":"open","sticky":false,"template":"","format":"standard","meta":{"advanced_seo_description":"","jetpack_seo_html_title":"","jetpack_seo_noindex":false,"_jetpack_memberships_contains_paid_content":false,"footnotes":""},"categories":[1],"tags":[],"class_list":["post-65563","post","type-post","status-publish","format-standard","has-post-thumbnail","hentry","category-cronica"],"jetpack_featured_media_url":"https:\/\/i0.wp.com\/eltrabajo.cl\/portal\/wp-content\/uploads\/2016\/01\/IVAN-REYES-CONSEJERO-REGIONAL-DE-VALPARAISO.jpg?fit=530%2C348&ssl=1","jetpack_sharing_enabled":true,"jetpack_likes_enabled":true,"jetpack-related-posts":[],"_links":{"self":[{"href":"https:\/\/eltrabajo.cl\/portal\/wp-json\/wp\/v2\/posts\/65563","targetHints":{"allow":["GET"]}}],"collection":[{"href":"https:\/\/eltrabajo.cl\/portal\/wp-json\/wp\/v2\/posts"}],"about":[{"href":"https:\/\/eltrabajo.cl\/portal\/wp-json\/wp\/v2\/types\/post"}],"author":[{"embeddable":true,"href":"https:\/\/eltrabajo.cl\/portal\/wp-json\/wp\/v2\/users\/482"}],"replies":[{"embeddable":true,"href":"https:\/\/eltrabajo.cl\/portal\/wp-json\/wp\/v2\/comments?post=65563"}],"version-history":[{"count":0,"href":"https:\/\/eltrabajo.cl\/portal\/wp-json\/wp\/v2\/posts\/65563\/revisions"}],"wp:featuredmedia":[{"embeddable":true,"href":"https:\/\/eltrabajo.cl\/portal\/wp-json\/wp\/v2\/media\/65564"}],"wp:attachment":[{"href":"https:\/\/eltrabajo.cl\/portal\/wp-json\/wp\/v2\/media?parent=65563"}],"wp:term":[{"taxonomy":"category","embeddable":true,"href":"https:\/\/eltrabajo.cl\/portal\/wp-json\/wp\/v2\/categories?post=65563"},{"taxonomy":"post_tag","embeddable":true,"href":"https:\/\/eltrabajo.cl\/portal\/wp-json\/wp\/v2\/tags?post=65563"}],"curies":[{"name":"wp","href":"https:\/\/api.w.org\/{rel}","templated":true}]}}