{"id":65566,"date":"2016-01-07T14:28:56","date_gmt":"2016-01-07T17:28:56","guid":{"rendered":"http:\/\/www.eltrabajo.cl\/portal\/?p=65566"},"modified":"2016-01-07T14:28:56","modified_gmt":"2016-01-07T17:28:56","slug":"finalmente-el-orfeon-aconcagua-contara-con-moderna-sala-de-ensayos","status":"publish","type":"post","link":"https:\/\/eltrabajo.cl\/portal\/finalmente-el-orfeon-aconcagua-contara-con-moderna-sala-de-ensayos\/","title":{"rendered":"Finalmente el Orfe\u00f3n Aconcagua contar\u00e1 con moderna sala de ensayos"},"content":{"rendered":"<figure id=\"attachment_65567\" aria-describedby=\"caption-attachment-65567\" style=\"width: 300px\" class=\"wp-caption alignleft\"><img data-recalc-dims=\"1\" loading=\"lazy\" decoding=\"async\" class=\"wp-image-65567 size-medium\" src=\"https:\/\/i0.wp.com\/www.eltrabajo.cl\/portal\/wp-content\/uploads\/2016\/01\/sala-de-ensayos-300x198.jpg?resize=300%2C198\" alt=\"Con recursos provenientes del municipio, se re adecu\u00f3 un sector al costado del estadio municipal que se transformar\u00e1 en sala de ensayos.\" width=\"300\" height=\"198\" srcset=\"https:\/\/i0.wp.com\/eltrabajo.cl\/portal\/wp-content\/uploads\/2016\/01\/sala-de-ensayos.jpg?resize=300%2C198&amp;ssl=1 300w, https:\/\/i0.wp.com\/eltrabajo.cl\/portal\/wp-content\/uploads\/2016\/01\/sala-de-ensayos.jpg?resize=200%2C132&amp;ssl=1 200w, https:\/\/i0.wp.com\/eltrabajo.cl\/portal\/wp-content\/uploads\/2016\/01\/sala-de-ensayos.jpg?resize=227%2C150&amp;ssl=1 227w, https:\/\/i0.wp.com\/eltrabajo.cl\/portal\/wp-content\/uploads\/2016\/01\/sala-de-ensayos.jpg?resize=400%2C264&amp;ssl=1 400w, https:\/\/i0.wp.com\/eltrabajo.cl\/portal\/wp-content\/uploads\/2016\/01\/sala-de-ensayos.jpg?w=530&amp;ssl=1 530w\" sizes=\"auto, (max-width: 300px) 100vw, 300px\" \/><figcaption id=\"caption-attachment-65567\" class=\"wp-caption-text\">Con recursos provenientes del municipio, se re adecu\u00f3 un sector al costado del estadio municipal que se transformar\u00e1 en sala de ensayos.<\/figcaption><\/figure>\n<ul>\n<li><strong>Alcalde Patricio Freire visit\u00f3 las instalaciones que permitir\u00e1n que esta agrupaci\u00f3n musical y una futura Orquesta Juvenil de San Felipe cuenten con un lugar donde ensayar.<\/strong><\/li>\n<\/ul>\n<p>Con una moderna sala de ensayos contar\u00e1 el Orfe\u00f3n Aconcagua, luego que en conjunto con la Municipalidad de San Felipe trabajaran durante los \u00faltimos meses un proyecto que permitir\u00e1 dotarlos de un espacio especialmente acondicionado para la agrupaci\u00f3n musical.<br \/>\nPara conocer los avances de la obra, que se encuentra casi terminada, se traslad\u00f3 hasta el costado del estadio municipal el alcalde Patricio Freire junto a Luis Monje, director del Orfe\u00f3n adem\u00e1s de algunos integrantes de la agrupaci\u00f3n, constatando en terreno el avance del proyecto, que durante los \u00faltimos meses trabaj\u00f3 la Secpla en conjunto con los m\u00fasicos, quienes entregaron algunas especificaciones t\u00e9cnicas.<br \/>\n\u201cHace un tiempo no muy lejano, el director del Orfe\u00f3n Aconcagua se acerc\u00f3 a la Municipalidad para se\u00f1alar que necesitaban contar con un espacio propio donde poder ensayar. Hay que recordar que para ensayar ellos andaban de un lado para otro, lo que no era aconsejable sobre todo por la cantidad de instrumentos que ellos manejan. Hoy d\u00eda con un proyecto que naci\u00f3 del Orfe\u00f3n y de la Municipalidad se est\u00e1 concretando un gran sue\u00f1o de estos m\u00fasicos de Aconcagua, de tener un espacio donde hacer los ensayos y tambi\u00e9n pensando en la futura Orquesta Juvenil de San Felipe\u201d, se\u00f1al\u00f3 el Alcalde Patricio Freire.<br \/>\nEl proyecto signific\u00f3 una inversi\u00f3n de ocho millones de pesos, recursos provenientes del municipio y que permitieron re adecuar un sector al costado del estadio municipal, que contar\u00e1 con bodega, servicios higi\u00e9nicos y un espacio especialmente acondicionado para la pr\u00e1ctica musical.<br \/>\n\u201cPara el Orfe\u00f3n es un anhelo, por ello estamos agradecidos del Alcalde. La vida del Orfe\u00f3n es de 34 a\u00f1os, en los cuales and\u00e1bamos de dependencia en dependencia, porque la municipalidad tiene todas sus dependencias ocupadas, es decir f\u00edsicamente no ten\u00edamos las instalaciones para hacer los ensayos, y le hicimos la sugerencia a don Patricio, la que fue aceptada. Ahora vamos a poder trabajar tranquilamente y no solamente para el Orfe\u00f3n sino tambi\u00e9n para el proyecto del Alcalde de una Orquesta Juvenil, la que va a tener su espacio\u201d, manifest\u00f3 Luis Monje.<br \/>\nLos trabajos deber\u00edan culminar en las pr\u00f3ximas semanas, tras lo cual el orfe\u00f3n podr\u00e1 comenzar a hacer uso de las c\u00f3modas instalaciones y preparar las presentaciones que realizan en todo el valle y que tanto encantan a los aconcag\u00fcinos.<\/p>\n","protected":false},"excerpt":{"rendered":"<p>Alcalde Patricio Freire visit\u00f3 las instalaciones que permitir\u00e1n que esta agrupaci\u00f3n musical y una futura Orquesta Juvenil de San Felipe cuenten con un lugar donde ensayar. Con una moderna sala de ensayos&#8230;<\/p>\n","protected":false},"author":482,"featured_media":65567,"comment_status":"open","ping_status":"open","sticky":false,"template":"","format":"standard","meta":{"advanced_seo_description":"","jetpack_seo_html_title":"","jetpack_seo_noindex":false,"_jetpack_memberships_contains_paid_content":false,"footnotes":""},"categories":[15],"tags":[],"class_list":["post-65566","post","type-post","status-publish","format-standard","has-post-thumbnail","hentry","category-comunidad"],"jetpack_featured_media_url":"https:\/\/i0.wp.com\/eltrabajo.cl\/portal\/wp-content\/uploads\/2016\/01\/sala-de-ensayos.jpg?fit=530%2C350&ssl=1","jetpack_sharing_enabled":true,"jetpack_likes_enabled":true,"jetpack-related-posts":[],"_links":{"self":[{"href":"https:\/\/eltrabajo.cl\/portal\/wp-json\/wp\/v2\/posts\/65566","targetHints":{"allow":["GET"]}}],"collection":[{"href":"https:\/\/eltrabajo.cl\/portal\/wp-json\/wp\/v2\/posts"}],"about":[{"href":"https:\/\/eltrabajo.cl\/portal\/wp-json\/wp\/v2\/types\/post"}],"author":[{"embeddable":true,"href":"https:\/\/eltrabajo.cl\/portal\/wp-json\/wp\/v2\/users\/482"}],"replies":[{"embeddable":true,"href":"https:\/\/eltrabajo.cl\/portal\/wp-json\/wp\/v2\/comments?post=65566"}],"version-history":[{"count":0,"href":"https:\/\/eltrabajo.cl\/portal\/wp-json\/wp\/v2\/posts\/65566\/revisions"}],"wp:featuredmedia":[{"embeddable":true,"href":"https:\/\/eltrabajo.cl\/portal\/wp-json\/wp\/v2\/media\/65567"}],"wp:attachment":[{"href":"https:\/\/eltrabajo.cl\/portal\/wp-json\/wp\/v2\/media?parent=65566"}],"wp:term":[{"taxonomy":"category","embeddable":true,"href":"https:\/\/eltrabajo.cl\/portal\/wp-json\/wp\/v2\/categories?post=65566"},{"taxonomy":"post_tag","embeddable":true,"href":"https:\/\/eltrabajo.cl\/portal\/wp-json\/wp\/v2\/tags?post=65566"}],"curies":[{"name":"wp","href":"https:\/\/api.w.org\/{rel}","templated":true}]}}