{"id":65572,"date":"2016-01-07T14:32:19","date_gmt":"2016-01-07T17:32:19","guid":{"rendered":"http:\/\/www.eltrabajo.cl\/portal\/?p=65572"},"modified":"2016-01-07T14:32:19","modified_gmt":"2016-01-07T17:32:19","slug":"corte-de-apelaciones-anulo-sentencia-de-11-anos-por-violacion-y-ordena-nuevo-juicio-oral","status":"publish","type":"post","link":"https:\/\/eltrabajo.cl\/portal\/corte-de-apelaciones-anulo-sentencia-de-11-anos-por-violacion-y-ordena-nuevo-juicio-oral\/","title":{"rendered":"Corte de Apelaciones anul\u00f3 sentencia de 11 a\u00f1os por violaci\u00f3n y ordena nuevo juicio oral"},"content":{"rendered":"<figure id=\"attachment_65573\" aria-describedby=\"caption-attachment-65573\" style=\"width: 300px\" class=\"wp-caption alignleft\"><img data-recalc-dims=\"1\" loading=\"lazy\" decoding=\"async\" class=\"wp-image-65573 size-medium\" src=\"https:\/\/i0.wp.com\/www.eltrabajo.cl\/portal\/wp-content\/uploads\/2016\/01\/nina-abusada-300x198.jpg?resize=300%2C198\" alt=\"La menor de 14 a\u00f1os fue abusada y violada en reiteradas oportunidades en la localidad de El \u00d1ilhue, en Catemu, supuestamente por su t\u00edo. (Foto Referencial).\" width=\"300\" height=\"198\" srcset=\"https:\/\/i0.wp.com\/eltrabajo.cl\/portal\/wp-content\/uploads\/2016\/01\/nina-abusada.jpg?resize=300%2C198&amp;ssl=1 300w, https:\/\/i0.wp.com\/eltrabajo.cl\/portal\/wp-content\/uploads\/2016\/01\/nina-abusada.jpg?resize=200%2C132&amp;ssl=1 200w, https:\/\/i0.wp.com\/eltrabajo.cl\/portal\/wp-content\/uploads\/2016\/01\/nina-abusada.jpg?resize=228%2C150&amp;ssl=1 228w, https:\/\/i0.wp.com\/eltrabajo.cl\/portal\/wp-content\/uploads\/2016\/01\/nina-abusada.jpg?resize=400%2C263&amp;ssl=1 400w, https:\/\/i0.wp.com\/eltrabajo.cl\/portal\/wp-content\/uploads\/2016\/01\/nina-abusada.jpg?w=530&amp;ssl=1 530w\" sizes=\"auto, (max-width: 300px) 100vw, 300px\" \/><figcaption id=\"caption-attachment-65573\" class=\"wp-caption-text\">La menor de 14 a\u00f1os fue abusada y violada en reiteradas oportunidades en la localidad de El \u00d1ilhue, en Catemu, supuestamente por su t\u00edo. (Foto Referencial).<\/figcaption><\/figure>\n<ul>\n<li><strong>En este proceso judicial, una nueva terna de jueces del Tribunal Oral en lo Penal de San Felipe, podr\u00eda culpar o absolver de cargos de violaci\u00f3n y abuso sexual al imputado Juan del Carmen Tapia Delgado, de 66 a\u00f1os de edad, acusado por la Fiscal\u00eda por los hechos cometidos en la comuna de Catemu.<\/strong><\/li>\n<\/ul>\n<p>La Corte de Apelaciones de Valpara\u00edso orden\u00f3 anular la condena de 11 a\u00f1os en contra del imputado Juan del Carmen Tapia Delgado, quien en el mes de noviembre de 2015 fue sentenciado por el Tribunal Oral de San Felipe por los delitos de abuso sexual y violaci\u00f3n, siendo v\u00edctima una menor de edad en la comuna de Catemu.<br \/>\nTras la elevaci\u00f3n de un recurso de nulidad por parte de la Defensa particular del acusado, se hizo menci\u00f3n de algunos vicios en la sentencia dictada por dicho tribunal sanfelipe\u00f1o que habr\u00edan generado dudas en la sentencia, ordenando la ejecuci\u00f3n de un nuevo juicio conformado por nuevos jueces que emitan un veredicto sobre esta causa que encabeza la Fiscal\u00eda de San Felipe.<br \/>\nLa fecha asignada para la realizaci\u00f3n de este nuevo juicio es el pr\u00f3ximo martes 16 de febrero, en la sala del Tribunal Oral en lo Penal de San Felipe, donde se expondr\u00e1n nuevamente las pruebas cient\u00edficas y testimoniales de la propia v\u00edctima y los involucrados en esta causa que exponen episodios de abusos sexuales y violaci\u00f3n a una menor de edad, seg\u00fan inform\u00f3 escuetamente la Fiscal Daniela Quevedo Henr\u00edquez.<br \/>\nComo se recordar\u00e1, los hechos de la acusaci\u00f3n sostienen que la v\u00edctima, que en aquel entonces ten\u00eda 13 a\u00f1os de edad, habr\u00eda sido violentada sexualmente por su t\u00edo Juan Tapia Delgado en el sector El \u00d1ilhue de Catemu, consistente en abusos sexuales y violaci\u00f3n desde el a\u00f1o 2013 hasta el mes de noviembre de 2014.<br \/>\nLas graves acusaciones que dividieron al n\u00facleo familiar bastante amplio en esa localidad, se enmarcan en que la menor v\u00edctima estaba siendo criada por su padre tras la p\u00e9rdida de su progenitora que falleci\u00f3 producto de un c\u00e1ncer mamario, cuando la ni\u00f1a ten\u00eda apenas 6 a\u00f1os de vida.<br \/>\nSeg\u00fan las investigaciones del caso, Juan Tapia Vargas habr\u00eda aprovechado su condici\u00f3n de t\u00edo para cometer las vejaciones bajo amenazas al interior de la vivienda cuando la menor se encontraba sola, mientras su padre se encontraba trabajando.<br \/>\nFamiliares cercanos a la menor v\u00edctima de estos hechos se\u00f1alaron a Diario El Trabajo estar impactados con esta resoluci\u00f3n judicial, declarando estar confiados en que el Tribunal resuelva una nueva condena para el acusado que se mantiene privado de libertad desde el mes de noviembre de 2014, sin detallar mayores antecedentes del caso por temor a generar conflictos en la familia.<br \/>\n<strong>Pablo Salinas Sald\u00edas<\/strong><\/p>\n","protected":false},"excerpt":{"rendered":"<p>En este proceso judicial, una nueva terna de jueces del Tribunal Oral en lo Penal de San Felipe, podr\u00eda culpar o absolver de cargos de violaci\u00f3n y abuso sexual al imputado Juan&#8230;<\/p>\n","protected":false},"author":482,"featured_media":65573,"comment_status":"open","ping_status":"open","sticky":false,"template":"","format":"standard","meta":{"advanced_seo_description":"","jetpack_seo_html_title":"","jetpack_seo_noindex":false,"_jetpack_memberships_contains_paid_content":false,"footnotes":""},"categories":[21],"tags":[],"class_list":["post-65572","post","type-post","status-publish","format-standard","has-post-thumbnail","hentry","category-policial"],"jetpack_featured_media_url":"https:\/\/i0.wp.com\/eltrabajo.cl\/portal\/wp-content\/uploads\/2016\/01\/nina-abusada.jpg?fit=530%2C349&ssl=1","jetpack_sharing_enabled":true,"jetpack_likes_enabled":true,"jetpack-related-posts":[],"_links":{"self":[{"href":"https:\/\/eltrabajo.cl\/portal\/wp-json\/wp\/v2\/posts\/65572","targetHints":{"allow":["GET"]}}],"collection":[{"href":"https:\/\/eltrabajo.cl\/portal\/wp-json\/wp\/v2\/posts"}],"about":[{"href":"https:\/\/eltrabajo.cl\/portal\/wp-json\/wp\/v2\/types\/post"}],"author":[{"embeddable":true,"href":"https:\/\/eltrabajo.cl\/portal\/wp-json\/wp\/v2\/users\/482"}],"replies":[{"embeddable":true,"href":"https:\/\/eltrabajo.cl\/portal\/wp-json\/wp\/v2\/comments?post=65572"}],"version-history":[{"count":0,"href":"https:\/\/eltrabajo.cl\/portal\/wp-json\/wp\/v2\/posts\/65572\/revisions"}],"wp:featuredmedia":[{"embeddable":true,"href":"https:\/\/eltrabajo.cl\/portal\/wp-json\/wp\/v2\/media\/65573"}],"wp:attachment":[{"href":"https:\/\/eltrabajo.cl\/portal\/wp-json\/wp\/v2\/media?parent=65572"}],"wp:term":[{"taxonomy":"category","embeddable":true,"href":"https:\/\/eltrabajo.cl\/portal\/wp-json\/wp\/v2\/categories?post=65572"},{"taxonomy":"post_tag","embeddable":true,"href":"https:\/\/eltrabajo.cl\/portal\/wp-json\/wp\/v2\/tags?post=65572"}],"curies":[{"name":"wp","href":"https:\/\/api.w.org\/{rel}","templated":true}]}}