{"id":65575,"date":"2016-01-08T14:23:23","date_gmt":"2016-01-08T17:23:23","guid":{"rendered":"http:\/\/www.eltrabajo.cl\/portal\/?p=65575"},"modified":"2016-01-08T14:23:23","modified_gmt":"2016-01-08T17:23:23","slug":"corina-urbina-comienza-manana-su-participacion-en-la-copa-castro","status":"publish","type":"post","link":"https:\/\/eltrabajo.cl\/portal\/corina-urbina-comienza-manana-su-participacion-en-la-copa-castro\/","title":{"rendered":"Corina Urbina comienza ma\u00f1ana su participaci\u00f3n en la Copa Castro"},"content":{"rendered":"<figure id=\"attachment_65576\" aria-describedby=\"caption-attachment-65576\" style=\"width: 300px\" class=\"wp-caption alignleft\"><img data-recalc-dims=\"1\" loading=\"lazy\" decoding=\"async\" class=\"wp-image-65576 size-medium\" src=\"https:\/\/i0.wp.com\/www.eltrabajo.cl\/portal\/wp-content\/uploads\/2016\/01\/corina-urbina-300x198.jpg?resize=300%2C198\" alt=\"Los dos conjuntos m\u00e1s grandes del Corina Urbina competir\u00e1n en la Copa Castro.\" width=\"300\" height=\"198\" srcset=\"https:\/\/i0.wp.com\/eltrabajo.cl\/portal\/wp-content\/uploads\/2016\/01\/corina-urbina.jpg?resize=300%2C198&amp;ssl=1 300w, https:\/\/i0.wp.com\/eltrabajo.cl\/portal\/wp-content\/uploads\/2016\/01\/corina-urbina.jpg?resize=200%2C132&amp;ssl=1 200w, https:\/\/i0.wp.com\/eltrabajo.cl\/portal\/wp-content\/uploads\/2016\/01\/corina-urbina.jpg?resize=228%2C150&amp;ssl=1 228w, https:\/\/i0.wp.com\/eltrabajo.cl\/portal\/wp-content\/uploads\/2016\/01\/corina-urbina.jpg?resize=400%2C263&amp;ssl=1 400w, https:\/\/i0.wp.com\/eltrabajo.cl\/portal\/wp-content\/uploads\/2016\/01\/corina-urbina.jpg?w=530&amp;ssl=1 530w\" sizes=\"auto, (max-width: 300px) 100vw, 300px\" \/><figcaption id=\"caption-attachment-65576\" class=\"wp-caption-text\">Los dos conjuntos m\u00e1s grandes del Corina Urbina competir\u00e1n en la Copa Castro.<\/figcaption><\/figure>\n<p>Poco antes de las cero horas de hoy, una delegaci\u00f3n del Corina Urbina parti\u00f3 rumbo hasta la isla grande de Chilo\u00e9, para ser parte de una nueva edici\u00f3n de la Copa Castro, el torneo de b\u00e1squetbol formativo femenino m\u00e1s importante del pa\u00eds durante el verano.<br \/>\nLas liceanas ser\u00e1n representadas por los conjuntos U17 y U19 debido a que no se pudo concurrir con otras series, ya que muchas peque\u00f1itas se encuentran fuera de la ciudad por las vacaciones.<br \/>\nEn el certamen sure\u00f1o se dar\u00e1n cita parte de los mejores conjuntos infantiles y juveniles del pa\u00eds, as\u00ed por ejemplo destacan la presencia de clubes como Universitarios de Chile, Austral de Valdivia, Brisas, Los Leones y Puerto Varas, entre otros.<br \/>\nLa octava edici\u00f3n de la Copa Castro se desarrollar\u00e1 entre los d\u00edas 9 y 16 de enero y para que San Felipe pudiera estar representado en tan importante justa deportiva, result\u00f3 fundamental el aporte del municipio local que colabor\u00f3 con el 60% del viaje, mientras que el resto sali\u00f3 de recursos propios del club Corina Urbina.<\/p>\n","protected":false},"excerpt":{"rendered":"<p>Poco antes de las cero horas de hoy, una delegaci\u00f3n del Corina Urbina parti\u00f3 rumbo hasta la isla grande de Chilo\u00e9, para ser parte de una nueva edici\u00f3n de la Copa Castro,&#8230;<\/p>\n","protected":false},"author":482,"featured_media":65576,"comment_status":"open","ping_status":"open","sticky":false,"template":"","format":"standard","meta":{"advanced_seo_description":"","jetpack_seo_html_title":"","jetpack_seo_noindex":false,"_jetpack_memberships_contains_paid_content":false,"footnotes":""},"categories":[19],"tags":[],"class_list":["post-65575","post","type-post","status-publish","format-standard","has-post-thumbnail","hentry","category-deportes"],"jetpack_featured_media_url":"https:\/\/i0.wp.com\/eltrabajo.cl\/portal\/wp-content\/uploads\/2016\/01\/corina-urbina.jpg?fit=530%2C349&ssl=1","jetpack_sharing_enabled":true,"jetpack_likes_enabled":true,"jetpack-related-posts":[],"_links":{"self":[{"href":"https:\/\/eltrabajo.cl\/portal\/wp-json\/wp\/v2\/posts\/65575","targetHints":{"allow":["GET"]}}],"collection":[{"href":"https:\/\/eltrabajo.cl\/portal\/wp-json\/wp\/v2\/posts"}],"about":[{"href":"https:\/\/eltrabajo.cl\/portal\/wp-json\/wp\/v2\/types\/post"}],"author":[{"embeddable":true,"href":"https:\/\/eltrabajo.cl\/portal\/wp-json\/wp\/v2\/users\/482"}],"replies":[{"embeddable":true,"href":"https:\/\/eltrabajo.cl\/portal\/wp-json\/wp\/v2\/comments?post=65575"}],"version-history":[{"count":0,"href":"https:\/\/eltrabajo.cl\/portal\/wp-json\/wp\/v2\/posts\/65575\/revisions"}],"wp:featuredmedia":[{"embeddable":true,"href":"https:\/\/eltrabajo.cl\/portal\/wp-json\/wp\/v2\/media\/65576"}],"wp:attachment":[{"href":"https:\/\/eltrabajo.cl\/portal\/wp-json\/wp\/v2\/media?parent=65575"}],"wp:term":[{"taxonomy":"category","embeddable":true,"href":"https:\/\/eltrabajo.cl\/portal\/wp-json\/wp\/v2\/categories?post=65575"},{"taxonomy":"post_tag","embeddable":true,"href":"https:\/\/eltrabajo.cl\/portal\/wp-json\/wp\/v2\/tags?post=65575"}],"curies":[{"name":"wp","href":"https:\/\/api.w.org\/{rel}","templated":true}]}}