{"id":65578,"date":"2016-01-08T14:25:35","date_gmt":"2016-01-08T17:25:35","guid":{"rendered":"http:\/\/www.eltrabajo.cl\/portal\/?p=65578"},"modified":"2016-01-08T14:25:35","modified_gmt":"2016-01-08T17:25:35","slug":"movidas-de-la-primera-b","status":"publish","type":"post","link":"https:\/\/eltrabajo.cl\/portal\/movidas-de-la-primera-b\/","title":{"rendered":"Movidas de la Primera B"},"content":{"rendered":"<figure id=\"attachment_65579\" aria-describedby=\"caption-attachment-65579\" style=\"width: 300px\" class=\"wp-caption alignleft\"><img data-recalc-dims=\"1\" loading=\"lazy\" decoding=\"async\" class=\"wp-image-65579 size-medium\" src=\"https:\/\/i0.wp.com\/www.eltrabajo.cl\/portal\/wp-content\/uploads\/2016\/01\/REFUERZOS-UNION-SAN-FELIPE-copia-300x198.jpg?resize=300%2C198\" alt=\"F\u00e9lix Cortes, Gast\u00f3n Corado y Nicol\u00e1s Trecco, son los tres elegidos para reforzar al Un\u00ed en la segunda rueda del torneo de la Primera B.\" width=\"300\" height=\"198\" srcset=\"https:\/\/i0.wp.com\/eltrabajo.cl\/portal\/wp-content\/uploads\/2016\/01\/REFUERZOS-UNION-SAN-FELIPE-copia.jpg?resize=300%2C198&amp;ssl=1 300w, https:\/\/i0.wp.com\/eltrabajo.cl\/portal\/wp-content\/uploads\/2016\/01\/REFUERZOS-UNION-SAN-FELIPE-copia.jpg?resize=200%2C132&amp;ssl=1 200w, https:\/\/i0.wp.com\/eltrabajo.cl\/portal\/wp-content\/uploads\/2016\/01\/REFUERZOS-UNION-SAN-FELIPE-copia.jpg?resize=228%2C150&amp;ssl=1 228w, https:\/\/i0.wp.com\/eltrabajo.cl\/portal\/wp-content\/uploads\/2016\/01\/REFUERZOS-UNION-SAN-FELIPE-copia.jpg?resize=400%2C263&amp;ssl=1 400w, https:\/\/i0.wp.com\/eltrabajo.cl\/portal\/wp-content\/uploads\/2016\/01\/REFUERZOS-UNION-SAN-FELIPE-copia.jpg?w=530&amp;ssl=1 530w\" sizes=\"auto, (max-width: 300px) 100vw, 300px\" \/><figcaption id=\"caption-attachment-65579\" class=\"wp-caption-text\">F\u00e9lix Cortes, Gast\u00f3n Corado y Nicol\u00e1s Trecco, son los tres elegidos para reforzar al Un\u00ed en la segunda rueda del torneo de la Primera B.<\/figcaption><\/figure>\n<p>Cuando ya resta solo una semana para que arranque la segunda y decisiva parte del torneo de la Primera B, comienzan a verse con mayor claridad la fortaleza que van adquiriendo algunos equipos de la divisi\u00f3n.<br \/>\nPara buena fortuna de los seguidores de la hinchada del Un\u00ed Un\u00ed, el conjunto albirrojo se potenci\u00f3 de forma correcta al traer a jugadores importantes como es el caso de Nicol\u00e1s Trecco y Gast\u00f3n Corado, adem\u00e1s de traer a uno probado y conocido como es caso de F\u00e9lix Cort\u00e9s.<br \/>\nAhora amigo lector, sepa los arribos que se est\u00e1n produciendo en la segunda serie del f\u00fatbol profesional chileno:<br \/>\nBarnechea: Jorge Miranda (DT).<br \/>\nCobreloa: Richard Catrileo (Colchagua), Nahuel Fiorito (Defensores de Belgrano); Leonel Altobelli (Mor\u00f3n); Henry Pata (Barcelona, ECU).<br \/>\nCoquimbo Unido: Joe Abrigo (Magallanes), Francisco Arru\u00e9 (Huachipato), Juan Manuel Tevez (Guillermo Brown, ARG).<br \/>\nCuric\u00f3 Unido: Alfredo \u00c1balos (Barracas Central, ARG), Camilo Ponce (Everton).<br \/>\nCopiap\u00f3: David Villarroel (Deportes Rengo)<br \/>\nDeportes La Serena: Alexis Norambuena (Belchatow, POL).<br \/>\nPuerto Montt: Bibencio Serv\u00edn (Curic\u00f3), An\u00edbal Domeneghini (La Serena).<br \/>\nTemuco: Mat\u00edas Campos L\u00f3pez (Audax Italiano); Stephan Pino (Deportivo Recoleta).<br \/>\nEverton: Jos\u00e9 Luis \u2019Ribery\u2019 Mu\u00f1oz (U Cat\u00f3lica).<br \/>\nIberia: Mauro Aguirre (Juventud Unida, ARG), Rodrigo B\u00e1ez (PAR); Juan Manuel Lucero (Guti\u00e9rrez, ARG).<br \/>\nMagallanes: Sa\u00fal Toloza (Mitre, ARG), Nicol\u00e1s N\u00fa\u00f1ez (San Marcos).<br \/>\n\u00d1ublense: Emiliano Pedrer\u00eda (Acassuso, ARG), Alex Silva (Oriental, URU).<br \/>\nRangers: Javier Ferreira (Defensa y Justicia, ARG).<br \/>\nSantiago Morning: Julio Moreyra (Olmedo, ECU); Luciano Palos (San Marcos).<br \/>\nUni\u00f3n San Felipe: Nicol\u00e1s Trecco (Tiro Federal, ARG); F\u00e9lix Cort\u00e9s (La Serena), Gast\u00f3n Corado (Talleres de Remedio, ARG).<\/p>\n","protected":false},"excerpt":{"rendered":"<p>Cuando ya resta solo una semana para que arranque la segunda y decisiva parte del torneo de la Primera B, comienzan a verse con mayor claridad la fortaleza que van adquiriendo algunos&#8230;<\/p>\n","protected":false},"author":482,"featured_media":65579,"comment_status":"open","ping_status":"open","sticky":false,"template":"","format":"standard","meta":{"advanced_seo_description":"","jetpack_seo_html_title":"","jetpack_seo_noindex":false,"_jetpack_memberships_contains_paid_content":false,"footnotes":""},"categories":[19],"tags":[],"class_list":["post-65578","post","type-post","status-publish","format-standard","has-post-thumbnail","hentry","category-deportes"],"jetpack_featured_media_url":"https:\/\/i0.wp.com\/eltrabajo.cl\/portal\/wp-content\/uploads\/2016\/01\/REFUERZOS-UNION-SAN-FELIPE-copia.jpg?fit=530%2C349&ssl=1","jetpack_sharing_enabled":true,"jetpack_likes_enabled":true,"jetpack-related-posts":[],"_links":{"self":[{"href":"https:\/\/eltrabajo.cl\/portal\/wp-json\/wp\/v2\/posts\/65578","targetHints":{"allow":["GET"]}}],"collection":[{"href":"https:\/\/eltrabajo.cl\/portal\/wp-json\/wp\/v2\/posts"}],"about":[{"href":"https:\/\/eltrabajo.cl\/portal\/wp-json\/wp\/v2\/types\/post"}],"author":[{"embeddable":true,"href":"https:\/\/eltrabajo.cl\/portal\/wp-json\/wp\/v2\/users\/482"}],"replies":[{"embeddable":true,"href":"https:\/\/eltrabajo.cl\/portal\/wp-json\/wp\/v2\/comments?post=65578"}],"version-history":[{"count":0,"href":"https:\/\/eltrabajo.cl\/portal\/wp-json\/wp\/v2\/posts\/65578\/revisions"}],"wp:featuredmedia":[{"embeddable":true,"href":"https:\/\/eltrabajo.cl\/portal\/wp-json\/wp\/v2\/media\/65579"}],"wp:attachment":[{"href":"https:\/\/eltrabajo.cl\/portal\/wp-json\/wp\/v2\/media?parent=65578"}],"wp:term":[{"taxonomy":"category","embeddable":true,"href":"https:\/\/eltrabajo.cl\/portal\/wp-json\/wp\/v2\/categories?post=65578"},{"taxonomy":"post_tag","embeddable":true,"href":"https:\/\/eltrabajo.cl\/portal\/wp-json\/wp\/v2\/tags?post=65578"}],"curies":[{"name":"wp","href":"https:\/\/api.w.org\/{rel}","templated":true}]}}