{"id":65581,"date":"2016-01-08T14:29:12","date_gmt":"2016-01-08T17:29:12","guid":{"rendered":"http:\/\/www.eltrabajo.cl\/portal\/?p=65581"},"modified":"2016-01-08T14:29:12","modified_gmt":"2016-01-08T17:29:12","slug":"invitan-a-sanfelipenos-a-disfrutar-de-ciclo-teatro-en-mi-barrio","status":"publish","type":"post","link":"https:\/\/eltrabajo.cl\/portal\/invitan-a-sanfelipenos-a-disfrutar-de-ciclo-teatro-en-mi-barrio\/","title":{"rendered":"Invitan a sanfelipe\u00f1os a disfrutar de ciclo \u2018Teatro en mi Barrio\u2019"},"content":{"rendered":"<figure id=\"attachment_65583\" aria-describedby=\"caption-attachment-65583\" style=\"width: 300px\" class=\"wp-caption alignleft\"><img data-recalc-dims=\"1\" loading=\"lazy\" decoding=\"async\" class=\"wp-image-65583 size-medium\" src=\"https:\/\/i0.wp.com\/www.eltrabajo.cl\/portal\/wp-content\/uploads\/2016\/01\/Compania-de-teatro-La-Palmera-1-300x197.jpg?resize=300%2C197\" alt=\"La Compa\u00f1\u00eda de teatro La Palmera presentar\u00e1 de manera gratuita la obra \u2018Lord Byron y los malulos del bullying\u2019 en diferentes sectores de San Felipe.\" width=\"300\" height=\"197\" srcset=\"https:\/\/i0.wp.com\/eltrabajo.cl\/portal\/wp-content\/uploads\/2016\/01\/Compania-de-teatro-La-Palmera-1.jpg?resize=300%2C197&amp;ssl=1 300w, https:\/\/i0.wp.com\/eltrabajo.cl\/portal\/wp-content\/uploads\/2016\/01\/Compania-de-teatro-La-Palmera-1.jpg?resize=200%2C131&amp;ssl=1 200w, https:\/\/i0.wp.com\/eltrabajo.cl\/portal\/wp-content\/uploads\/2016\/01\/Compania-de-teatro-La-Palmera-1.jpg?resize=228%2C150&amp;ssl=1 228w, https:\/\/i0.wp.com\/eltrabajo.cl\/portal\/wp-content\/uploads\/2016\/01\/Compania-de-teatro-La-Palmera-1.jpg?resize=400%2C263&amp;ssl=1 400w, https:\/\/i0.wp.com\/eltrabajo.cl\/portal\/wp-content\/uploads\/2016\/01\/Compania-de-teatro-La-Palmera-1.jpg?w=530&amp;ssl=1 530w\" sizes=\"auto, (max-width: 300px) 100vw, 300px\" \/><figcaption id=\"caption-attachment-65583\" class=\"wp-caption-text\">La Compa\u00f1\u00eda de teatro La Palmera presentar\u00e1 de manera gratuita la obra \u2018Lord Byron y los malulos del bullying\u2019 en diferentes sectores de San Felipe.<\/figcaption><\/figure>\n<p>A partir de hoy viernes hasta el domingo 17 de enero, la Municipalidad de San Felipe, a trav\u00e9s de su Departamento Cultura, invita a la comunidad a presenciar el ciclo \u2018Teatro en mi barrio\u2019.<br \/>\nEn total son doce puestas en escena, cuya programaci\u00f3n incluye la presentaci\u00f3n de dos obras de teatro de la reconocida Compa\u00f1\u00eda La Palmera de Santiago. Las obras a presentarse son \u2018Lord Byron y los malulos del bulliyng\u2019 y \u2018No quiero ser m\u00e1s Cabro Chico\u2019.<br \/>\nLa primera presentaci\u00f3n, \u2018Lord Byron y los malulos del bullying\u2019, est\u00e1 programada para este viernes 8 de enero a las 11:00 horas en la sede Villa Renacer, que incluye las villas Renacer, 250 A\u00f1os e Industrial de San Felipe. Ese mismo d\u00eda a las 18:00 horas, esta obra se presentar\u00e1 en la Sede Social El Asiento, incluyendo vecinos de 21 de Mayo, Barrancas, Bellavista y El Asiento.<br \/>\nAs\u00ed tambi\u00e9n, este ciclo de \u2018Teatro en mi Barrio\u2019 continuar\u00e1 el s\u00e1bado 9 a las 11:00 horas, present\u00e1ndose en la plaza Villa El Se\u00f1orial de San Felipe, incluyendo vecinos de la villa La Estancia y El Descanso. La misma obra se presentar\u00e1 ese mismo s\u00e1bado, a un costado de la sede Almendral Bajo, que incluye vecinos de La Troya y Almendral.<br \/>\nEl domingo 10 a eso de las 12:00 horas, contin\u00faa la presentaci\u00f3n de \u2018Lord Byron y los Malulos del Bullying\u2019 en la multicancha Juan Pablo II de San Felipe, abarcando vecinos de las villas Juan Pablo II, El Totoral y Los Graneros. En la tarde del mismo d\u00eda domingo, cerca de las 19:00 horas, esta obra se presentar\u00e1 a un costado de la Sede Social Punta del Olivo, incluyendo vecinos de sectores rurales como Algarrobal, Punta del Olivo y Calle Herrera.<br \/>\nCabe se\u00f1alar que este ciclo de teatro ha obtenido aportes del Gobierno Regional de Valpara\u00edso, es por ello que el alcalde Patricio Freire, invita a todos los ciudadanos a presenciar gratuitamente estos espect\u00e1culos, como una manera de aprender en familia, con tem\u00e1ticas como los valores humanos, el respeto y amor por el pr\u00f3jimo y la convivencia ciudadana. Adem\u00e1s del humor y calidad esc\u00e9nica de los personajes.<br \/>\nFelipe Vargas, director de la Compa\u00f1\u00eda de Teatro La Palmera, recomienda este espect\u00e1culo para todo tipo de p\u00fablico, ya sean ni\u00f1os, j\u00f3venes, adultos y adultos mayores. Por su parte Ricardo Ruiz Herrera, coordinador comunal de Cultura, invita a todos los ciudadanos a sumarse a las presentaciones de la obra \u2018No quiero ser m\u00e1s cabro chico\u2019, la cual recorrer\u00e1 otras poblaciones y sectores rurales de la comuna San Felipe, las cuales daremos a conocer dentro de la pr\u00f3xima semana, ya que dichas presentaciones ser\u00e1n los d\u00edas viernes 15, s\u00e1bado 16 y domingo 17 de enero del 2016.<\/p>\n","protected":false},"excerpt":{"rendered":"<p>A partir de hoy viernes hasta el domingo 17 de enero, la Municipalidad de San Felipe, a trav\u00e9s de su Departamento Cultura, invita a la comunidad a presenciar el ciclo \u2018Teatro en&#8230;<\/p>\n","protected":false},"author":482,"featured_media":65583,"comment_status":"open","ping_status":"open","sticky":false,"template":"","format":"standard","meta":{"advanced_seo_description":"","jetpack_seo_html_title":"","jetpack_seo_noindex":false,"_jetpack_memberships_contains_paid_content":false,"footnotes":""},"categories":[15],"tags":[],"class_list":["post-65581","post","type-post","status-publish","format-standard","has-post-thumbnail","hentry","category-comunidad"],"jetpack_featured_media_url":"https:\/\/i0.wp.com\/eltrabajo.cl\/portal\/wp-content\/uploads\/2016\/01\/Compania-de-teatro-La-Palmera-1.jpg?fit=530%2C348&ssl=1","jetpack_sharing_enabled":true,"jetpack_likes_enabled":true,"jetpack-related-posts":[],"_links":{"self":[{"href":"https:\/\/eltrabajo.cl\/portal\/wp-json\/wp\/v2\/posts\/65581","targetHints":{"allow":["GET"]}}],"collection":[{"href":"https:\/\/eltrabajo.cl\/portal\/wp-json\/wp\/v2\/posts"}],"about":[{"href":"https:\/\/eltrabajo.cl\/portal\/wp-json\/wp\/v2\/types\/post"}],"author":[{"embeddable":true,"href":"https:\/\/eltrabajo.cl\/portal\/wp-json\/wp\/v2\/users\/482"}],"replies":[{"embeddable":true,"href":"https:\/\/eltrabajo.cl\/portal\/wp-json\/wp\/v2\/comments?post=65581"}],"version-history":[{"count":0,"href":"https:\/\/eltrabajo.cl\/portal\/wp-json\/wp\/v2\/posts\/65581\/revisions"}],"wp:featuredmedia":[{"embeddable":true,"href":"https:\/\/eltrabajo.cl\/portal\/wp-json\/wp\/v2\/media\/65583"}],"wp:attachment":[{"href":"https:\/\/eltrabajo.cl\/portal\/wp-json\/wp\/v2\/media?parent=65581"}],"wp:term":[{"taxonomy":"category","embeddable":true,"href":"https:\/\/eltrabajo.cl\/portal\/wp-json\/wp\/v2\/categories?post=65581"},{"taxonomy":"post_tag","embeddable":true,"href":"https:\/\/eltrabajo.cl\/portal\/wp-json\/wp\/v2\/tags?post=65581"}],"curies":[{"name":"wp","href":"https:\/\/api.w.org\/{rel}","templated":true}]}}