{"id":65585,"date":"2016-01-08T14:32:25","date_gmt":"2016-01-08T17:32:25","guid":{"rendered":"http:\/\/www.eltrabajo.cl\/portal\/?p=65585"},"modified":"2016-01-08T14:32:25","modified_gmt":"2016-01-08T17:32:25","slug":"familia-entrega-agradecimiento-a-funcionarios-de-hospital-psiquiatrico-y-hogar-los-paltos-por-atenciones-y-cuidados-para-exusuario","status":"publish","type":"post","link":"https:\/\/eltrabajo.cl\/portal\/familia-entrega-agradecimiento-a-funcionarios-de-hospital-psiquiatrico-y-hogar-los-paltos-por-atenciones-y-cuidados-para-exusuario\/","title":{"rendered":"Familia entrega agradecimiento a funcionarios de Hospital Psiqui\u00e1trico y Hogar Los Paltos por atenciones y cuidados para exusuario"},"content":{"rendered":"<hr \/>\n<figure id=\"attachment_65586\" aria-describedby=\"caption-attachment-65586\" style=\"width: 300px\" class=\"wp-caption alignleft\"><img data-recalc-dims=\"1\" loading=\"lazy\" decoding=\"async\" class=\"wp-image-65586 size-medium\" src=\"https:\/\/i0.wp.com\/www.eltrabajo.cl\/portal\/wp-content\/uploads\/2016\/01\/FRONTIS-HOSPITAL-PSIQUIATRICO-300x197.jpg?resize=300%2C197\" alt=\"Funcionarios del Hospital Psiqui\u00e1trico Dr. Philippe Pinel expresaron sus condolencias a la familia por la p\u00e9rdida de su ser querido.\" width=\"300\" height=\"197\" srcset=\"https:\/\/i0.wp.com\/eltrabajo.cl\/portal\/wp-content\/uploads\/2016\/01\/FRONTIS-HOSPITAL-PSIQUIATRICO.jpg?resize=300%2C197&amp;ssl=1 300w, https:\/\/i0.wp.com\/eltrabajo.cl\/portal\/wp-content\/uploads\/2016\/01\/FRONTIS-HOSPITAL-PSIQUIATRICO.jpg?resize=200%2C131&amp;ssl=1 200w, https:\/\/i0.wp.com\/eltrabajo.cl\/portal\/wp-content\/uploads\/2016\/01\/FRONTIS-HOSPITAL-PSIQUIATRICO.jpg?resize=228%2C150&amp;ssl=1 228w, https:\/\/i0.wp.com\/eltrabajo.cl\/portal\/wp-content\/uploads\/2016\/01\/FRONTIS-HOSPITAL-PSIQUIATRICO.jpg?resize=400%2C263&amp;ssl=1 400w, https:\/\/i0.wp.com\/eltrabajo.cl\/portal\/wp-content\/uploads\/2016\/01\/FRONTIS-HOSPITAL-PSIQUIATRICO.jpg?w=530&amp;ssl=1 530w\" sizes=\"auto, (max-width: 300px) 100vw, 300px\" \/><figcaption id=\"caption-attachment-65586\" class=\"wp-caption-text\">Funcionarios del Hospital Psiqui\u00e1trico Dr. Philippe Pinel expresaron sus condolencias a la familia por la p\u00e9rdida de su ser querido.<\/figcaption><\/figure>\n<ul>\n<li><strong>Desde el a\u00f1o 1986 el usuario permaneci\u00f3 en el Hospital Psiqui\u00e1trico y en el Hogar Protegido Los Paltos, ubicado en la Poblaci\u00f3n Graciela Letelier de Putaendo. Al fallecer, su familia agradeci\u00f3 a los funcionarios de la instituci\u00f3n por el acompa\u00f1amiento y dedicaci\u00f3n que le brindaron en vida.<\/strong><\/li>\n<\/ul>\n<p><strong>PUTAENDO.-<\/strong> Un emotivo momento se vivi\u00f3 en el Hospital Psiqui\u00e1trico Dr. Philippe Pinel y en el Hogar Protegido Los Paltos al recibir una conmovedora carta firmada por el hermano de un usuario fallecido el 28 de noviembre del 2015, en la cual expresa su gratitud por el apoyo, cuidados y dedicaci\u00f3n que funcionarios del establecimiento tuvieron con su hermano durante su estad\u00eda que comenz\u00f3 el a\u00f1o 1986.<br \/>\nEl texto, dirigido a la Directora del Servicio de Salud Aconcagua, Dra. Vilma Olave y firmado por Don Guillermo Reyes Mon\u00e1rdez reza lo siguiente.<br \/>\n\u201cGuillermo Reyes Monardez, en representaci\u00f3n de todas nuestras familias, viene en agradecer por su intermedio a todos los funcionarios del Hospital Psiqui\u00e1trico Philippe Pinel y a la administraci\u00f3n, funcionarios del Hogar Protegido Los Paltos, por las atenciones recibidas por nuestro hermano Wilson (Q.E.P.D), quien era usuario de dichos centros hasta el pasado 28 de noviembre, desde el a\u00f1o 1986. Queremos destacar el cuidado y acompa\u00f1amiento que se vio reflejado en la igualdad de condiciones del paciente (usuario), respetando todos sus derechos, no escatimando recursos y esfuerzos para atender las necesidades de salud, siendo trasladado oportunamente desde el Hogar Los Paltos hasta el Hospital de Putaendo y luego al Hospital San Camilo, cuyos profesionales y tecnolog\u00eda siempre estuvieron a disposici\u00f3n de nuestro hermano\u201d.<br \/>\nEl texto finaliza diciendo \u201cReconocimiento especial queremos hacer al equipo de trabajo del Hogar Los Paltos, donde pas\u00f3 sus \u00faltimos a\u00f1os, quienes con sus cuidados lograron agregarnos competencias y valores para desenvolvernos en forma adecuada en la familia y la sociedad, entregando las oportunidades y ense\u00f1\u00e1ndonos otra mirada de la salud mental, que a pesar de nuestro dolor, nos sentimos contentos y privilegiados de compartir un espacio que mejora la calidad de vida, de mejor perspectiva, donde el paciente de salud mental y su familia se sienten gratificados y atendidos\u201d.<br \/>\nDesde el Philippe Pinel de Putaendo expresaron sus condolencias a la familia por la p\u00e9rdida de su ser querido, y agradecieron este hermoso gesto, indicando que la partida de cada usuario conlleva un inmenso dolor en toda la comunidad hospitalaria, pues en cada uno de ellos se guarda parte de una linda historia.<\/p>\n","protected":false},"excerpt":{"rendered":"<p>Desde el a\u00f1o 1986 el usuario permaneci\u00f3 en el Hospital Psiqui\u00e1trico y en el Hogar Protegido Los Paltos, ubicado en la Poblaci\u00f3n Graciela Letelier de Putaendo. Al fallecer, su familia agradeci\u00f3 a&#8230;<\/p>\n","protected":false},"author":482,"featured_media":65586,"comment_status":"open","ping_status":"open","sticky":false,"template":"","format":"standard","meta":{"advanced_seo_description":"","jetpack_seo_html_title":"","jetpack_seo_noindex":false,"_jetpack_memberships_contains_paid_content":false,"footnotes":""},"categories":[1],"tags":[],"class_list":["post-65585","post","type-post","status-publish","format-standard","has-post-thumbnail","hentry","category-cronica"],"jetpack_featured_media_url":"https:\/\/i0.wp.com\/eltrabajo.cl\/portal\/wp-content\/uploads\/2016\/01\/FRONTIS-HOSPITAL-PSIQUIATRICO.jpg?fit=530%2C348&ssl=1","jetpack_sharing_enabled":true,"jetpack_likes_enabled":true,"jetpack-related-posts":[],"_links":{"self":[{"href":"https:\/\/eltrabajo.cl\/portal\/wp-json\/wp\/v2\/posts\/65585","targetHints":{"allow":["GET"]}}],"collection":[{"href":"https:\/\/eltrabajo.cl\/portal\/wp-json\/wp\/v2\/posts"}],"about":[{"href":"https:\/\/eltrabajo.cl\/portal\/wp-json\/wp\/v2\/types\/post"}],"author":[{"embeddable":true,"href":"https:\/\/eltrabajo.cl\/portal\/wp-json\/wp\/v2\/users\/482"}],"replies":[{"embeddable":true,"href":"https:\/\/eltrabajo.cl\/portal\/wp-json\/wp\/v2\/comments?post=65585"}],"version-history":[{"count":0,"href":"https:\/\/eltrabajo.cl\/portal\/wp-json\/wp\/v2\/posts\/65585\/revisions"}],"wp:featuredmedia":[{"embeddable":true,"href":"https:\/\/eltrabajo.cl\/portal\/wp-json\/wp\/v2\/media\/65586"}],"wp:attachment":[{"href":"https:\/\/eltrabajo.cl\/portal\/wp-json\/wp\/v2\/media?parent=65585"}],"wp:term":[{"taxonomy":"category","embeddable":true,"href":"https:\/\/eltrabajo.cl\/portal\/wp-json\/wp\/v2\/categories?post=65585"},{"taxonomy":"post_tag","embeddable":true,"href":"https:\/\/eltrabajo.cl\/portal\/wp-json\/wp\/v2\/tags?post=65585"}],"curies":[{"name":"wp","href":"https:\/\/api.w.org\/{rel}","templated":true}]}}