{"id":65588,"date":"2016-01-08T14:33:49","date_gmt":"2016-01-08T17:33:49","guid":{"rendered":"http:\/\/www.eltrabajo.cl\/portal\/?p=65588"},"modified":"2016-01-08T14:33:49","modified_gmt":"2016-01-08T17:33:49","slug":"surge-polemica-por-cambio-de-organizacion-de-la-fiesta-de-la-chaya-en-plaza-de-centenario","status":"publish","type":"post","link":"https:\/\/eltrabajo.cl\/portal\/surge-polemica-por-cambio-de-organizacion-de-la-fiesta-de-la-chaya-en-plaza-de-centenario\/","title":{"rendered":"Surge pol\u00e9mica por cambio de organizaci\u00f3n de la Fiesta de la Chaya en plaza de Centenario"},"content":{"rendered":"<figure id=\"attachment_65589\" aria-describedby=\"caption-attachment-65589\" style=\"width: 300px\" class=\"wp-caption alignleft\"><img data-recalc-dims=\"1\" loading=\"lazy\" decoding=\"async\" class=\"wp-image-65589 size-medium\" src=\"https:\/\/i0.wp.com\/www.eltrabajo.cl\/portal\/wp-content\/uploads\/2016\/01\/amarasi-300x198.jpg?resize=300%2C198\" alt=\"Agrupaci\u00f3n de M\u00fasicos y Artistas de Aconcagua, Amarasi.\" width=\"300\" height=\"198\" srcset=\"https:\/\/i0.wp.com\/eltrabajo.cl\/portal\/wp-content\/uploads\/2016\/01\/amarasi.jpg?resize=300%2C198&amp;ssl=1 300w, https:\/\/i0.wp.com\/eltrabajo.cl\/portal\/wp-content\/uploads\/2016\/01\/amarasi.jpg?resize=200%2C132&amp;ssl=1 200w, https:\/\/i0.wp.com\/eltrabajo.cl\/portal\/wp-content\/uploads\/2016\/01\/amarasi.jpg?resize=227%2C150&amp;ssl=1 227w, https:\/\/i0.wp.com\/eltrabajo.cl\/portal\/wp-content\/uploads\/2016\/01\/amarasi.jpg?resize=400%2C264&amp;ssl=1 400w, https:\/\/i0.wp.com\/eltrabajo.cl\/portal\/wp-content\/uploads\/2016\/01\/amarasi.jpg?w=530&amp;ssl=1 530w\" sizes=\"auto, (max-width: 300px) 100vw, 300px\" \/><figcaption id=\"caption-attachment-65589\" class=\"wp-caption-text\">Agrupaci\u00f3n de M\u00fasicos y Artistas de Aconcagua, Amarasi.<\/figcaption><\/figure>\n<ul>\n<li><strong>Asociaci\u00f3n de M\u00fasicos de Aconcagua fue excluida de la organizaci\u00f3n del evento que estar\u00e1 a cargo de la Junta de Vecinos del barrio.<\/strong><\/li>\n<\/ul>\n<p><strong>LOS ANDES<\/strong>.- Toda una pol\u00e9mica ha generado la realizaci\u00f3n de la segunda versi\u00f3n de la Fiesta de la Chaya en la plaza de Centenario debido a profundas discrepancias surgidas entre la Agrupaci\u00f3n de M\u00fasicos y Artistas de Aconcagua (Amarasi) y la junta de vecinos del barrio.<br \/>\nEl presidente de Amarasi, Marcelo Castillo, denunci\u00f3 que fueron excluidos de la organizaci\u00f3n de este evento, \u201cporque si bien el a\u00f1o reci\u00e9n pasado nuestra asociaci\u00f3n organiz\u00f3 la fiesta de la Chaya de Centenario despu\u00e9s de una ausencia de 17 a\u00f1os y los resultados fueron extraordinarios, donde no se produjo ning\u00fan problema ni desm\u00e1n, ahora fuimos excluidos por el Municipio de la organizaci\u00f3n\u201d.<br \/>\nCastillo record\u00f3 que el propio alcalde Navarro se comprometi\u00f3 a que esta Chaya 2016 ser\u00eda tambi\u00e9n organizada por Amarasi debido al \u00e9xito que tuvo, \u201cpero hoy hemos sabido que el se\u00f1or Navarro est\u00e1 preparando un evento en la misma fecha que nosotros propusimos hacer la Chaya en la plaza de Centenario, lo cual nos deja muy impactados, ya que nos quita el derecho a los artistas locales de poder mostrar nuestro trabajo musical\u201d.<br \/>\nEl presidente de los artistas record\u00f3 que el a\u00f1o pasado solicitaron al municipio una subvenci\u00f3n de 3 millones y medio de pesos, m\u00e1s un generador de corriente, \u201clo cual fue accedido y este a\u00f1o como todos los costos suben, nosotros le pedimos una subvenci\u00f3n de 5 millones de pesos m\u00e1s el generador y creo que est\u00e1 dentro de los m\u00e1rgenes que el municipio puede apoyar a un gremio cultural\u201d.<br \/>\nAgreg\u00f3 que como organizaci\u00f3n han entregado muchos espacios culturales a la ciudad, \u201cy hoy esta noticia nos deja impactados porque creemos que esta actividad que el alcalde Navarro quiere realizar en Centenario tiene un solo prop\u00f3sito que es obtener dividendos pol\u00edticos y es lamentable que a tantos meses de la elecci\u00f3n municipal est\u00e9 realizando actividades culturales con otro prop\u00f3sito\u201d.<br \/>\nMarcelo Castillo llam\u00f3 a los vecinos de Centenario a no caer en el juego de participar de este evento organizado por el alcalde Navarro que es netamente pol\u00edtico, \u201cy me hago responsable de lo que estoy diciendo, porque no tiene ninguna otra finalidad y no tapemos el sol con un dedo; estamos en a\u00f1o de elecciones donde \u00e9l se quiere aprovechar de los eventos para vestirse con ropa ajena\u201d.<br \/>\nRemarc\u00f3 que fueron ellos quienes revivieron la Chaya de Centenario despu\u00e9s de 17 a\u00f1os y por eso no est\u00e1n conformes con esta decisi\u00f3n que los perjudica a los m\u00fasicos del valle.<br \/>\nDijo que contaban con una parrilla de m\u00e1s de 54 artistas confirmados, todos del valle, \u201cy por eso nosotros esper\u00e1bamos entregarle a la gente de Centenario un evento de calidad, porque nunca nadie se hab\u00eda preocupado de la Chaya de Centenario y Amarasi lo hizo con \u00e9tica y profesionalismo\u201d.<br \/>\nPuntualiz\u00f3 que la Chaya deber\u00eda haberse realizado entre el 1 y el 7 de febrero, la misma fecha que seg\u00fan \u00e9l eligi\u00f3 el municipio para llevar adelante la semana Centenarina.<br \/>\nSin embargo, la presidenta de la Junta de Vecinos de Centenario, Nancy Salinas Farias, refut\u00f3 las declaraciones del presidente de Amarasi, asegurando que fueron ellos como organizaci\u00f3n vecinal quienes presentaron una solicitud para que esta fiesta de la Chaya o Semana de Centenario se pudiera realizar entre el 1\u00ba y el 7 de febrero.<br \/>\nManifest\u00f3 que para su realizaci\u00f3n est\u00e1n solicitando una subvenci\u00f3n municipal y un auspicio a Codelco Andina, descartando de plano que este sea un evento organizado por el Municipio Andino.<br \/>\nRemarc\u00f3 que esta semana de Centenario como la llamaron pretende ser un evento mayormente cultural donde los stand que se coloquen en la plaza Arturo Prat no ser\u00e1n vendidos, sino ocupados por organizaciones del barrio.<br \/>\n\u201cEl sentido de esta celebraci\u00f3n es para que la gente de Centenario, nuestros vecinos tenga una distracci\u00f3n, algo diferente dentro de esa semana y vendr\u00eda a reemplazar a la Chaya y no fue el alcalde quien pidi\u00f3 est\u00e1 fiesta, sino que nosotros la solicitamos en esa fecha\u201d, expres\u00f3.<br \/>\nA\u00f1adi\u00f3 que el evento tambi\u00e9n contar\u00e1 con la presentaci\u00f3n de show art\u00edsticos y la elecci\u00f3n de una reina de Centenario.<br \/>\nNancy Salinas enfatiz\u00f3 que este evento no tiene ning\u00fan tipo de connotaci\u00f3n pol\u00edtica y est\u00e1n abiertos a recibir el apoyo de todos quienes quieran hacerlo, \u201cporque nosotros somos una organizaci\u00f3n territorial sin fines de lucro y esto es beneficio para toda la comunidad y tenga algo en qu\u00e9 distraerse\u201d.<br \/>\nLa presidenta de la Junta de Vecinos reconoci\u00f3 que el a\u00f1o pasado tuvieron un conflicto con Amarasi por la organizaci\u00f3n de la Chaya y que despu\u00e9s del evento si hubo denuncias de vecinos que sufrieron da\u00f1os en sus casas producto de actos vand\u00e1licos.<br \/>\n\u201cAdem\u00e1s la gente de Amarasi prometi\u00f3 hacer mejoras en la plaza, pero no hicieron ninguna y qued\u00f3 igual como nosotros la ten\u00edamos\u201d, critic\u00f3.<\/p>\n","protected":false},"excerpt":{"rendered":"<p>Asociaci\u00f3n de M\u00fasicos de Aconcagua fue excluida de la organizaci\u00f3n del evento que estar\u00e1 a cargo de la Junta de Vecinos del barrio. LOS ANDES.- Toda una pol\u00e9mica ha generado la realizaci\u00f3n&#8230;<\/p>\n","protected":false},"author":482,"featured_media":65589,"comment_status":"open","ping_status":"open","sticky":false,"template":"","format":"standard","meta":{"advanced_seo_description":"","jetpack_seo_html_title":"","jetpack_seo_noindex":false,"_jetpack_memberships_contains_paid_content":false,"footnotes":""},"categories":[1],"tags":[],"class_list":["post-65588","post","type-post","status-publish","format-standard","has-post-thumbnail","hentry","category-cronica"],"jetpack_featured_media_url":"https:\/\/i0.wp.com\/eltrabajo.cl\/portal\/wp-content\/uploads\/2016\/01\/amarasi.jpg?fit=530%2C350&ssl=1","jetpack_sharing_enabled":true,"jetpack_likes_enabled":true,"jetpack-related-posts":[],"_links":{"self":[{"href":"https:\/\/eltrabajo.cl\/portal\/wp-json\/wp\/v2\/posts\/65588","targetHints":{"allow":["GET"]}}],"collection":[{"href":"https:\/\/eltrabajo.cl\/portal\/wp-json\/wp\/v2\/posts"}],"about":[{"href":"https:\/\/eltrabajo.cl\/portal\/wp-json\/wp\/v2\/types\/post"}],"author":[{"embeddable":true,"href":"https:\/\/eltrabajo.cl\/portal\/wp-json\/wp\/v2\/users\/482"}],"replies":[{"embeddable":true,"href":"https:\/\/eltrabajo.cl\/portal\/wp-json\/wp\/v2\/comments?post=65588"}],"version-history":[{"count":0,"href":"https:\/\/eltrabajo.cl\/portal\/wp-json\/wp\/v2\/posts\/65588\/revisions"}],"wp:featuredmedia":[{"embeddable":true,"href":"https:\/\/eltrabajo.cl\/portal\/wp-json\/wp\/v2\/media\/65589"}],"wp:attachment":[{"href":"https:\/\/eltrabajo.cl\/portal\/wp-json\/wp\/v2\/media?parent=65588"}],"wp:term":[{"taxonomy":"category","embeddable":true,"href":"https:\/\/eltrabajo.cl\/portal\/wp-json\/wp\/v2\/categories?post=65588"},{"taxonomy":"post_tag","embeddable":true,"href":"https:\/\/eltrabajo.cl\/portal\/wp-json\/wp\/v2\/tags?post=65588"}],"curies":[{"name":"wp","href":"https:\/\/api.w.org\/{rel}","templated":true}]}}