{"id":65591,"date":"2016-01-08T14:35:27","date_gmt":"2016-01-08T17:35:27","guid":{"rendered":"http:\/\/www.eltrabajo.cl\/portal\/?p=65591"},"modified":"2016-01-08T14:35:27","modified_gmt":"2016-01-08T17:35:27","slug":"molestia-en-municipio-por-desaprobacion-de-proyecto-de-promocion-de-turismo","status":"publish","type":"post","link":"https:\/\/eltrabajo.cl\/portal\/molestia-en-municipio-por-desaprobacion-de-proyecto-de-promocion-de-turismo\/","title":{"rendered":"Molestia en municipio por desaprobaci\u00f3n de proyecto de promoci\u00f3n de turismo"},"content":{"rendered":"<figure id=\"attachment_65592\" aria-describedby=\"caption-attachment-65592\" style=\"width: 300px\" class=\"wp-caption alignleft\"><img data-recalc-dims=\"1\" loading=\"lazy\" decoding=\"async\" class=\"wp-image-65592 size-medium\" src=\"https:\/\/i0.wp.com\/www.eltrabajo.cl\/portal\/wp-content\/uploads\/2016\/01\/Luis-Pradenas-300x197.jpg?resize=300%2C197\" alt=\"Alcalde de Panquehue, Luis Pradenas.\" width=\"300\" height=\"197\" srcset=\"https:\/\/i0.wp.com\/eltrabajo.cl\/portal\/wp-content\/uploads\/2016\/01\/Luis-Pradenas.jpg?resize=300%2C197&amp;ssl=1 300w, https:\/\/i0.wp.com\/eltrabajo.cl\/portal\/wp-content\/uploads\/2016\/01\/Luis-Pradenas.jpg?resize=200%2C131&amp;ssl=1 200w, https:\/\/i0.wp.com\/eltrabajo.cl\/portal\/wp-content\/uploads\/2016\/01\/Luis-Pradenas.jpg?resize=228%2C150&amp;ssl=1 228w, https:\/\/i0.wp.com\/eltrabajo.cl\/portal\/wp-content\/uploads\/2016\/01\/Luis-Pradenas.jpg?resize=400%2C263&amp;ssl=1 400w, https:\/\/i0.wp.com\/eltrabajo.cl\/portal\/wp-content\/uploads\/2016\/01\/Luis-Pradenas.jpg?w=530&amp;ssl=1 530w\" sizes=\"auto, (max-width: 300px) 100vw, 300px\" \/><figcaption id=\"caption-attachment-65592\" class=\"wp-caption-text\">Alcalde de Panquehue, Luis Pradenas.<\/figcaption><\/figure>\n<ul>\n<li><strong>El alcalde Pradenas dijo que ojal\u00e1 la determinaci\u00f3n de Sernatur, no tenga un fin pol\u00edtico en a\u00f1o eleccionario, pues llama la atenci\u00f3n que en Aconcagua, los municipios de Panquehue y Catemu fueron dejados fuera, en tanto que hay comunas que se adjudicaron hasta dos proyectos.<\/strong><\/li>\n<\/ul>\n<p><strong>PANQUEHUE.<\/strong>&#8211; \u201cNo quiero pensar, que detr\u00e1s de todo esto exista un inter\u00e9s pol\u00edtico en a\u00f1o de elecciones\u201d, con estas palabras el alcalde Luis Pradenas manifest\u00f3 su sorpresa, tras la determinaci\u00f3n de Sernatur, de no aprobar el financiamiento para la ejecuci\u00f3n del proyecto de difusi\u00f3n, fomento y promoci\u00f3n al turismo local y regional, bajo el marco del Fondo Nacional de Desarrollo Regional FNDR.<br \/>\nComo es habitual, las municipalidades de la regi\u00f3n, preparan sus iniciativas con el fin de poder ejecutar una serie de actividades vinculadas al turismo, durante la temporada de verano y en ese mismo sentido, el municipio de la comuna de Panquehue, a trav\u00e9s del Departamento de Turismo y Cultura, present\u00f3 un similar proyecto, que adem\u00e1s contaba con una inversi\u00f3n inferior a los 20 millones de pesos aprobados el 2015, y para asombro de la autoridad comunal, se comunica que la mencionada iniciativa, no cumple con un alto inter\u00e9s tur\u00edstico local y regional; cumpli\u00f3 medianamente con fortalecer la actividad tur\u00edstica de la comuna y de la regi\u00f3n, como asimismo no tiene los suficientes argumentos para ser de plataforma para la difusi\u00f3n y sensibilizaci\u00f3n a la comunidad y finalmente la comuna no cumpli\u00f3 con las fechas estipuladas para la ejecuci\u00f3n del proyecto.<br \/>\nTras conocer estos argumentos, el alcalde Luis Pradenas mediante un oficio est\u00e1 solicitando la Directora Regional de Sernatur, Katrina Sanguinetti, la pauta evaluativa con los respectivos puntajes, puesto que en el Valle de Aconcagua, hay comunas que se adjudicaron hasta dos proyectos, que no cumplen con la exigencia de ser un evento de alto inter\u00e9s tur\u00edstico local y regional.<br \/>\n\u201cNo s\u00e9 qu\u00e9 tipo de criterio se us\u00f3 para efectuar la elecci\u00f3n de los proyectos para promocionar el turismo en el verano, pero lamento mucho que tras argumentos d\u00e9biles y que no nos dejan satisfechos, se est\u00e9 castigando a un sector de alta vulnerabilidad, con gente de Panquehue, puesto que este proyecto est\u00e1 pensado en aquellos vecinos que por motivos de trabajo o por no tener los recursos, no pueden salir de vacaciones y disfrutar de una actividad de verano. Como municipio nos preocupamos que nuestros proyectos contengan de manera clara y tranparente la documentaci\u00f3n requerida, por lo mismo nos llama mucho la atenci\u00f3n, que el proceso de adjudicaci\u00f3n nos haya sido adverso, sin embargo como municipio haremos todo el esfuerzo por poder entregar alguna actividad, que sirva de entretenci\u00f3n a los vecinos de Panquehue\u201d.<\/p>\n","protected":false},"excerpt":{"rendered":"<p>El alcalde Pradenas dijo que ojal\u00e1 la determinaci\u00f3n de Sernatur, no tenga un fin pol\u00edtico en a\u00f1o eleccionario, pues llama la atenci\u00f3n que en Aconcagua, los municipios de Panquehue y Catemu fueron&#8230;<\/p>\n","protected":false},"author":482,"featured_media":65592,"comment_status":"open","ping_status":"open","sticky":false,"template":"","format":"standard","meta":{"advanced_seo_description":"","jetpack_seo_html_title":"","jetpack_seo_noindex":false,"_jetpack_memberships_contains_paid_content":false,"footnotes":""},"categories":[1],"tags":[],"class_list":["post-65591","post","type-post","status-publish","format-standard","has-post-thumbnail","hentry","category-cronica"],"jetpack_featured_media_url":"https:\/\/i0.wp.com\/eltrabajo.cl\/portal\/wp-content\/uploads\/2016\/01\/Luis-Pradenas.jpg?fit=530%2C348&ssl=1","jetpack_sharing_enabled":true,"jetpack_likes_enabled":true,"jetpack-related-posts":[],"_links":{"self":[{"href":"https:\/\/eltrabajo.cl\/portal\/wp-json\/wp\/v2\/posts\/65591","targetHints":{"allow":["GET"]}}],"collection":[{"href":"https:\/\/eltrabajo.cl\/portal\/wp-json\/wp\/v2\/posts"}],"about":[{"href":"https:\/\/eltrabajo.cl\/portal\/wp-json\/wp\/v2\/types\/post"}],"author":[{"embeddable":true,"href":"https:\/\/eltrabajo.cl\/portal\/wp-json\/wp\/v2\/users\/482"}],"replies":[{"embeddable":true,"href":"https:\/\/eltrabajo.cl\/portal\/wp-json\/wp\/v2\/comments?post=65591"}],"version-history":[{"count":0,"href":"https:\/\/eltrabajo.cl\/portal\/wp-json\/wp\/v2\/posts\/65591\/revisions"}],"wp:featuredmedia":[{"embeddable":true,"href":"https:\/\/eltrabajo.cl\/portal\/wp-json\/wp\/v2\/media\/65592"}],"wp:attachment":[{"href":"https:\/\/eltrabajo.cl\/portal\/wp-json\/wp\/v2\/media?parent=65591"}],"wp:term":[{"taxonomy":"category","embeddable":true,"href":"https:\/\/eltrabajo.cl\/portal\/wp-json\/wp\/v2\/categories?post=65591"},{"taxonomy":"post_tag","embeddable":true,"href":"https:\/\/eltrabajo.cl\/portal\/wp-json\/wp\/v2\/tags?post=65591"}],"curies":[{"name":"wp","href":"https:\/\/api.w.org\/{rel}","templated":true}]}}