{"id":65594,"date":"2016-01-08T14:43:49","date_gmt":"2016-01-08T17:43:49","guid":{"rendered":"http:\/\/www.eltrabajo.cl\/portal\/?p=65594"},"modified":"2016-01-08T14:43:49","modified_gmt":"2016-01-08T17:43:49","slug":"teniente-coronel-pablo-salgado-duran-asumio-como-nuevo-prefecto-de-aconcagua","status":"publish","type":"post","link":"https:\/\/eltrabajo.cl\/portal\/teniente-coronel-pablo-salgado-duran-asumio-como-nuevo-prefecto-de-aconcagua\/","title":{"rendered":"Teniente Coronel Pablo Salgado Dur\u00e1n asumi\u00f3 como nuevo Prefecto de Aconcagua"},"content":{"rendered":"<figure id=\"attachment_65595\" aria-describedby=\"caption-attachment-65595\" style=\"width: 300px\" class=\"wp-caption alignleft\"><img data-recalc-dims=\"1\" loading=\"lazy\" decoding=\"async\" class=\"wp-image-65595 size-medium\" src=\"https:\/\/i0.wp.com\/www.eltrabajo.cl\/portal\/wp-content\/uploads\/2016\/01\/FOTO-1-NUEVO-PREFECTO-DE-CARABINEROS-ACONCAGUA-TENIENTE-CORONEL-PABLO-SALGADO-DURAN-300x197.jpg?resize=300%2C197\" alt=\"Nuevo Prefecto de Carabineros Aconcagua, Teniente Coronel Pablo Salgado Dur\u00e1n.\" width=\"300\" height=\"197\" srcset=\"https:\/\/i0.wp.com\/eltrabajo.cl\/portal\/wp-content\/uploads\/2016\/01\/FOTO-1-NUEVO-PREFECTO-DE-CARABINEROS-ACONCAGUA-TENIENTE-CORONEL-PABLO-SALGADO-DURAN.jpg?resize=300%2C197&amp;ssl=1 300w, https:\/\/i0.wp.com\/eltrabajo.cl\/portal\/wp-content\/uploads\/2016\/01\/FOTO-1-NUEVO-PREFECTO-DE-CARABINEROS-ACONCAGUA-TENIENTE-CORONEL-PABLO-SALGADO-DURAN.jpg?resize=200%2C131&amp;ssl=1 200w, https:\/\/i0.wp.com\/eltrabajo.cl\/portal\/wp-content\/uploads\/2016\/01\/FOTO-1-NUEVO-PREFECTO-DE-CARABINEROS-ACONCAGUA-TENIENTE-CORONEL-PABLO-SALGADO-DURAN.jpg?resize=228%2C150&amp;ssl=1 228w, https:\/\/i0.wp.com\/eltrabajo.cl\/portal\/wp-content\/uploads\/2016\/01\/FOTO-1-NUEVO-PREFECTO-DE-CARABINEROS-ACONCAGUA-TENIENTE-CORONEL-PABLO-SALGADO-DURAN.jpg?resize=400%2C263&amp;ssl=1 400w, https:\/\/i0.wp.com\/eltrabajo.cl\/portal\/wp-content\/uploads\/2016\/01\/FOTO-1-NUEVO-PREFECTO-DE-CARABINEROS-ACONCAGUA-TENIENTE-CORONEL-PABLO-SALGADO-DURAN.jpg?w=530&amp;ssl=1 530w\" sizes=\"auto, (max-width: 300px) 100vw, 300px\" \/><figcaption id=\"caption-attachment-65595\" class=\"wp-caption-text\">Nuevo Prefecto de Carabineros Aconcagua, Teniente Coronel Pablo Salgado Dur\u00e1n.<\/figcaption><\/figure>\n<ul>\n<li><strong>Trabajar en conjunto con la comunidad es uno de los primeros objetivos que se propuso quien se autodefine como un carabinero en terreno.<\/strong><\/li>\n<\/ul>\n<p>El patio de la segunda Comisar\u00eda de Carabineros de San Felipe, fue el escenario en donde al mediod\u00eda de ayer se desarroll\u00f3 la emotiva ceremonia en que el Teniente Coronel de Carabineros Marcelo Dur\u00e1n Mu\u00f1oz, luego de tres a\u00f1os, entreg\u00f3 su cargo al nuevo Prefecto de Aconcagua, el Teniente Coronel Pablo Salgado Dur\u00e1n.<br \/>\nSalgado Dur\u00e1n tiene casi 29 a\u00f1os de Servicio en la Instituci\u00f3n, su \u00faltimo trabajo lo desempe\u00f1\u00f3 en la Subprefectura de los Servicios de la Prefectura de Valpara\u00edso y anteriormente trabaj\u00f3 a lo largo de Chile como especialista de la Secci\u00f3n de Investigaci\u00f3n de Accidentes de Tr\u00e1nsito, Siat, para luego ejercer funciones en las Prefecturas de El Loa y Vi\u00f1a del Mar, respectivamente.<br \/>\nEl nuevo Prefecto se autodefine como un Carabinero en terreno y tras ser consultado respecto de los desaf\u00edos que traza para asumir este desaf\u00edo, asegur\u00f3 que uno de ellos es \u201cdar continuidad de los lineamientos que actualmente est\u00e1n establecidos por el alto mando institucional como tambi\u00e9n por la jefatura de zona. Tambi\u00e9n el trabajo con la comunidad, acercamiento, interacci\u00f3n e integraci\u00f3n porque a trav\u00e9s de un trabajo de manera mancomunada con la informaci\u00f3n vamos a poder realizar una buena gesti\u00f3n para poder combatir la delincuencia\u201d, expuso.<br \/>\nRespecto de la visi\u00f3n que tiene de la Prefectura y las condiciones en las que recibe el cargo, el Teniente Coronel afirm\u00f3 que \u201csin duda las cifras son positivas, pero debemos hacer un diagn\u00f3stico de lo que son las provincias, las municipalidades, de todo lo que es la Prefectura misma y la jurisdicci\u00f3n, previo an\u00e1lisis cuantitativo y cualitativo para seguir desplegando los recursos humanos y las estrategias operativas m\u00e1s adecuadas para poder mejorar los indicadores que actualmente tenemos\u201d.<br \/>\nDentro de ese mismo an\u00e1lisis por ejecutar, Salgado dijo que uno de los puntos a resolver es si la dotaci\u00f3n de funcionarios en la zona actualmente es la adecuada, aunque dijo que esa situaci\u00f3n es parte del diagn\u00f3stico y no le corresponde pronunciarse a\u00fan, por cuanto es una medida que obedece a un trabajo sistem\u00e1tico de la secci\u00f3n de planificaci\u00f3n y desarrollo de la instituci\u00f3n.<br \/>\nPese a esto reconoci\u00f3 que el tema de la necesidad de polic\u00edas es un tema que a nivel nacional est\u00e1 bajo las mismas condiciones y hay que trabajar para lograr la eficiencia al respecto, agregando que \u201cdepende de la demanda que presente la comunidad, est\u00e1 la oferta, entonces est\u00e1 el \u00edndice de cobertura que tenemos que otorgar para poder seguir dando la lucha contra la delincuencia\u201d, explic\u00f3.<br \/>\nFinalmente, el Prefecto Salgado envi\u00f3 un mensaje a los Carabineros del Valle, aconsej\u00e1ndoles \u201centregarse por entero a la comunidad, que es la raz\u00f3n de ser de la Instituci\u00f3n\u201d. Mientras que a la comunidad le recomend\u00f3 que \u201cest\u00e9n muy tranquilos, porque Carabineros est\u00e1 atento las 24 horas y juntos vamos a poder contener la delincuencia, colocando a los funcionarios policiales en los momentos y lugares adecuados\u201d, remat\u00f3.<br \/>\nA su vez, EL Jefe de la V Zona de Valpara\u00edso Jaime Barr\u00eda Montiel, se mostr\u00f3 feliz de poder formar parte de un acto administrativo de la Instituci\u00f3n, aludiendo que \u201cpara m\u00ed es muy grato en esta oportunidad acompa\u00f1ar al Coronel Marcelo Dur\u00e1n, quien se aleja de la Prefectura de Aconcagua y asume nuevas responsabilidades en Santiago y a la vez acompa\u00f1ar al Coronel Pablo Salgado quien recibe esta nueva responsabilidad, a quien conozco hace mucho tiempo y s\u00e9 que su trabajo y su desempe\u00f1o ser\u00e1 muy bueno porque sus condiciones as\u00ed lo determinan\u201d, puntualiz\u00f3.<br \/>\nEn la oportunidad estuvieron presentes las m\u00e1ximas autoridades de las Provincias de los Andes y San Felipe, la gobernadora de Los Andes Mar\u00eda Victoria Rodr\u00edguez y el gobernador de San Felipe Eduardo Le\u00f3n, adem\u00e1s del Jefe de Carabineros de la V Zona Valpara\u00edso Jaime Barr\u00eda Montiel y el alcalde de San Felipe Patricio Freire Canto, entre otros.<\/p>\n<div class=\"tiled-gallery type-rectangular tiled-gallery-unresized\" data-original-width=\"640\" data-carousel-extra='null' itemscope itemtype=\"http:\/\/schema.org\/ImageGallery\" > <div class=\"gallery-row\" style=\"width: 640px; height: 284px;\" data-original-width=\"640\" data-original-height=\"284\" > <div class=\"gallery-group images-1\" style=\"width: 427px; height: 284px;\" data-original-width=\"427\" data-original-height=\"284\" > <div class=\"tiled-gallery-item tiled-gallery-item-large\" itemprop=\"associatedMedia\" itemscope itemtype=\"http:\/\/schema.org\/ImageObject\"> <a href=\"https:\/\/eltrabajo.cl\/portal\/teniente-coronel-pablo-salgado-duran-asumio-como-nuevo-prefecto-de-aconcagua\/foto-2-carabineros\/\" border=\"0\" itemprop=\"url\"> <meta itemprop=\"width\" content=\"423\"> <meta itemprop=\"height\" content=\"280\"> <img decoding=\"async\" class=\"\" data-attachment-id=\"65598\" data-orig-file=\"https:\/\/eltrabajo.cl\/portal\/wp-content\/uploads\/2016\/01\/FOTO-2-CARABINEROS.jpg\" data-orig-size=\"528,350\" data-comments-opened=\"1\" data-image-meta=\"{&quot;aperture&quot;:&quot;0&quot;,&quot;credit&quot;:&quot;&quot;,&quot;camera&quot;:&quot;&quot;,&quot;caption&quot;:&quot;&quot;,&quot;created_timestamp&quot;:&quot;0&quot;,&quot;copyright&quot;:&quot;Copyright 2012&quot;,&quot;focal_length&quot;:&quot;0&quot;,&quot;iso&quot;:&quot;0&quot;,&quot;shutter_speed&quot;:&quot;0&quot;,&quot;title&quot;:&quot;&quot;,&quot;orientation&quot;:&quot;0&quot;}\" data-image-title=\"FOTO 2 CARABINEROS\" data-image-description=\"&lt;p&gt;Instante en que el nuevo Prefecto de Aconcagua, Pablo Salgado Dur\u00e1n asume su cargo y saluda a sus subalternos.&lt;\/p&gt; \" data-medium-file=\"https:\/\/i0.wp.com\/eltrabajo.cl\/portal\/wp-content\/uploads\/2016\/01\/FOTO-2-CARABINEROS.jpg?fit=300%2C199&#038;ssl=1\" data-large-file=\"https:\/\/i0.wp.com\/eltrabajo.cl\/portal\/wp-content\/uploads\/2016\/01\/FOTO-2-CARABINEROS.jpg?fit=528%2C350&#038;ssl=1\" src=\"https:\/\/i0.wp.com\/eltrabajo.cl\/portal\/wp-content\/uploads\/2016\/01\/FOTO-2-CARABINEROS.jpg?w=423&#038;h=280&#038;ssl=1\" srcset=\"https:\/\/i0.wp.com\/eltrabajo.cl\/portal\/wp-content\/uploads\/2016\/01\/FOTO-2-CARABINEROS.jpg?w=528&amp;ssl=1 528w, https:\/\/i0.wp.com\/eltrabajo.cl\/portal\/wp-content\/uploads\/2016\/01\/FOTO-2-CARABINEROS.jpg?resize=200%2C133&amp;ssl=1 200w, https:\/\/i0.wp.com\/eltrabajo.cl\/portal\/wp-content\/uploads\/2016\/01\/FOTO-2-CARABINEROS.jpg?resize=300%2C199&amp;ssl=1 300w, https:\/\/i0.wp.com\/eltrabajo.cl\/portal\/wp-content\/uploads\/2016\/01\/FOTO-2-CARABINEROS.jpg?resize=226%2C150&amp;ssl=1 226w, https:\/\/i0.wp.com\/eltrabajo.cl\/portal\/wp-content\/uploads\/2016\/01\/FOTO-2-CARABINEROS.jpg?resize=400%2C265&amp;ssl=1 400w\" width=\"423\" height=\"280\" loading=\"lazy\" data-original-width=\"423\" data-original-height=\"280\" itemprop=\"http:\/\/schema.org\/image\" title=\"FOTO 2 CARABINEROS\" alt=\"Instante en que el nuevo Prefecto de Aconcagua, Pablo Salgado Dur\u00e1n asume su cargo y saluda a sus subalternos.\" style=\"width: 423px; height: 280px;\" \/> <\/a> <div class=\"tiled-gallery-caption\" itemprop=\"caption description\"> Instante en que el nuevo Prefecto de Aconcagua, Pablo Salgado Dur\u00e1n asume su cargo y saluda a sus subalternos. <\/div> <\/div> <\/div> <!-- close group --> <div class=\"gallery-group images-2\" style=\"width: 213px; height: 284px;\" data-original-width=\"213\" data-original-height=\"284\" > <div class=\"tiled-gallery-item tiled-gallery-item-small\" itemprop=\"associatedMedia\" itemscope itemtype=\"http:\/\/schema.org\/ImageObject\"> <a href=\"https:\/\/eltrabajo.cl\/portal\/teniente-coronel-pablo-salgado-duran-asumio-como-nuevo-prefecto-de-aconcagua\/foto-4-carabineros\/\" border=\"0\" itemprop=\"url\"> <meta itemprop=\"width\" content=\"209\"> <meta itemprop=\"height\" content=\"138\"> <img decoding=\"async\" class=\"\" data-attachment-id=\"65600\" data-orig-file=\"https:\/\/eltrabajo.cl\/portal\/wp-content\/uploads\/2016\/01\/FOTO-4-CARABINEROS.jpg\" data-orig-size=\"530,350\" data-comments-opened=\"1\" data-image-meta=\"{&quot;aperture&quot;:&quot;0&quot;,&quot;credit&quot;:&quot;&quot;,&quot;camera&quot;:&quot;&quot;,&quot;caption&quot;:&quot;&quot;,&quot;created_timestamp&quot;:&quot;0&quot;,&quot;copyright&quot;:&quot;Copyright 2012&quot;,&quot;focal_length&quot;:&quot;0&quot;,&quot;iso&quot;:&quot;0&quot;,&quot;shutter_speed&quot;:&quot;0&quot;,&quot;title&quot;:&quot;&quot;,&quot;orientation&quot;:&quot;0&quot;}\" data-image-title=\"FOTO 4 CARABINEROS\" data-image-description=\"&lt;p&gt;Al mediod\u00eda de ayer se efectu\u00f3 la ceremonia protocolar de cambio de mando en que el Teniente Coronel Marcelo Dur\u00e1n entreg\u00f3 su cargo al nuevo Prefecto de Aconcagua, Pablo Salgado Dur\u00e1n.&lt;\/p&gt; \" data-medium-file=\"https:\/\/i0.wp.com\/eltrabajo.cl\/portal\/wp-content\/uploads\/2016\/01\/FOTO-4-CARABINEROS.jpg?fit=300%2C198&#038;ssl=1\" data-large-file=\"https:\/\/i0.wp.com\/eltrabajo.cl\/portal\/wp-content\/uploads\/2016\/01\/FOTO-4-CARABINEROS.jpg?fit=530%2C350&#038;ssl=1\" src=\"https:\/\/i0.wp.com\/eltrabajo.cl\/portal\/wp-content\/uploads\/2016\/01\/FOTO-4-CARABINEROS.jpg?w=209&#038;h=138&#038;ssl=1\" srcset=\"https:\/\/i0.wp.com\/eltrabajo.cl\/portal\/wp-content\/uploads\/2016\/01\/FOTO-4-CARABINEROS.jpg?w=530&amp;ssl=1 530w, https:\/\/i0.wp.com\/eltrabajo.cl\/portal\/wp-content\/uploads\/2016\/01\/FOTO-4-CARABINEROS.jpg?resize=200%2C132&amp;ssl=1 200w, https:\/\/i0.wp.com\/eltrabajo.cl\/portal\/wp-content\/uploads\/2016\/01\/FOTO-4-CARABINEROS.jpg?resize=300%2C198&amp;ssl=1 300w, https:\/\/i0.wp.com\/eltrabajo.cl\/portal\/wp-content\/uploads\/2016\/01\/FOTO-4-CARABINEROS.jpg?resize=227%2C150&amp;ssl=1 227w, https:\/\/i0.wp.com\/eltrabajo.cl\/portal\/wp-content\/uploads\/2016\/01\/FOTO-4-CARABINEROS.jpg?resize=400%2C264&amp;ssl=1 400w\" width=\"209\" height=\"138\" loading=\"lazy\" data-original-width=\"209\" data-original-height=\"138\" itemprop=\"http:\/\/schema.org\/image\" title=\"FOTO 4 CARABINEROS\" alt=\"Al mediod\u00eda de ayer se efectu\u00f3 la ceremonia protocolar de cambio de mando en que el Teniente Coronel Marcelo Dur\u00e1n entreg\u00f3 su cargo al nuevo Prefecto de Aconcagua, Pablo Salgado Dur\u00e1n.\" style=\"width: 209px; height: 138px;\" \/> <\/a> <div class=\"tiled-gallery-caption\" itemprop=\"caption description\"> Al mediod\u00eda de ayer se efectu\u00f3 la ceremonia protocolar de cambio de mando en que el Teniente Coronel Marcelo Dur\u00e1n entreg\u00f3 su cargo al nuevo Prefecto de Aconcagua, Pablo Salgado Dur\u00e1n. <\/div> <\/div> <div class=\"tiled-gallery-item tiled-gallery-item-small\" itemprop=\"associatedMedia\" itemscope itemtype=\"http:\/\/schema.org\/ImageObject\"> <a href=\"https:\/\/eltrabajo.cl\/portal\/teniente-coronel-pablo-salgado-duran-asumio-como-nuevo-prefecto-de-aconcagua\/foto-3-carabineros\/\" border=\"0\" itemprop=\"url\"> <meta itemprop=\"width\" content=\"209\"> <meta itemprop=\"height\" content=\"138\"> <img decoding=\"async\" class=\"\" data-attachment-id=\"65599\" data-orig-file=\"https:\/\/eltrabajo.cl\/portal\/wp-content\/uploads\/2016\/01\/FOTO-3-CARABINEROS.jpg\" data-orig-size=\"528,350\" data-comments-opened=\"1\" data-image-meta=\"{&quot;aperture&quot;:&quot;0&quot;,&quot;credit&quot;:&quot;&quot;,&quot;camera&quot;:&quot;&quot;,&quot;caption&quot;:&quot;&quot;,&quot;created_timestamp&quot;:&quot;0&quot;,&quot;copyright&quot;:&quot;Copyright 2012&quot;,&quot;focal_length&quot;:&quot;0&quot;,&quot;iso&quot;:&quot;0&quot;,&quot;shutter_speed&quot;:&quot;0&quot;,&quot;title&quot;:&quot;&quot;,&quot;orientation&quot;:&quot;0&quot;}\" data-image-title=\"FOTO 3 CARABINEROS\" data-image-description=\"&lt;p&gt;Instante en que el Teniente Coronel Marcelo Dur\u00e1n Mu\u00f1oz (izquierda) firma su entrega del cargo, mientras el nuevo Prefecto, Pablo Salgado Dur\u00e1n (derecha) rubrica la jefatura de la Prefectura Aconcagua, ambos supervisados por el jefe de la V Zona Valpara\u00edso, General Jaime Barr\u00eda Montiel.&lt;\/p&gt; \" data-medium-file=\"https:\/\/i0.wp.com\/eltrabajo.cl\/portal\/wp-content\/uploads\/2016\/01\/FOTO-3-CARABINEROS.jpg?fit=300%2C199&#038;ssl=1\" data-large-file=\"https:\/\/i0.wp.com\/eltrabajo.cl\/portal\/wp-content\/uploads\/2016\/01\/FOTO-3-CARABINEROS.jpg?fit=528%2C350&#038;ssl=1\" src=\"https:\/\/i0.wp.com\/eltrabajo.cl\/portal\/wp-content\/uploads\/2016\/01\/FOTO-3-CARABINEROS.jpg?w=209&#038;h=138&#038;ssl=1\" srcset=\"https:\/\/i0.wp.com\/eltrabajo.cl\/portal\/wp-content\/uploads\/2016\/01\/FOTO-3-CARABINEROS.jpg?w=528&amp;ssl=1 528w, https:\/\/i0.wp.com\/eltrabajo.cl\/portal\/wp-content\/uploads\/2016\/01\/FOTO-3-CARABINEROS.jpg?resize=200%2C133&amp;ssl=1 200w, https:\/\/i0.wp.com\/eltrabajo.cl\/portal\/wp-content\/uploads\/2016\/01\/FOTO-3-CARABINEROS.jpg?resize=300%2C199&amp;ssl=1 300w, https:\/\/i0.wp.com\/eltrabajo.cl\/portal\/wp-content\/uploads\/2016\/01\/FOTO-3-CARABINEROS.jpg?resize=226%2C150&amp;ssl=1 226w, https:\/\/i0.wp.com\/eltrabajo.cl\/portal\/wp-content\/uploads\/2016\/01\/FOTO-3-CARABINEROS.jpg?resize=400%2C265&amp;ssl=1 400w\" width=\"209\" height=\"138\" loading=\"lazy\" data-original-width=\"209\" data-original-height=\"138\" itemprop=\"http:\/\/schema.org\/image\" title=\"FOTO 3 CARABINEROS\" alt=\"Instante en que el Teniente Coronel Marcelo Dur\u00e1n Mu\u00f1oz (izquierda) firma su entrega del cargo, mientras el nuevo Prefecto, Pablo Salgado Dur\u00e1n (derecha) rubrica la jefatura de la Prefectura Aconcagua, ambos supervisados por el jefe de la V Zona Valpara\u00edso, General Jaime Barr\u00eda Montiel.\" style=\"width: 209px; height: 138px;\" \/> <\/a> <div class=\"tiled-gallery-caption\" itemprop=\"caption description\"> Instante en que el Teniente Coronel Marcelo Dur\u00e1n Mu\u00f1oz (izquierda) firma su entrega del cargo, mientras el nuevo Prefecto, Pablo Salgado Dur\u00e1n (derecha) rubrica la jefatura de la Prefectura Aconcagua, ambos supervisados por el jefe de la V Zona Valpara\u00edso, General Jaime Barr\u00eda Montiel. <\/div> <\/div> <\/div> <!-- close group --> <\/div> <!-- close row --> <\/div>\n","protected":false},"excerpt":{"rendered":"<p>Trabajar en conjunto con la comunidad es uno de los primeros objetivos que se propuso quien se autodefine como un carabinero en terreno. El patio de la segunda Comisar\u00eda de Carabineros de&#8230;<\/p>\n","protected":false},"author":482,"featured_media":65595,"comment_status":"open","ping_status":"open","sticky":false,"template":"","format":"standard","meta":{"advanced_seo_description":"","jetpack_seo_html_title":"","jetpack_seo_noindex":false,"_jetpack_memberships_contains_paid_content":false,"footnotes":""},"categories":[1],"tags":[],"class_list":["post-65594","post","type-post","status-publish","format-standard","has-post-thumbnail","hentry","category-cronica"],"jetpack_featured_media_url":"https:\/\/i0.wp.com\/eltrabajo.cl\/portal\/wp-content\/uploads\/2016\/01\/FOTO-1-NUEVO-PREFECTO-DE-CARABINEROS-ACONCAGUA-TENIENTE-CORONEL-PABLO-SALGADO-DURAN.jpg?fit=530%2C348&ssl=1","jetpack_sharing_enabled":true,"jetpack_likes_enabled":true,"jetpack-related-posts":[],"_links":{"self":[{"href":"https:\/\/eltrabajo.cl\/portal\/wp-json\/wp\/v2\/posts\/65594","targetHints":{"allow":["GET"]}}],"collection":[{"href":"https:\/\/eltrabajo.cl\/portal\/wp-json\/wp\/v2\/posts"}],"about":[{"href":"https:\/\/eltrabajo.cl\/portal\/wp-json\/wp\/v2\/types\/post"}],"author":[{"embeddable":true,"href":"https:\/\/eltrabajo.cl\/portal\/wp-json\/wp\/v2\/users\/482"}],"replies":[{"embeddable":true,"href":"https:\/\/eltrabajo.cl\/portal\/wp-json\/wp\/v2\/comments?post=65594"}],"version-history":[{"count":0,"href":"https:\/\/eltrabajo.cl\/portal\/wp-json\/wp\/v2\/posts\/65594\/revisions"}],"wp:featuredmedia":[{"embeddable":true,"href":"https:\/\/eltrabajo.cl\/portal\/wp-json\/wp\/v2\/media\/65595"}],"wp:attachment":[{"href":"https:\/\/eltrabajo.cl\/portal\/wp-json\/wp\/v2\/media?parent=65594"}],"wp:term":[{"taxonomy":"category","embeddable":true,"href":"https:\/\/eltrabajo.cl\/portal\/wp-json\/wp\/v2\/categories?post=65594"},{"taxonomy":"post_tag","embeddable":true,"href":"https:\/\/eltrabajo.cl\/portal\/wp-json\/wp\/v2\/tags?post=65594"}],"curies":[{"name":"wp","href":"https:\/\/api.w.org\/{rel}","templated":true}]}}