{"id":65605,"date":"2016-01-08T14:48:56","date_gmt":"2016-01-08T17:48:56","guid":{"rendered":"http:\/\/www.eltrabajo.cl\/portal\/?p=65605"},"modified":"2016-01-08T14:48:56","modified_gmt":"2016-01-08T17:48:56","slug":"autoridades-presentan-nuevo-bus-para-personas-con-capacidades-diferentes","status":"publish","type":"post","link":"https:\/\/eltrabajo.cl\/portal\/autoridades-presentan-nuevo-bus-para-personas-con-capacidades-diferentes\/","title":{"rendered":"Autoridades presentan nuevo bus para personas con capacidades diferentes"},"content":{"rendered":"<figure id=\"attachment_65606\" aria-describedby=\"caption-attachment-65606\" style=\"width: 300px\" class=\"wp-caption alignleft\"><img data-recalc-dims=\"1\" loading=\"lazy\" decoding=\"async\" class=\"wp-image-65606 size-medium\" src=\"https:\/\/i0.wp.com\/www.eltrabajo.cl\/portal\/wp-content\/uploads\/2016\/01\/bus-2-300x198.jpg?resize=300%2C198\" alt=\"El alcalde Patricio Freire present\u00f3 a la comunidad el nuevo bus para personas con capacidades diferentes que permitir\u00e1 entregar mayor movilidad a personas que utilizan silla de rueda. \" width=\"300\" height=\"198\" srcset=\"https:\/\/i0.wp.com\/eltrabajo.cl\/portal\/wp-content\/uploads\/2016\/01\/bus-2.jpg?resize=300%2C198&amp;ssl=1 300w, https:\/\/i0.wp.com\/eltrabajo.cl\/portal\/wp-content\/uploads\/2016\/01\/bus-2.jpg?resize=200%2C132&amp;ssl=1 200w, https:\/\/i0.wp.com\/eltrabajo.cl\/portal\/wp-content\/uploads\/2016\/01\/bus-2.jpg?resize=227%2C150&amp;ssl=1 227w, https:\/\/i0.wp.com\/eltrabajo.cl\/portal\/wp-content\/uploads\/2016\/01\/bus-2.jpg?resize=400%2C264&amp;ssl=1 400w, https:\/\/i0.wp.com\/eltrabajo.cl\/portal\/wp-content\/uploads\/2016\/01\/bus-2.jpg?w=530&amp;ssl=1 530w\" sizes=\"auto, (max-width: 300px) 100vw, 300px\" \/><figcaption id=\"caption-attachment-65606\" class=\"wp-caption-text\">El alcalde Patricio Freire present\u00f3 a la comunidad el nuevo bus para personas con capacidades diferentes que permitir\u00e1 entregar mayor movilidad a personas que utilizan silla de rueda.<\/figcaption><\/figure>\n<p>Este jueves el Alcalde Patricio Freire present\u00f3 a la comunidad el nuevo bus para personas con capacidades diferentes con que cuenta la Municipalidad de San Felipe y que permitir\u00e1 entregar mayores facilidades de desplazamiento a las personas que utilizan silla de rueda.<br \/>\nLa actividad se desarroll\u00f3 en el frontis del edificio consistorial, y cont\u00f3 con la presencia de una importante cantidad de vecinos que son usuarios de la oficina de la Discapacidad, quienes hicieron un recorrido por el centro de la comuna.<br \/>\nEl alcalde Patricio Freire destac\u00f3 la inversi\u00f3n realizada, que alcanz\u00f3 los 49 millones de pesos y que corresponden a recursos provenientes del Gobierno Regional, luego que el a\u00f1o 2015 fuera presentado el proyecto, y puso el \u00e9nfasis en que de esta forma, se contin\u00faa trabajando por hacer de San Felipe una ciudad inclusiva, de todos y todas.<br \/>\n\u201cHoy d\u00eda este bus es una realidad. Cuando hablamos de una ciudad inclusiva, de todos y todas, hablamos de que todos los vecinos deben ser parte de los proyectos que como ciudad realizamos y con este tipo de proyecto hacemos realidad este slogan, porque sumado a este bus, a fines del mes de enero tendremos el ascensor panor\u00e1mico para que las personas con capacidades diferentes y adultos mayores puedan acceder al segundo y tercer piso, y as\u00ed espero tenerlos a todos ellos en mi oficina\u201d, dijo el jefe comunal.<br \/>\nLos beneficiarios se mostraron felices con la nueva adquisici\u00f3n, ya que el veh\u00edculo les permitir\u00e1 trasladarse dentro de la comuna y tambi\u00e9n hacia otros sectores.<br \/>\n\u201cEsto es un alivio para nosotros, ahora ya no vamos a tener problemas para que nos trasladen. Nosotros las personas minusv\u00e1lidas nos cuesta trasladarnos y si no es por otra persona no podemos hacerlo. Por eso le damos las gracias al alcalde Patricio Freire por todo lo que han hecho por nosotros\u201d, se\u00f1al\u00f3 Julia Astargo.<br \/>\nSeg\u00fan manifestaron estos usuarios, este tipo de proyectos los motivan para seguir trabajando en conjunto con el municipio, ya que ven avances concretos, en beneficio de las personas con capacidades diferentes.<\/p>\n","protected":false},"excerpt":{"rendered":"<p>Este jueves el Alcalde Patricio Freire present\u00f3 a la comunidad el nuevo bus para personas con capacidades diferentes con que cuenta la Municipalidad de San Felipe y que permitir\u00e1 entregar mayores facilidades&#8230;<\/p>\n","protected":false},"author":482,"featured_media":65606,"comment_status":"open","ping_status":"open","sticky":false,"template":"","format":"standard","meta":{"advanced_seo_description":"","jetpack_seo_html_title":"","jetpack_seo_noindex":false,"_jetpack_memberships_contains_paid_content":false,"footnotes":""},"categories":[15],"tags":[],"class_list":["post-65605","post","type-post","status-publish","format-standard","has-post-thumbnail","hentry","category-comunidad"],"jetpack_featured_media_url":"https:\/\/i0.wp.com\/eltrabajo.cl\/portal\/wp-content\/uploads\/2016\/01\/bus-2.jpg?fit=530%2C350&ssl=1","jetpack_sharing_enabled":true,"jetpack_likes_enabled":true,"jetpack-related-posts":[],"_links":{"self":[{"href":"https:\/\/eltrabajo.cl\/portal\/wp-json\/wp\/v2\/posts\/65605","targetHints":{"allow":["GET"]}}],"collection":[{"href":"https:\/\/eltrabajo.cl\/portal\/wp-json\/wp\/v2\/posts"}],"about":[{"href":"https:\/\/eltrabajo.cl\/portal\/wp-json\/wp\/v2\/types\/post"}],"author":[{"embeddable":true,"href":"https:\/\/eltrabajo.cl\/portal\/wp-json\/wp\/v2\/users\/482"}],"replies":[{"embeddable":true,"href":"https:\/\/eltrabajo.cl\/portal\/wp-json\/wp\/v2\/comments?post=65605"}],"version-history":[{"count":0,"href":"https:\/\/eltrabajo.cl\/portal\/wp-json\/wp\/v2\/posts\/65605\/revisions"}],"wp:featuredmedia":[{"embeddable":true,"href":"https:\/\/eltrabajo.cl\/portal\/wp-json\/wp\/v2\/media\/65606"}],"wp:attachment":[{"href":"https:\/\/eltrabajo.cl\/portal\/wp-json\/wp\/v2\/media?parent=65605"}],"wp:term":[{"taxonomy":"category","embeddable":true,"href":"https:\/\/eltrabajo.cl\/portal\/wp-json\/wp\/v2\/categories?post=65605"},{"taxonomy":"post_tag","embeddable":true,"href":"https:\/\/eltrabajo.cl\/portal\/wp-json\/wp\/v2\/tags?post=65605"}],"curies":[{"name":"wp","href":"https:\/\/api.w.org\/{rel}","templated":true}]}}