{"id":65611,"date":"2016-01-08T14:52:02","date_gmt":"2016-01-08T17:52:02","guid":{"rendered":"http:\/\/www.eltrabajo.cl\/portal\/?p=65611"},"modified":"2016-01-08T14:52:02","modified_gmt":"2016-01-08T17:52:02","slug":"en-entrevista-con-defensor-de-hombre-acusado-de-ultrajar-a-sobrina-ni-hospital-ni-servicio-medico-legal-dan-cuenta-de-alguna-violacion","status":"publish","type":"post","link":"https:\/\/eltrabajo.cl\/portal\/en-entrevista-con-defensor-de-hombre-acusado-de-ultrajar-a-sobrina-ni-hospital-ni-servicio-medico-legal-dan-cuenta-de-alguna-violacion\/","title":{"rendered":"En entrevista con Defensor de hombre acusado de ultrajar a sobrina:\u00a0\u201cNi hospital ni Servicio M\u00e9dico Legal dan cuenta de alguna violaci\u00f3n\u201d"},"content":{"rendered":"<figure id=\"attachment_65612\" aria-describedby=\"caption-attachment-65612\" style=\"width: 300px\" class=\"wp-caption alignleft\"><img data-recalc-dims=\"1\" loading=\"lazy\" decoding=\"async\" class=\"wp-image-65612 size-medium\" src=\"https:\/\/i0.wp.com\/www.eltrabajo.cl\/portal\/wp-content\/uploads\/2016\/01\/ABOGADO-HECTOR-PETIT-300x197.jpg?resize=300%2C197\" alt=\"El Abogado Defensor H\u00e9ctor Petit sostiene que su representado es inocente de los cargos que formula la Fiscal\u00eda en su contra por violaci\u00f3n y abuso sexual a una menor de edad. \" width=\"300\" height=\"197\" srcset=\"https:\/\/i0.wp.com\/eltrabajo.cl\/portal\/wp-content\/uploads\/2016\/01\/ABOGADO-HECTOR-PETIT.jpg?resize=300%2C197&amp;ssl=1 300w, https:\/\/i0.wp.com\/eltrabajo.cl\/portal\/wp-content\/uploads\/2016\/01\/ABOGADO-HECTOR-PETIT.jpg?resize=200%2C131&amp;ssl=1 200w, https:\/\/i0.wp.com\/eltrabajo.cl\/portal\/wp-content\/uploads\/2016\/01\/ABOGADO-HECTOR-PETIT.jpg?resize=228%2C150&amp;ssl=1 228w, https:\/\/i0.wp.com\/eltrabajo.cl\/portal\/wp-content\/uploads\/2016\/01\/ABOGADO-HECTOR-PETIT.jpg?resize=400%2C263&amp;ssl=1 400w, https:\/\/i0.wp.com\/eltrabajo.cl\/portal\/wp-content\/uploads\/2016\/01\/ABOGADO-HECTOR-PETIT.jpg?w=530&amp;ssl=1 530w\" sizes=\"auto, (max-width: 300px) 100vw, 300px\" \/><figcaption id=\"caption-attachment-65612\" class=\"wp-caption-text\">El Abogado Defensor H\u00e9ctor Petit sostiene que su representado es inocente de los cargos que formula la Fiscal\u00eda en su contra por violaci\u00f3n y abuso sexual a una menor de edad.<\/figcaption><\/figure>\n<ul>\n<li><strong>El profesional desmenuz\u00f3 fallo de la Corte de Apelaciones que anul\u00f3 sentencia condenatoria de 11 a\u00f1os de c\u00e1rcel en contra de Juan Tapia Delgado. Explica una relaci\u00f3n de errores que habr\u00eda cometido el Tribunal Oral de San Felipe al comento de dictar la condena.<\/strong><\/li>\n<\/ul>\n<p>Por medio de una entrevista, el Abogado Defensor H\u00e9ctor Petit Moreno explica las razones por las cuales la Corte de Apelaciones de Valpara\u00edso anul\u00f3 una condena de 11 a\u00f1os de c\u00e1rcel a Juan Tapia Delgado, dictada por el Tribunal Oral en lo Penal de San Felipe y que en la actualidad lo mantiene privado de libertad tras las acusaciones de la Fiscal\u00eda por los delitos de abuso sexual y violaci\u00f3n reiterada a una sobrina de 14 a\u00f1os.<br \/>\nEl profesional enfatiz\u00f3 que en la sentencia de la Corte de Apelaciones dictada el 18 de diciembre del 2015, la causal \u00fanica de nulidad dice relaci\u00f3n con errores que cometi\u00f3 el Tribunal Oral de San Felipe respecto de la valoraci\u00f3n de la prueba al momento de fundamentar.<br \/>\nPetit cuestiona los cargos que se le imputan a su representado tras el desarrollo del juicio oral, replicando que el perito que presentaba la Fiscal\u00eda de San Felipe \u00abcarece de imparcialidad\u00bb acotando que \u00abno es un perito imparcial, pero de todas maneras vamos a utilizar el testimonio de ese perito para extraer conclusiones en contra del imputado\u00bb.<br \/>\n<strong>&#8211; \u00bfCu\u00e1les fueron las principales dudas que surgieron en el juicio?<\/strong><br \/>\n<strong>&#8211;<\/strong> Por ejemplo un testigo dec\u00eda: \u00abyo no creo que el autor del delito hubiera sido el imputado si no que fue su pap\u00e1 porque abus\u00f3 sexualmente de m\u00ed cuando era chica\u00bb. Todas las cosas que eran favorables a mi representado, el tribunal las omiti\u00f3 en la sentencia.<br \/>\n<strong>&#8211; \u00bfSe podr\u00eda presumir que el atacante de la menor es otra persona?<\/strong><br \/>\n<strong>&#8211;<\/strong> La verdad, lo que se desprendi\u00f3 del desarrollo del juicio es que la propia perito de la Fiscal\u00eda se\u00f1al\u00f3 en juicio, que no era posible descartar el desplazamiento de autor con respecto de la persona del pap\u00e1 y respecto de eso no se le dio importancia en el desarrollo del juicio como lo indica la Corte de Apelaciones en su fallo, que era trascendente aquello, de la prueba que se estaba incorporando, pero no se tom\u00f3 en cuenta que hab\u00edan varios elementos que no se tomaron en consideraci\u00f3n al momento de dictarse la sentencia y que no se entend\u00eda por parte de la Corte que no se lleg\u00f3 a cierta conclusi\u00f3n por parte del tribunal teniendo presente las pruebas que se hab\u00edan rendido en juicio oral.<br \/>\n<strong>&#8211; \u00bfQu\u00e9 dice exactamente el fallo de la Corte?<\/strong><br \/>\n<strong>&#8211;<\/strong> Se explica en detalle que es bastante claro que se anul\u00f3 el fallo por infringir unos principios de la l\u00f3gica en la dictaci\u00f3n de la sentencia, que se llama en el ejercicio de la valoraci\u00f3n de la pena que se llama la raz\u00f3n suficiente y de no contradicci\u00f3n, y lo explica el fallo de los errores que se cometieron respecto de ese desarrollo y de ese an\u00e1lisis y ese entorno a la valoraci\u00f3n de la prueba, por eso se determin\u00f3 que estos jueces est\u00e1n inhabilitados y ser\u00e1n otros jueces que en definitiva tendr\u00e1n que resolver en base a los fundamentos en un nuevo juicio oral. En el punto 4 se\u00f1ala que: \u00abporque lo que los jueces han hecho no es establecer un hecho mediante prueba, sino creer a uno u otro de los supuestos protagonistas de los sucesos; es decir, creer una versi\u00f3n contra otra, porque la entienden coherente, persistente y sin que aparezcan factores que puedan inducir a pensar de que se trate de una imputaci\u00f3n falaz o desviada respecto de la persona del autor\u00bb.<br \/>\n<strong>&#8211; \u00bfEl padre de la menor fue llamado como testigo?<\/strong><br \/>\n<strong>&#8211;<\/strong> Exactamente fue llamado como testigo y fue contrastado durante el juicio respecto sobre las mentiras que se dec\u00edan. Cuando esta causa se inici\u00f3 por una denuncia de la menor un d\u00eda martes y se\u00f1ala que el domingo la hab\u00edan violado. La llevaron a constatar sus lesiones al hospital, no se encuentran signos de violaci\u00f3n, ella se\u00f1ala que la ven\u00edan violando hace muchos a\u00f1os atr\u00e1s, cosa que nunca hab\u00eda se\u00f1alado originalmente. El pap\u00e1 de la menor cuando presenta la denuncia, hace menci\u00f3n a un hecho que cont\u00f3 la menor originalmente un domingo 9 de noviembre del 2014, respecto de ese hecho, se descartaron en todos los ex\u00e1menes que se practicaron a la menor. El Servicio M\u00e9dico Legal no detect\u00f3 ninguna lesi\u00f3n compatible a una violaci\u00f3n y eso se\u00f1ala en la Corte tambi\u00e9n, no hay ninguna lesi\u00f3n ni en el hospital ni en el Servicio M\u00e9dico Legal que d\u00e9 cuenta de alguna violaci\u00f3n.<br \/>\nPetit concluy\u00f3 esta entrevista resaltando la trascendencia en exponer a una persona como el autor de un delito en circunstancias que si estuvo o no en el desarrollo del juicio, \u00abeso es importante porque de acuerdo al desarrollo del juicio ciertamente fue sorpresivo para todos, funcionarios, gendarmer\u00eda y para la propia fiscal\u00eda los resultados condenatorios\u00bb.<br \/>\nEl pr\u00f3ximo 16 de febrero se tiene contemplada la ejecuci\u00f3n de juicio oral integrado por nuevos jueces que deber\u00e1n determinar si el imputado Tapia Delgado es culpable o inocente de los cargos que se imputan.<br \/>\n<strong>Pablo Salinas Sald\u00edas<\/strong><\/p>\n","protected":false},"excerpt":{"rendered":"<p>El profesional desmenuz\u00f3 fallo de la Corte de Apelaciones que anul\u00f3 sentencia condenatoria de 11 a\u00f1os de c\u00e1rcel en contra de Juan Tapia Delgado. Explica una relaci\u00f3n de errores que habr\u00eda cometido&#8230;<\/p>\n","protected":false},"author":482,"featured_media":65612,"comment_status":"open","ping_status":"open","sticky":false,"template":"","format":"standard","meta":{"advanced_seo_description":"","jetpack_seo_html_title":"","jetpack_seo_noindex":false,"_jetpack_memberships_contains_paid_content":false,"footnotes":""},"categories":[21],"tags":[],"class_list":["post-65611","post","type-post","status-publish","format-standard","has-post-thumbnail","hentry","category-policial"],"jetpack_featured_media_url":"https:\/\/i0.wp.com\/eltrabajo.cl\/portal\/wp-content\/uploads\/2016\/01\/ABOGADO-HECTOR-PETIT.jpg?fit=530%2C348&ssl=1","jetpack_sharing_enabled":true,"jetpack_likes_enabled":true,"jetpack-related-posts":[],"_links":{"self":[{"href":"https:\/\/eltrabajo.cl\/portal\/wp-json\/wp\/v2\/posts\/65611","targetHints":{"allow":["GET"]}}],"collection":[{"href":"https:\/\/eltrabajo.cl\/portal\/wp-json\/wp\/v2\/posts"}],"about":[{"href":"https:\/\/eltrabajo.cl\/portal\/wp-json\/wp\/v2\/types\/post"}],"author":[{"embeddable":true,"href":"https:\/\/eltrabajo.cl\/portal\/wp-json\/wp\/v2\/users\/482"}],"replies":[{"embeddable":true,"href":"https:\/\/eltrabajo.cl\/portal\/wp-json\/wp\/v2\/comments?post=65611"}],"version-history":[{"count":0,"href":"https:\/\/eltrabajo.cl\/portal\/wp-json\/wp\/v2\/posts\/65611\/revisions"}],"wp:featuredmedia":[{"embeddable":true,"href":"https:\/\/eltrabajo.cl\/portal\/wp-json\/wp\/v2\/media\/65612"}],"wp:attachment":[{"href":"https:\/\/eltrabajo.cl\/portal\/wp-json\/wp\/v2\/media?parent=65611"}],"wp:term":[{"taxonomy":"category","embeddable":true,"href":"https:\/\/eltrabajo.cl\/portal\/wp-json\/wp\/v2\/categories?post=65611"},{"taxonomy":"post_tag","embeddable":true,"href":"https:\/\/eltrabajo.cl\/portal\/wp-json\/wp\/v2\/tags?post=65611"}],"curies":[{"name":"wp","href":"https:\/\/api.w.org\/{rel}","templated":true}]}}