{"id":65614,"date":"2016-01-08T14:55:32","date_gmt":"2016-01-08T17:55:32","guid":{"rendered":"http:\/\/www.eltrabajo.cl\/portal\/?p=65614"},"modified":"2016-01-08T14:55:32","modified_gmt":"2016-01-08T17:55:32","slug":"testigo-del-asalto-a-bus-ahumada-fue-como-estar-viendo-una-pelicula-o-una-serie-donde-un-tipo-loco-mata-a-toda-la-gente-todo-el-mundo-gritaba-debajo-de-los-asientos","status":"publish","type":"post","link":"https:\/\/eltrabajo.cl\/portal\/testigo-del-asalto-a-bus-ahumada-fue-como-estar-viendo-una-pelicula-o-una-serie-donde-un-tipo-loco-mata-a-toda-la-gente-todo-el-mundo-gritaba-debajo-de-los-asientos\/","title":{"rendered":"Testigo del asalto a bus Ahumada: \u00a0\u201cFue como estar viendo una pel\u00edcula o una serie donde un tipo loco mata a toda la gente, todo el mundo gritaba debajo de los asientos\u201d"},"content":{"rendered":"<figure id=\"attachment_65615\" aria-describedby=\"caption-attachment-65615\" style=\"width: 300px\" class=\"wp-caption alignleft\"><img data-recalc-dims=\"1\" loading=\"lazy\" decoding=\"async\" class=\"wp-image-65615 size-medium\" src=\"https:\/\/i0.wp.com\/www.eltrabajo.cl\/portal\/wp-content\/uploads\/2016\/01\/FOTO-5-UNA-DE-LAS-VICTIMAS-DEL-ASALTO-QUE-SUFRIO-BUS-AHUMADA-ES-MASAJISTA-TERAPEUTA-Y-TIENE-51-ANOS-DE-EDAD-300x198.jpg?resize=300%2C198\" alt=\"Una de las v\u00edctimas del asalto que sufri\u00f3 bus Ahumada, es masajista, terapeuta y tiene 51 a\u00f1os de edad.\" width=\"300\" height=\"198\" srcset=\"https:\/\/i0.wp.com\/eltrabajo.cl\/portal\/wp-content\/uploads\/2016\/01\/FOTO-5-UNA-DE-LAS-VICTIMAS-DEL-ASALTO-QUE-SUFRIO-BUS-AHUMADA-ES-MASAJISTA-TERAPEUTA-Y-TIENE-51-ANOS-DE-EDAD.jpg?resize=300%2C198&amp;ssl=1 300w, https:\/\/i0.wp.com\/eltrabajo.cl\/portal\/wp-content\/uploads\/2016\/01\/FOTO-5-UNA-DE-LAS-VICTIMAS-DEL-ASALTO-QUE-SUFRIO-BUS-AHUMADA-ES-MASAJISTA-TERAPEUTA-Y-TIENE-51-ANOS-DE-EDAD.jpg?resize=200%2C132&amp;ssl=1 200w, https:\/\/i0.wp.com\/eltrabajo.cl\/portal\/wp-content\/uploads\/2016\/01\/FOTO-5-UNA-DE-LAS-VICTIMAS-DEL-ASALTO-QUE-SUFRIO-BUS-AHUMADA-ES-MASAJISTA-TERAPEUTA-Y-TIENE-51-ANOS-DE-EDAD.jpg?resize=227%2C150&amp;ssl=1 227w, https:\/\/i0.wp.com\/eltrabajo.cl\/portal\/wp-content\/uploads\/2016\/01\/FOTO-5-UNA-DE-LAS-VICTIMAS-DEL-ASALTO-QUE-SUFRIO-BUS-AHUMADA-ES-MASAJISTA-TERAPEUTA-Y-TIENE-51-ANOS-DE-EDAD.jpg?resize=400%2C264&amp;ssl=1 400w, https:\/\/i0.wp.com\/eltrabajo.cl\/portal\/wp-content\/uploads\/2016\/01\/FOTO-5-UNA-DE-LAS-VICTIMAS-DEL-ASALTO-QUE-SUFRIO-BUS-AHUMADA-ES-MASAJISTA-TERAPEUTA-Y-TIENE-51-ANOS-DE-EDAD.jpg?w=530&amp;ssl=1 530w\" sizes=\"auto, (max-width: 300px) 100vw, 300px\" \/><figcaption id=\"caption-attachment-65615\" class=\"wp-caption-text\">Una de las v\u00edctimas del asalto que sufri\u00f3 bus Ahumada, es masajista, terapeuta y tiene 51 a\u00f1os de edad.<\/figcaption><\/figure>\n<ul>\n<li><strong>V\u00edctima del atraco cuenta el momento en que los delincuentes detienen el transporte, lo abordan y la reacci\u00f3n de los pasajeros que vivieron una experiencia que no olvidar\u00e1n muy f\u00e1cilmente. Reprocha de paso a la empresa de transporte.<\/strong><\/li>\n<\/ul>\n<p>Las 21:40 horas del pasado mi\u00e9rcoles ser\u00e1 un instante que quedar\u00e1 marcado a fuego en los 42 pasajeros, el conductor y el auxiliar del bus Ahumada que, a poco m\u00e1s de 40 minutos de haber salido desde el Terminal Los H\u00e9roes con destino a San Felipe, fue interceptado por un grupo de delincuentes armados, quienes premunidos de escopetas, hirieron con perdigones al chofer e intimidaron a los ocupantes del transporte, rob\u00e1ndoles algunas de sus pertenencias.<br \/>\nMuchas de las personas que regresaban al Valle en ese bus, lo hac\u00edan luego de terminar una jornada laboral extenuante. Es el caso de una de las v\u00edctimas de este violento atraco, una mujer sanfelipe\u00f1a de 51 a\u00f1os, de iniciales M.L.G.M, masajista y terapeuta de Fibromialgia, quien habitualmente viaja a Santiago a entregar tranquilidad, relajo y liberaci\u00f3n a sus pacientes.<br \/>\nM.L.G.M vive en un sector bastante tranquilo en el sector Oriente de San Felipe. Su departamento inspira calma y serenidad, desde su terraza se aprecia un parque que llama a los suspiros y uno de sus espacios principales est\u00e1 habilitado con una mesa de masajes en la que muchos pacientes encuentran la tranquilidad y el relajo, que ella misma reconoce, haber perdido durante los instantes en que los delincuentes abordaron la m\u00e1quina de Ahumada.<br \/>\nLa testigo reconoce regresar desde Santiago generalmente cuando la noche ya ha ca\u00eddo. Religiosamente y casi como un rito, siempre se acomoda en el asiento 45 del bus y espera que la m\u00e1quina comience su trayecto hasta San Felipe.<br \/>\nEn esta oportunidad, cuando gran parte de los pasajeros dorm\u00eda, un frenazo brusco, la posterior aceleraci\u00f3n y finalmente la detenci\u00f3n definitiva del bus le indic\u00f3 a esta masajista sanfelipe\u00f1a y a sus acompa\u00f1antes que algo suced\u00eda y relat\u00f3 que \u00abyo en un principio pens\u00e9 que hab\u00edamos chocado a alguien, pero el muchacho que iba al lado m\u00edo, que despu\u00e9s me enter\u00e9 que era bombero, se dio cuenta de inmediato que pasaba algo grave, se par\u00f3 y sali\u00f3 corriendo hacia adelante para intentar ayudar al chofer\u00bb, apunt\u00f3.<br \/>\nY contin\u00faa contando que \u00aben eso, se subi\u00f3 uno de los asaltantes con una escopeta diciendo, \u2018entreguen todos los celulares, las carteras\u2019\u2026ah\u00ed reci\u00e9n dimension\u00e9 que era un asalto, mir\u00e9 por la ventana y vi a otro sujeto que desde abajo apuntaba con un arma al chofer, unas ni\u00f1as que estaban m\u00e1s adelante, muy asustadas llegaron a esconderse a mi lado, estaban hist\u00e9ricas y el resto de los pasajeros empez\u00f3 a esconder sus cosas y a meterse debajo de los asientos, fue terrible\u00bb, detall\u00f3.<br \/>\nM.L.G.M asegura que \u00abfueron momentos interminables, donde todo estaba oscuro, la gente estaba horrorizada, los tipos no deben haber sido muy experimentados eso s\u00ed, alcanzaron a llevarse s\u00f3lo algunas cosas de los pasajeros que iban en los primeros asientos, pero esta escena debe haber durado unos 20 minutos, no s\u00e9 en realidad cu\u00e1nto porque esto no se resolv\u00eda nunca, parec\u00eda que no iba a terminar y que en cualquier momento iban a comenzar a disparar, era como estar viendo una pel\u00edcula o una serie en la que un tipo loco sale y mata a la gente, no lo pod\u00eda creer\u00bb, expres\u00f3.<br \/>\nAlgunas versiones se\u00f1alan que los delincuentes habr\u00edan reservado el pasaje y avisado que abordar\u00edan el bus despu\u00e9s del peaje de Lampa, otros se\u00f1alan que los delincuentes se encontraban ah\u00ed esperando el momento y el lugar indicado para cometer el il\u00edcito<br \/>\nAnte cualquiera de las dos hip\u00f3tesis, esta v\u00edctima apunta los dardos hac\u00eda la empresa de buses, pues le resulta inaudito e inconcebible que el chofer se haya detenido a recoger un pasajero en un lugar que describe como una \u00abverdadera boca de lobo\u00bb.<br \/>\n\u00abEn ese camino no hab\u00eda luminosidad, estaba todo oscuro y los que \u00edbamos sentados atr\u00e1s logramos llamar a Carabineros, pero resulta que nadie nos cre\u00eda y nos costaba mucho reconocer en qu\u00e9 lugar est\u00e1bamos parados\u2026 a m\u00ed me da la impresi\u00f3n que el chofer par\u00f3 a recoger a estos pasajeros y cuando se dio cuenta que ven\u00edan m\u00e1s tipos armados, intent\u00f3 salir, pero no lo logr\u00f3 porque le rompieron la puerta y estos gallos le quitaron las llaves\u00bb, relat\u00f3.<br \/>\nAgregando que \u00abesto es una grave falta de Ahumada, sus due\u00f1os son los culpables de que estas cosas ocurran, yo dependo de estos buses porque no puedo elegir hasta qu\u00e9 hora voy a trabajar, pero a partir de ahora me genera una desconfianza atroz porque los choferes le paran a todo el mundo en cualquier lugar y lo hacen porque seguro son \u00f3rdenes que tienen que seguir. Pero por algo existen los paraderos y hay un recorrido, ojal\u00e1 esto les sirva de ejemplo, que tomen conciencia y medidas al respecto\u00bb, sostuvo.<br \/>\nJunto con esto, la profesional dice que Carabineros se demor\u00f3 cerca de una hora en llegar al lugar y que la respuesta de la Empresa fue tard\u00eda, pues demoraron casi 2 horas en llevar una m\u00e1quina para transportar a los pasajeros a sus respectivos destinos, lo que seg\u00fan dijo demuestra que no existe poder de reacci\u00f3n ante estas situaciones.<br \/>\nFinalmente asegura que es actualmente la sensaci\u00f3n de inseguridad la que trasciende a las ciudades y los delincuentes hacen de las suyas en las carreteras y es por eso que \u00abdebe servir de ejemplo para los choferes y toda la gente que los buses no deben parar en cualquier lado, menos si est\u00e1 completamente oscuro\u00bb, agregando a modo anecd\u00f3tico que despu\u00e9s de esto seguir\u00e1 eligiendo los \u00faltimos asientos para viajar.<\/p>\n","protected":false},"excerpt":{"rendered":"<p>V\u00edctima del atraco cuenta el momento en que los delincuentes detienen el transporte, lo abordan y la reacci\u00f3n de los pasajeros que vivieron una experiencia que no olvidar\u00e1n muy f\u00e1cilmente. Reprocha de&#8230;<\/p>\n","protected":false},"author":482,"featured_media":65615,"comment_status":"open","ping_status":"open","sticky":false,"template":"","format":"standard","meta":{"advanced_seo_description":"","jetpack_seo_html_title":"","jetpack_seo_noindex":false,"_jetpack_memberships_contains_paid_content":false,"footnotes":""},"categories":[15],"tags":[],"class_list":["post-65614","post","type-post","status-publish","format-standard","has-post-thumbnail","hentry","category-comunidad"],"jetpack_featured_media_url":"https:\/\/i0.wp.com\/eltrabajo.cl\/portal\/wp-content\/uploads\/2016\/01\/FOTO-5-UNA-DE-LAS-VICTIMAS-DEL-ASALTO-QUE-SUFRIO-BUS-AHUMADA-ES-MASAJISTA-TERAPEUTA-Y-TIENE-51-ANOS-DE-EDAD.jpg?fit=530%2C350&ssl=1","jetpack_sharing_enabled":true,"jetpack_likes_enabled":true,"jetpack-related-posts":[],"_links":{"self":[{"href":"https:\/\/eltrabajo.cl\/portal\/wp-json\/wp\/v2\/posts\/65614","targetHints":{"allow":["GET"]}}],"collection":[{"href":"https:\/\/eltrabajo.cl\/portal\/wp-json\/wp\/v2\/posts"}],"about":[{"href":"https:\/\/eltrabajo.cl\/portal\/wp-json\/wp\/v2\/types\/post"}],"author":[{"embeddable":true,"href":"https:\/\/eltrabajo.cl\/portal\/wp-json\/wp\/v2\/users\/482"}],"replies":[{"embeddable":true,"href":"https:\/\/eltrabajo.cl\/portal\/wp-json\/wp\/v2\/comments?post=65614"}],"version-history":[{"count":0,"href":"https:\/\/eltrabajo.cl\/portal\/wp-json\/wp\/v2\/posts\/65614\/revisions"}],"wp:featuredmedia":[{"embeddable":true,"href":"https:\/\/eltrabajo.cl\/portal\/wp-json\/wp\/v2\/media\/65615"}],"wp:attachment":[{"href":"https:\/\/eltrabajo.cl\/portal\/wp-json\/wp\/v2\/media?parent=65614"}],"wp:term":[{"taxonomy":"category","embeddable":true,"href":"https:\/\/eltrabajo.cl\/portal\/wp-json\/wp\/v2\/categories?post=65614"},{"taxonomy":"post_tag","embeddable":true,"href":"https:\/\/eltrabajo.cl\/portal\/wp-json\/wp\/v2\/tags?post=65614"}],"curies":[{"name":"wp","href":"https:\/\/api.w.org\/{rel}","templated":true}]}}