{"id":65620,"date":"2016-01-11T14:21:55","date_gmt":"2016-01-11T17:21:55","guid":{"rendered":"http:\/\/www.eltrabajo.cl\/portal\/?p=65620"},"modified":"2016-01-11T14:21:55","modified_gmt":"2016-01-11T17:21:55","slug":"confirman-a-chico-trujillo-y-los-tres-para-carnaval-de-la-chaya-de-putaendo","status":"publish","type":"post","link":"https:\/\/eltrabajo.cl\/portal\/confirman-a-chico-trujillo-y-los-tres-para-carnaval-de-la-chaya-de-putaendo\/","title":{"rendered":"Confirman a Chico Trujillo y Los Tres para Carnaval de la Chaya de Putaendo"},"content":{"rendered":"<figure id=\"attachment_65621\" aria-describedby=\"caption-attachment-65621\" style=\"width: 300px\" class=\"wp-caption alignleft\"><img data-recalc-dims=\"1\" loading=\"lazy\" decoding=\"async\" class=\"wp-image-65621 size-medium\" src=\"https:\/\/i0.wp.com\/www.eltrabajo.cl\/portal\/wp-content\/uploads\/2016\/01\/Foto-Alcalde-Reyes-Francisco-Correa-y-Susana-Silva-300x198.jpg?resize=300%2C198\" alt=\"El alcalde Reyes junto a los animadores de la Chaya 2016: Susana Silva y Francisco Correa.\" width=\"300\" height=\"198\" srcset=\"https:\/\/i0.wp.com\/eltrabajo.cl\/portal\/wp-content\/uploads\/2016\/01\/Foto-Alcalde-Reyes-Francisco-Correa-y-Susana-Silva.jpg?resize=300%2C198&amp;ssl=1 300w, https:\/\/i0.wp.com\/eltrabajo.cl\/portal\/wp-content\/uploads\/2016\/01\/Foto-Alcalde-Reyes-Francisco-Correa-y-Susana-Silva.jpg?resize=200%2C132&amp;ssl=1 200w, https:\/\/i0.wp.com\/eltrabajo.cl\/portal\/wp-content\/uploads\/2016\/01\/Foto-Alcalde-Reyes-Francisco-Correa-y-Susana-Silva.jpg?resize=227%2C150&amp;ssl=1 227w, https:\/\/i0.wp.com\/eltrabajo.cl\/portal\/wp-content\/uploads\/2016\/01\/Foto-Alcalde-Reyes-Francisco-Correa-y-Susana-Silva.jpg?resize=400%2C264&amp;ssl=1 400w, https:\/\/i0.wp.com\/eltrabajo.cl\/portal\/wp-content\/uploads\/2016\/01\/Foto-Alcalde-Reyes-Francisco-Correa-y-Susana-Silva.jpg?w=530&amp;ssl=1 530w\" sizes=\"auto, (max-width: 300px) 100vw, 300px\" \/><figcaption id=\"caption-attachment-65621\" class=\"wp-caption-text\">El alcalde Reyes junto a los animadores de la Chaya 2016: Susana Silva y Francisco Correa.<\/figcaption><\/figure>\n<ul>\n<li><strong>El evento se efectuar\u00e1 desde el 12 al 20 de febrero y tendr\u00e1 como animadores a la conocida dupla putaendina de Susana Silva y Francisco Correa.<\/strong><\/li>\n<\/ul>\n<p><strong>PUTAENDO.<\/strong>&#8211; Anunciando un espect\u00e1culo de primer nivel, el alcalde Guillermo Reyes entreg\u00f3 las primeras informaciones oficiales sobre el Carnaval de la Chaya Putaendo 2016. De esta forma, la autoridad comunal confirm\u00f3 la presencia de dos agrupaciones nacionales de primer nivel: La calidad musical de \u2018Los Tres\u2019 y la afamada cumbia chilena de \u2018Chico Trujillo\u2019.<br \/>\nEl edil manifest\u00f3 que se est\u00e1n redoblando los esfuerzos del municipio para entregar un show de gran calidad. En este sentido, desde el 12 al 20 de febrero, se piensa en shows que est\u00e9n a la altura de las expectativas de la poblaci\u00f3n de todo el Valle de Aconcagua, quienes han calificado a la Chaya de Putaendo, como una de las mejores de la regi\u00f3n, no solo por los artistas que convoca, sino por el buen ambiente y la cercan\u00eda del p\u00fablico con el escenario.<\/p>\n<figure id=\"attachment_65622\" aria-describedby=\"caption-attachment-65622\" style=\"width: 300px\" class=\"wp-caption alignright\"><img data-recalc-dims=\"1\" loading=\"lazy\" decoding=\"async\" class=\"wp-image-65622 size-medium\" src=\"https:\/\/i0.wp.com\/www.eltrabajo.cl\/portal\/wp-content\/uploads\/2016\/01\/Los-Tres-300x198.jpg?resize=300%2C198\" alt=\"El grupo nacional Los Tres ser\u00e1 una de las agrupaciones de reconocimiento internacional que se presentar\u00e1 en la Chaya de Putaendo.\" width=\"300\" height=\"198\" srcset=\"https:\/\/i0.wp.com\/eltrabajo.cl\/portal\/wp-content\/uploads\/2016\/01\/Los-Tres.jpg?resize=300%2C198&amp;ssl=1 300w, https:\/\/i0.wp.com\/eltrabajo.cl\/portal\/wp-content\/uploads\/2016\/01\/Los-Tres.jpg?resize=200%2C132&amp;ssl=1 200w, https:\/\/i0.wp.com\/eltrabajo.cl\/portal\/wp-content\/uploads\/2016\/01\/Los-Tres.jpg?resize=228%2C150&amp;ssl=1 228w, https:\/\/i0.wp.com\/eltrabajo.cl\/portal\/wp-content\/uploads\/2016\/01\/Los-Tres.jpg?resize=400%2C263&amp;ssl=1 400w, https:\/\/i0.wp.com\/eltrabajo.cl\/portal\/wp-content\/uploads\/2016\/01\/Los-Tres.jpg?w=530&amp;ssl=1 530w\" sizes=\"auto, (max-width: 300px) 100vw, 300px\" \/><figcaption id=\"caption-attachment-65622\" class=\"wp-caption-text\">El grupo nacional Los Tres ser\u00e1 una de las agrupaciones de reconocimiento internacional que se presentar\u00e1 en la Chaya de Putaendo.<\/figcaption><\/figure>\n<p>\u201cEstamos trabajando intensamente para cumplir todos los objetivos. Sabemos que somos el espect\u00e1culo m\u00e1s largo de la zona y uno de los m\u00e1s importantes de la regi\u00f3n. La gente se estaba preguntando mucho sobre quienes traer\u00edamos y queremos contarles que por primera vez tendremos en Putaendo toda la fiesta que trae Chico Trujillo, banda muy demandada por todos. Tambi\u00e9n ya podemos decir que traeremos a uno de los conjuntos que ha marcado la historia del pa\u00eds en las \u00faltimas d\u00e9cadas. Nos referimos a Los Tres. Son dos n\u00famero de peso indiscutido y nos estamos esforzando por dar un gran espect\u00e1culo\u201d, afirm\u00f3 el alcalde Guillermo Reyes.<br \/>\nEl edil tambi\u00e9n quiso entregar una sorpresa para todos los putaendinos: Este a\u00f1o y, por primera vez en esta administraci\u00f3n, se innovar\u00e1 en una pareja de animadores. Queridos por todos en Putaendo y con reconocida trayectoria local, Susana Silva y Francisco Correa ser\u00e1n los encargados de conducir este tradicional evento veraniego del Valle de Aconcagua.<br \/>\n\u201cEllos tienen todo el cari\u00f1o del p\u00fablico de Putaendo y es un honor para nosotros contar con su presencia. Es un carnaval que se piensa en grande, pero nunca olvidamos a nuestra gente. Tambi\u00e9n habr\u00e1 mucha presencia de m\u00fasica local que se ha preparado por meses en coaching municipales para participar en nuestra Chaya\u201d, destac\u00f3 el edil.<br \/>\nEl alcalde conf\u00eda que este evento contar\u00e1 como cada a\u00f1o con la excelente labor de Carabineros en temas de seguridad y fiscalizaci\u00f3n. \u201cEstamos todos involucrados, queremos una fiesta linda y en paz, sin peligros para nadie. El comercio establecido sabe los problemas que acarrea la espuma y confiamos en que nos apoyar\u00e1n limitando su venta. Esperamos que todos act\u00faen con responsabilidad, por el bien de los miles de asistentes y turistas que llegar\u00e1n a Putaendo en el mes febrero\u201d, concluy\u00f3 Reyes.<\/p>\n","protected":false},"excerpt":{"rendered":"<p>El evento se efectuar\u00e1 desde el 12 al 20 de febrero y tendr\u00e1 como animadores a la conocida dupla putaendina de Susana Silva y Francisco Correa. PUTAENDO.&#8211; Anunciando un espect\u00e1culo de primer&#8230;<\/p>\n","protected":false},"author":482,"featured_media":65621,"comment_status":"open","ping_status":"open","sticky":false,"template":"","format":"standard","meta":{"advanced_seo_description":"","jetpack_seo_html_title":"","jetpack_seo_noindex":false,"_jetpack_memberships_contains_paid_content":false,"footnotes":""},"categories":[1],"tags":[],"class_list":["post-65620","post","type-post","status-publish","format-standard","has-post-thumbnail","hentry","category-cronica"],"jetpack_featured_media_url":"https:\/\/i0.wp.com\/eltrabajo.cl\/portal\/wp-content\/uploads\/2016\/01\/Foto-Alcalde-Reyes-Francisco-Correa-y-Susana-Silva.jpg?fit=530%2C350&ssl=1","jetpack_sharing_enabled":true,"jetpack_likes_enabled":true,"jetpack-related-posts":[],"_links":{"self":[{"href":"https:\/\/eltrabajo.cl\/portal\/wp-json\/wp\/v2\/posts\/65620","targetHints":{"allow":["GET"]}}],"collection":[{"href":"https:\/\/eltrabajo.cl\/portal\/wp-json\/wp\/v2\/posts"}],"about":[{"href":"https:\/\/eltrabajo.cl\/portal\/wp-json\/wp\/v2\/types\/post"}],"author":[{"embeddable":true,"href":"https:\/\/eltrabajo.cl\/portal\/wp-json\/wp\/v2\/users\/482"}],"replies":[{"embeddable":true,"href":"https:\/\/eltrabajo.cl\/portal\/wp-json\/wp\/v2\/comments?post=65620"}],"version-history":[{"count":0,"href":"https:\/\/eltrabajo.cl\/portal\/wp-json\/wp\/v2\/posts\/65620\/revisions"}],"wp:featuredmedia":[{"embeddable":true,"href":"https:\/\/eltrabajo.cl\/portal\/wp-json\/wp\/v2\/media\/65621"}],"wp:attachment":[{"href":"https:\/\/eltrabajo.cl\/portal\/wp-json\/wp\/v2\/media?parent=65620"}],"wp:term":[{"taxonomy":"category","embeddable":true,"href":"https:\/\/eltrabajo.cl\/portal\/wp-json\/wp\/v2\/categories?post=65620"},{"taxonomy":"post_tag","embeddable":true,"href":"https:\/\/eltrabajo.cl\/portal\/wp-json\/wp\/v2\/tags?post=65620"}],"curies":[{"name":"wp","href":"https:\/\/api.w.org\/{rel}","templated":true}]}}