{"id":65624,"date":"2016-01-11T14:23:32","date_gmt":"2016-01-11T17:23:32","guid":{"rendered":"http:\/\/www.eltrabajo.cl\/portal\/?p=65624"},"modified":"2016-01-11T14:23:32","modified_gmt":"2016-01-11T17:23:32","slug":"destacan-a-municipio-de-san-esteban-por-realizar-actividades-saludables","status":"publish","type":"post","link":"https:\/\/eltrabajo.cl\/portal\/destacan-a-municipio-de-san-esteban-por-realizar-actividades-saludables\/","title":{"rendered":"Destacan a Municipio de San Esteban por realizar actividades saludables"},"content":{"rendered":"<figure id=\"attachment_65625\" aria-describedby=\"caption-attachment-65625\" style=\"width: 300px\" class=\"wp-caption alignleft\"><img data-recalc-dims=\"1\" loading=\"lazy\" decoding=\"async\" class=\"wp-image-65625 size-medium\" src=\"https:\/\/i0.wp.com\/www.eltrabajo.cl\/portal\/wp-content\/uploads\/2016\/01\/Cicletada-municipio-San-Esteban-2-300x197.jpg?resize=300%2C197\" alt=\"Autoridades del Servicio de Salud destacaron las novedosas iniciativas impulsadas por el municipio de San Esteban que buscan mejorar la salud f\u00edsica y establecer v\u00ednculos entre los vecinos de la comuna.\" width=\"300\" height=\"197\" srcset=\"https:\/\/i0.wp.com\/eltrabajo.cl\/portal\/wp-content\/uploads\/2016\/01\/Cicletada-municipio-San-Esteban-2.jpg?resize=300%2C197&amp;ssl=1 300w, https:\/\/i0.wp.com\/eltrabajo.cl\/portal\/wp-content\/uploads\/2016\/01\/Cicletada-municipio-San-Esteban-2.jpg?resize=200%2C131&amp;ssl=1 200w, https:\/\/i0.wp.com\/eltrabajo.cl\/portal\/wp-content\/uploads\/2016\/01\/Cicletada-municipio-San-Esteban-2.jpg?resize=228%2C150&amp;ssl=1 228w, https:\/\/i0.wp.com\/eltrabajo.cl\/portal\/wp-content\/uploads\/2016\/01\/Cicletada-municipio-San-Esteban-2.jpg?resize=400%2C263&amp;ssl=1 400w, https:\/\/i0.wp.com\/eltrabajo.cl\/portal\/wp-content\/uploads\/2016\/01\/Cicletada-municipio-San-Esteban-2.jpg?w=530&amp;ssl=1 530w\" sizes=\"auto, (max-width: 300px) 100vw, 300px\" \/><figcaption id=\"caption-attachment-65625\" class=\"wp-caption-text\">Autoridades del Servicio de Salud destacaron las novedosas iniciativas impulsadas por el municipio de San Esteban que buscan mejorar la salud f\u00edsica y establecer v\u00ednculos entre los vecinos de la comuna.<\/figcaption><\/figure>\n<ul>\n<li><strong>Junto a vecinos, al alcalde Ren\u00e9 Mardones y a la Jefa del Departamento de Salud Municipal, la Dra. Vilma Olave conoci\u00f3 innovadora iniciativa que promueve cicletadas veraniegas y conversaciones grupales<\/strong>.<\/li>\n<\/ul>\n<p><strong>SAN ESTEBAN.<\/strong>&#8211; La Directora del Servicio de Salud Aconcagua, Dra. Vilma Olave, destac\u00f3 novedosas iniciativas impulsadas por el municipio de San Esteban que tienen por finalidad promover actividades f\u00edsicas saludables y favorecer el desarrollo de un v\u00ednculo social de amistad y de solidaridad grupal.<br \/>\nDirigidos por kinesi\u00f3logos, preparadores f\u00edsicos y profesionales del \u00e1rea de salud mental, sus beneficiarios realizan cicletadas en distintas localidades de la comuna, en cuyos tiempos de descanso surgen conversaciones espont\u00e1neas que fortalecen la inclusi\u00f3n de ni\u00f1os, j\u00f3venes y adultos.<br \/>\n\u201cEl alcalde Ren\u00e9 Mardones entiende lo que es una comuna saludable e inclusiva. Iniciativas como esta son las que deben realizarse en todas las localidades de nuestra zona y el pa\u00eds. No s\u00f3lo se est\u00e1 realizando una actividad f\u00edsica, sino tambi\u00e9n, se fomenta el inter\u00e9s por la otra persona, por mi entorno, por mi comunidad.\u201d<br \/>\n\u201cMis felicitaciones al alcalde San Esteban, a todo el equipo de salud municipal y a las personas que est\u00e1n compartiendo y disfrutando de esta valiosa iniciativa. Una actividad que ha sido capaz de integrar ni\u00f1os, ni\u00f1as, j\u00f3venes y personas adultas, quienes expresan su alegr\u00eda cuando comentan las experiencias y vivencias que han tenido durante estos d\u00edas y las que quieren seguir disfrutando\u201d, se\u00f1al\u00f3 la Directora del Servicio de Salud Aconcagua, Dra. Vilma Olave Garrido.<br \/>\nFinalmente, el alcalde de San Esteban Ren\u00e9 Mardones se\u00f1al\u00f3 que \u201cseguiremos impulsando y fomentado acciones que promuevan la amistad, la solidaridad e integraci\u00f3n de nuestra gente. Nos interesa generar h\u00e1bitos saludables, por eso entregamos bicicletas a vecinos de distintas localidades para compartir, pero, principalmente, para conocernos en una dimensi\u00f3n m\u00e1s humana, m\u00e1s \u00edntegra.\u201d<\/p>\n","protected":false},"excerpt":{"rendered":"<p>Junto a vecinos, al alcalde Ren\u00e9 Mardones y a la Jefa del Departamento de Salud Municipal, la Dra. Vilma Olave conoci\u00f3 innovadora iniciativa que promueve cicletadas veraniegas y conversaciones grupales. SAN ESTEBAN.&#8211;&#8230;<\/p>\n","protected":false},"author":482,"featured_media":65625,"comment_status":"open","ping_status":"open","sticky":false,"template":"","format":"standard","meta":{"advanced_seo_description":"","jetpack_seo_html_title":"","jetpack_seo_noindex":false,"_jetpack_memberships_contains_paid_content":false,"footnotes":""},"categories":[1],"tags":[],"class_list":["post-65624","post","type-post","status-publish","format-standard","has-post-thumbnail","hentry","category-cronica"],"jetpack_featured_media_url":"https:\/\/i0.wp.com\/eltrabajo.cl\/portal\/wp-content\/uploads\/2016\/01\/Cicletada-municipio-San-Esteban-2.jpg?fit=530%2C348&ssl=1","jetpack_sharing_enabled":true,"jetpack_likes_enabled":true,"jetpack-related-posts":[],"_links":{"self":[{"href":"https:\/\/eltrabajo.cl\/portal\/wp-json\/wp\/v2\/posts\/65624","targetHints":{"allow":["GET"]}}],"collection":[{"href":"https:\/\/eltrabajo.cl\/portal\/wp-json\/wp\/v2\/posts"}],"about":[{"href":"https:\/\/eltrabajo.cl\/portal\/wp-json\/wp\/v2\/types\/post"}],"author":[{"embeddable":true,"href":"https:\/\/eltrabajo.cl\/portal\/wp-json\/wp\/v2\/users\/482"}],"replies":[{"embeddable":true,"href":"https:\/\/eltrabajo.cl\/portal\/wp-json\/wp\/v2\/comments?post=65624"}],"version-history":[{"count":0,"href":"https:\/\/eltrabajo.cl\/portal\/wp-json\/wp\/v2\/posts\/65624\/revisions"}],"wp:featuredmedia":[{"embeddable":true,"href":"https:\/\/eltrabajo.cl\/portal\/wp-json\/wp\/v2\/media\/65625"}],"wp:attachment":[{"href":"https:\/\/eltrabajo.cl\/portal\/wp-json\/wp\/v2\/media?parent=65624"}],"wp:term":[{"taxonomy":"category","embeddable":true,"href":"https:\/\/eltrabajo.cl\/portal\/wp-json\/wp\/v2\/categories?post=65624"},{"taxonomy":"post_tag","embeddable":true,"href":"https:\/\/eltrabajo.cl\/portal\/wp-json\/wp\/v2\/tags?post=65624"}],"curies":[{"name":"wp","href":"https:\/\/api.w.org\/{rel}","templated":true}]}}