{"id":65627,"date":"2016-01-11T14:26:20","date_gmt":"2016-01-11T17:26:20","guid":{"rendered":"http:\/\/www.eltrabajo.cl\/portal\/?p=65627"},"modified":"2016-01-11T14:26:20","modified_gmt":"2016-01-11T17:26:20","slug":"programa-municipal-teatro-en-mi-barrio-beneficia-a-diversos-sectores-de-san-felipe","status":"publish","type":"post","link":"https:\/\/eltrabajo.cl\/portal\/programa-municipal-teatro-en-mi-barrio-beneficia-a-diversos-sectores-de-san-felipe\/","title":{"rendered":"Programa municipal \u2018Teatro en mi Barrio\u2019 beneficia a diversos sectores de San Felipe"},"content":{"rendered":"<figure id=\"attachment_65628\" aria-describedby=\"caption-attachment-65628\" style=\"width: 300px\" class=\"wp-caption alignleft\"><img data-recalc-dims=\"1\" loading=\"lazy\" decoding=\"async\" class=\"wp-image-65628 size-medium\" src=\"https:\/\/i0.wp.com\/www.eltrabajo.cl\/portal\/wp-content\/uploads\/2016\/01\/Programa-teatro-en-mi-barriol-2-300x198.jpg?resize=300%2C198\" alt=\"La obra busca que tanto ni\u00f1os como adultos reflexionen temas como la tolerancia, la inclusi\u00f3n y la necesidad de favorecer ambientes m\u00e1s respetuosos.\" width=\"300\" height=\"198\" srcset=\"https:\/\/i0.wp.com\/eltrabajo.cl\/portal\/wp-content\/uploads\/2016\/01\/Programa-teatro-en-mi-barriol-2.jpg?resize=300%2C198&amp;ssl=1 300w, https:\/\/i0.wp.com\/eltrabajo.cl\/portal\/wp-content\/uploads\/2016\/01\/Programa-teatro-en-mi-barriol-2.jpg?resize=200%2C132&amp;ssl=1 200w, https:\/\/i0.wp.com\/eltrabajo.cl\/portal\/wp-content\/uploads\/2016\/01\/Programa-teatro-en-mi-barriol-2.jpg?resize=227%2C150&amp;ssl=1 227w, https:\/\/i0.wp.com\/eltrabajo.cl\/portal\/wp-content\/uploads\/2016\/01\/Programa-teatro-en-mi-barriol-2.jpg?resize=400%2C264&amp;ssl=1 400w, https:\/\/i0.wp.com\/eltrabajo.cl\/portal\/wp-content\/uploads\/2016\/01\/Programa-teatro-en-mi-barriol-2.jpg?w=530&amp;ssl=1 530w\" sizes=\"auto, (max-width: 300px) 100vw, 300px\" \/><figcaption id=\"caption-attachment-65628\" class=\"wp-caption-text\">La obra busca que tanto ni\u00f1os como adultos reflexionen temas como la tolerancia, la inclusi\u00f3n y la necesidad de favorecer ambientes m\u00e1s respetuosos.<\/figcaption><\/figure>\n<ul>\n<li><strong>Gracias a los fondos del Gobierno Regional, la corporaci\u00f3n edilicia ejecuta proyecto que permite llevar obras teatrales a distintos sectores poblaciones rurales y urbanos.<\/strong><\/li>\n<\/ul>\n<p>El calor no ha sido impedimento para que vecinos de todas las edades asistan y disfruten de la iniciativa de la municipalidad de San Felipe, denominada \u2018Teatro en mi barrio\u2019, por medio de la cual se han ofrecido obras que permiten reforzar conceptos tales como respeto, tolerancia, empat\u00eda e inclusi\u00f3n.<br \/>\nFinanciado con recursos del 2% de Cultura del Fondo Nacional de Desarrollo Regional, el proyecto es ejecutado por el Departamento de Cultura de la corporaci\u00f3n edilicia, registrando una favorable acogida de los vecinos y vecinas, quienes han expresado su agradecimiento a esta iniciativa municipal.<br \/>\nDesde la semana pasada se est\u00e1n realizando presentaciones, favoreciendo a vecinos de sectores como El Se\u00f1orial, 250 A\u00f1os, Juan Pablo II, Punta del Olivo, Bernardo Cruz, entre otros.<br \/>\n\u2018Lord Byron y las Malulas de Bullying\u2019 es la obra que se ha presentado en estos sectores, a cargo de la Compa\u00f1\u00eda de Teatro La Palmera, haciendo re\u00edr a los asistentes, pero tambi\u00e9n reflexionar acerca de la necesidad de favorecer ambientes m\u00e1s respetuosos.<br \/>\nSeg\u00fan la presidenta de la Junta de Vecinos de la Villa El Se\u00f1orial, Erika \u00c1lvarez, \u201cestamos muy agradecidos de estas actividades, porque nos damos cuenta que existe una preocupaci\u00f3n del municipio por los vecinos y porque nos traen al sector la cultura, que es s\u00faper importante. Pensamos que debido al calor vendr\u00eda poca gente, pero nos equivocamos, porque asistieron muchos vecinos\u201d.<br \/>\nEn este mismo sentido, el alcalde Patricio Freire manifest\u00f3 que una de sus principales preocupaciones en materia de cultura, ha sido lograr su descentralizaci\u00f3n, comprendiendo que es necesario llevarla a todos los rincones de la comuna; as\u00ed como diversificar la oferta, respondiendo as\u00ed a los intereses y gustos de todas y todos.<br \/>\n\u201cCreo que hemos avanzado mucho en ese aspecto. Esta iniciativa de teatro en los barrios es muy bien recibida, las comunidades lo valoran y lo valoran m\u00e1s en esta \u00e9poca de verano, en que los ni\u00f1os est\u00e1n de vacaciones y los panoramas de pronto son caros. Ac\u00e1 llegamos nosotros con actividades que son gratuitas, abiertas y donde adem\u00e1s traemos obras que tienen mensajes y ense\u00f1anzas que les dan un valor agregado a estas presentaciones\u201d, manifest\u00f3 el alcalde Freire.<br \/>\nEl ciclo de \u2018Teatro en mi Barrio\u2019 se prolongar\u00e1 hasta el pr\u00f3ximo 17 de enero, con presentaciones en distintos puntos de la comuna, destacando en este sentido el Departamento de Cultura que dirige Ricardo Ruiz Herrera, el respaldo de los dirigentes vecinales que han colaborado en la difusi\u00f3n de esta iniciativa, a fin de lograr la mayor convocatoria de p\u00fablico.<\/p>\n<div class=\"tiled-gallery type-rectangular tiled-gallery-unresized\" data-original-width=\"640\" data-carousel-extra='null' itemscope itemtype=\"http:\/\/schema.org\/ImageGallery\" > <div class=\"gallery-row\" style=\"width: 640px; height: 212px;\" data-original-width=\"640\" data-original-height=\"212\" > <div class=\"gallery-group images-1\" style=\"width: 320px; height: 212px;\" data-original-width=\"320\" data-original-height=\"212\" > <div class=\"tiled-gallery-item tiled-gallery-item-large\" itemprop=\"associatedMedia\" itemscope itemtype=\"http:\/\/schema.org\/ImageObject\"> <a href=\"https:\/\/eltrabajo.cl\/portal\/programa-municipal-teatro-en-mi-barrio-beneficia-a-diversos-sectores-de-san-felipe\/programa-teatro-en-mi-barrio-3\/\" border=\"0\" itemprop=\"url\"> <meta itemprop=\"width\" content=\"316\"> <meta itemprop=\"height\" content=\"208\"> <img decoding=\"async\" class=\"\" data-attachment-id=\"65630\" data-orig-file=\"https:\/\/eltrabajo.cl\/portal\/wp-content\/uploads\/2016\/01\/Programa-teatro-en-mi-barrio-3.jpg\" data-orig-size=\"530,349\" data-comments-opened=\"1\" data-image-meta=\"{&quot;aperture&quot;:&quot;0&quot;,&quot;credit&quot;:&quot;&quot;,&quot;camera&quot;:&quot;&quot;,&quot;caption&quot;:&quot;&quot;,&quot;created_timestamp&quot;:&quot;0&quot;,&quot;copyright&quot;:&quot;&quot;,&quot;focal_length&quot;:&quot;0&quot;,&quot;iso&quot;:&quot;0&quot;,&quot;shutter_speed&quot;:&quot;0&quot;,&quot;title&quot;:&quot;&quot;,&quot;orientation&quot;:&quot;0&quot;}\" data-image-title=\"Programa teatro en mi barrio (3)\" data-image-description=\"&lt;p&gt;La Compa\u00f1\u00eda de Teatro La Palmera se estar\u00e1 presentando en Punta del Olivo, Bernardo Cruz, entre otros.&lt;\/p&gt; \" data-medium-file=\"https:\/\/i0.wp.com\/eltrabajo.cl\/portal\/wp-content\/uploads\/2016\/01\/Programa-teatro-en-mi-barrio-3.jpg?fit=300%2C198&#038;ssl=1\" data-large-file=\"https:\/\/i0.wp.com\/eltrabajo.cl\/portal\/wp-content\/uploads\/2016\/01\/Programa-teatro-en-mi-barrio-3.jpg?fit=530%2C349&#038;ssl=1\" src=\"https:\/\/i0.wp.com\/eltrabajo.cl\/portal\/wp-content\/uploads\/2016\/01\/Programa-teatro-en-mi-barrio-3.jpg?w=316&#038;h=208&#038;ssl=1\" srcset=\"https:\/\/i0.wp.com\/eltrabajo.cl\/portal\/wp-content\/uploads\/2016\/01\/Programa-teatro-en-mi-barrio-3.jpg?w=530&amp;ssl=1 530w, https:\/\/i0.wp.com\/eltrabajo.cl\/portal\/wp-content\/uploads\/2016\/01\/Programa-teatro-en-mi-barrio-3.jpg?resize=200%2C132&amp;ssl=1 200w, https:\/\/i0.wp.com\/eltrabajo.cl\/portal\/wp-content\/uploads\/2016\/01\/Programa-teatro-en-mi-barrio-3.jpg?resize=300%2C198&amp;ssl=1 300w, https:\/\/i0.wp.com\/eltrabajo.cl\/portal\/wp-content\/uploads\/2016\/01\/Programa-teatro-en-mi-barrio-3.jpg?resize=228%2C150&amp;ssl=1 228w, https:\/\/i0.wp.com\/eltrabajo.cl\/portal\/wp-content\/uploads\/2016\/01\/Programa-teatro-en-mi-barrio-3.jpg?resize=400%2C263&amp;ssl=1 400w\" width=\"316\" height=\"208\" loading=\"lazy\" data-original-width=\"316\" data-original-height=\"208\" itemprop=\"http:\/\/schema.org\/image\" title=\"Programa teatro en mi barrio (3)\" alt=\"La Compa\u00f1\u00eda de Teatro La Palmera se estar\u00e1 presentando en Punta del Olivo, Bernardo Cruz, entre otros.\" style=\"width: 316px; height: 208px;\" \/> <\/a> <div class=\"tiled-gallery-caption\" itemprop=\"caption description\"> La Compa\u00f1\u00eda de Teatro La Palmera se estar\u00e1 presentando en Punta del Olivo, Bernardo Cruz, entre otros. <\/div> <\/div> <\/div> <!-- close group --> <div class=\"gallery-group images-1\" style=\"width: 320px; height: 212px;\" data-original-width=\"320\" data-original-height=\"212\" > <div class=\"tiled-gallery-item tiled-gallery-item-large\" itemprop=\"associatedMedia\" itemscope itemtype=\"http:\/\/schema.org\/ImageObject\"> <a href=\"https:\/\/eltrabajo.cl\/portal\/programa-municipal-teatro-en-mi-barrio-beneficia-a-diversos-sectores-de-san-felipe\/programa-teatro-en-mi-barrio-1\/\" border=\"0\" itemprop=\"url\"> <meta itemprop=\"width\" content=\"316\"> <meta itemprop=\"height\" content=\"208\"> <img decoding=\"async\" class=\"\" data-attachment-id=\"65629\" data-orig-file=\"https:\/\/eltrabajo.cl\/portal\/wp-content\/uploads\/2016\/01\/Programa-teatro-en-mi-barrio-1.jpg\" data-orig-size=\"530,350\" data-comments-opened=\"1\" data-image-meta=\"{&quot;aperture&quot;:&quot;0&quot;,&quot;credit&quot;:&quot;&quot;,&quot;camera&quot;:&quot;&quot;,&quot;caption&quot;:&quot;&quot;,&quot;created_timestamp&quot;:&quot;0&quot;,&quot;copyright&quot;:&quot;&quot;,&quot;focal_length&quot;:&quot;0&quot;,&quot;iso&quot;:&quot;0&quot;,&quot;shutter_speed&quot;:&quot;0&quot;,&quot;title&quot;:&quot;&quot;,&quot;orientation&quot;:&quot;0&quot;}\" data-image-title=\"Programa teatro en mi barrio (1)\" data-image-description=\"&lt;p&gt;Si importar el calor, vecinos y ni\u00f1os presenciaron la obra \u2018Lord Byron y las Malulas de Bullying\u2019.&lt;\/p&gt; \" data-medium-file=\"https:\/\/i0.wp.com\/eltrabajo.cl\/portal\/wp-content\/uploads\/2016\/01\/Programa-teatro-en-mi-barrio-1.jpg?fit=300%2C198&#038;ssl=1\" data-large-file=\"https:\/\/i0.wp.com\/eltrabajo.cl\/portal\/wp-content\/uploads\/2016\/01\/Programa-teatro-en-mi-barrio-1.jpg?fit=530%2C350&#038;ssl=1\" src=\"https:\/\/i0.wp.com\/eltrabajo.cl\/portal\/wp-content\/uploads\/2016\/01\/Programa-teatro-en-mi-barrio-1.jpg?w=316&#038;h=208&#038;ssl=1\" srcset=\"https:\/\/i0.wp.com\/eltrabajo.cl\/portal\/wp-content\/uploads\/2016\/01\/Programa-teatro-en-mi-barrio-1.jpg?w=530&amp;ssl=1 530w, https:\/\/i0.wp.com\/eltrabajo.cl\/portal\/wp-content\/uploads\/2016\/01\/Programa-teatro-en-mi-barrio-1.jpg?resize=200%2C132&amp;ssl=1 200w, https:\/\/i0.wp.com\/eltrabajo.cl\/portal\/wp-content\/uploads\/2016\/01\/Programa-teatro-en-mi-barrio-1.jpg?resize=300%2C198&amp;ssl=1 300w, https:\/\/i0.wp.com\/eltrabajo.cl\/portal\/wp-content\/uploads\/2016\/01\/Programa-teatro-en-mi-barrio-1.jpg?resize=227%2C150&amp;ssl=1 227w, https:\/\/i0.wp.com\/eltrabajo.cl\/portal\/wp-content\/uploads\/2016\/01\/Programa-teatro-en-mi-barrio-1.jpg?resize=400%2C264&amp;ssl=1 400w\" width=\"316\" height=\"208\" loading=\"lazy\" data-original-width=\"316\" data-original-height=\"208\" itemprop=\"http:\/\/schema.org\/image\" title=\"Programa teatro en mi barrio (1)\" alt=\"Si importar el calor, vecinos y ni\u00f1os presenciaron la obra \u2018Lord Byron y las Malulas de Bullying\u2019.\" style=\"width: 316px; height: 208px;\" \/> <\/a> <div class=\"tiled-gallery-caption\" itemprop=\"caption description\"> Si importar el calor, vecinos y ni\u00f1os presenciaron la obra \u2018Lord Byron y las Malulas de Bullying\u2019. <\/div> <\/div> <\/div> <!-- close group --> <\/div> <!-- close row --> <\/div>\n","protected":false},"excerpt":{"rendered":"<p>Gracias a los fondos del Gobierno Regional, la corporaci\u00f3n edilicia ejecuta proyecto que permite llevar obras teatrales a distintos sectores poblaciones rurales y urbanos. El calor no ha sido impedimento para que&#8230;<\/p>\n","protected":false},"author":482,"featured_media":65628,"comment_status":"open","ping_status":"open","sticky":false,"template":"","format":"standard","meta":{"advanced_seo_description":"","jetpack_seo_html_title":"","jetpack_seo_noindex":false,"_jetpack_memberships_contains_paid_content":false,"footnotes":""},"categories":[15],"tags":[],"class_list":["post-65627","post","type-post","status-publish","format-standard","has-post-thumbnail","hentry","category-comunidad"],"jetpack_featured_media_url":"https:\/\/i0.wp.com\/eltrabajo.cl\/portal\/wp-content\/uploads\/2016\/01\/Programa-teatro-en-mi-barriol-2.jpg?fit=530%2C350&ssl=1","jetpack_sharing_enabled":true,"jetpack_likes_enabled":true,"jetpack-related-posts":[],"_links":{"self":[{"href":"https:\/\/eltrabajo.cl\/portal\/wp-json\/wp\/v2\/posts\/65627","targetHints":{"allow":["GET"]}}],"collection":[{"href":"https:\/\/eltrabajo.cl\/portal\/wp-json\/wp\/v2\/posts"}],"about":[{"href":"https:\/\/eltrabajo.cl\/portal\/wp-json\/wp\/v2\/types\/post"}],"author":[{"embeddable":true,"href":"https:\/\/eltrabajo.cl\/portal\/wp-json\/wp\/v2\/users\/482"}],"replies":[{"embeddable":true,"href":"https:\/\/eltrabajo.cl\/portal\/wp-json\/wp\/v2\/comments?post=65627"}],"version-history":[{"count":0,"href":"https:\/\/eltrabajo.cl\/portal\/wp-json\/wp\/v2\/posts\/65627\/revisions"}],"wp:featuredmedia":[{"embeddable":true,"href":"https:\/\/eltrabajo.cl\/portal\/wp-json\/wp\/v2\/media\/65628"}],"wp:attachment":[{"href":"https:\/\/eltrabajo.cl\/portal\/wp-json\/wp\/v2\/media?parent=65627"}],"wp:term":[{"taxonomy":"category","embeddable":true,"href":"https:\/\/eltrabajo.cl\/portal\/wp-json\/wp\/v2\/categories?post=65627"},{"taxonomy":"post_tag","embeddable":true,"href":"https:\/\/eltrabajo.cl\/portal\/wp-json\/wp\/v2\/tags?post=65627"}],"curies":[{"name":"wp","href":"https:\/\/api.w.org\/{rel}","templated":true}]}}