{"id":65632,"date":"2016-01-11T14:27:43","date_gmt":"2016-01-11T17:27:43","guid":{"rendered":"http:\/\/www.eltrabajo.cl\/portal\/?p=65632"},"modified":"2016-01-11T14:27:43","modified_gmt":"2016-01-11T17:27:43","slug":"en-aconcagua-lanzan-nuevo-programa-de-fomento-y-apoyo-a-pequenos-mineros-de-la-region","status":"publish","type":"post","link":"https:\/\/eltrabajo.cl\/portal\/en-aconcagua-lanzan-nuevo-programa-de-fomento-y-apoyo-a-pequenos-mineros-de-la-region\/","title":{"rendered":"En Aconcagua lanzan nuevo programa de fomento y apoyo a peque\u00f1os mineros de la regi\u00f3n"},"content":{"rendered":"<figure id=\"attachment_65633\" aria-describedby=\"caption-attachment-65633\" style=\"width: 300px\" class=\"wp-caption alignleft\"><img data-recalc-dims=\"1\" loading=\"lazy\" decoding=\"async\" class=\"wp-image-65633 size-medium\" src=\"https:\/\/i0.wp.com\/www.eltrabajo.cl\/portal\/wp-content\/uploads\/2016\/01\/Lanzan-programa-de-fomento-y-apoyo-pequenos-mineros-300x198.jpg?resize=300%2C198\" alt=\"Junto al gobernador Eduardo Le\u00f3n, el Seremi de Miner\u00eda, Alonso Retamales y la presidenta de asociaciones Mineras de San Felipe, Patricia Beiza.\" width=\"300\" height=\"198\" srcset=\"https:\/\/i0.wp.com\/eltrabajo.cl\/portal\/wp-content\/uploads\/2016\/01\/Lanzan-programa-de-fomento-y-apoyo-pequenos-mineros.jpg?resize=300%2C198&amp;ssl=1 300w, https:\/\/i0.wp.com\/eltrabajo.cl\/portal\/wp-content\/uploads\/2016\/01\/Lanzan-programa-de-fomento-y-apoyo-pequenos-mineros.jpg?resize=200%2C132&amp;ssl=1 200w, https:\/\/i0.wp.com\/eltrabajo.cl\/portal\/wp-content\/uploads\/2016\/01\/Lanzan-programa-de-fomento-y-apoyo-pequenos-mineros.jpg?resize=227%2C150&amp;ssl=1 227w, https:\/\/i0.wp.com\/eltrabajo.cl\/portal\/wp-content\/uploads\/2016\/01\/Lanzan-programa-de-fomento-y-apoyo-pequenos-mineros.jpg?resize=400%2C264&amp;ssl=1 400w, https:\/\/i0.wp.com\/eltrabajo.cl\/portal\/wp-content\/uploads\/2016\/01\/Lanzan-programa-de-fomento-y-apoyo-pequenos-mineros.jpg?w=530&amp;ssl=1 530w\" sizes=\"auto, (max-width: 300px) 100vw, 300px\" \/><figcaption id=\"caption-attachment-65633\" class=\"wp-caption-text\">Junto al gobernador Eduardo Le\u00f3n, el Seremi de Miner\u00eda, Alonso Retamales y la presidenta de asociaciones Mineras de San Felipe, Patricia Beiza.<\/figcaption><\/figure>\n<p>Este jueves fue presentado en dependencias de la Gobernaci\u00f3n Provincial de San Felipe el nuevo programa de fomento y apoyo de la Seremi de Miner\u00eda regi\u00f3n de Valpara\u00edso, \u2018Programa de Regularizaci\u00f3n y Fomento de la Peque\u00f1a Miner\u00eda de la regi\u00f3n de Valpara\u00edso.<br \/>\nEn la actividad convocada por el Seremi de Miner\u00eda, Alonso Retamales participaron el Gobernador Provincial de San Felipe, Eduardo Le\u00f3n y los presidentes de las Asociaciones Mineras de San Felipe, Patricia Beiza y de Catemu, Javier Castillo.<br \/>\nDicho programa busca regularizar faenas, entregar asesor\u00eda legal, capacitaci\u00f3n en seguridad minera y fomentar el apoyo en asesor\u00eda inicial a la peque\u00f1a miner\u00eda, todo esto permitir\u00e1 entregar un diagn\u00f3stico de la actividad minera de la regi\u00f3n y va a permitir a los peque\u00f1os mineros recurrir a dicho organismo para realizar sus \u2018Proyectos de Explotaci\u00f3n y Cierre\u2019 de forma gratuita.<br \/>\nTodo esto se complementar\u00e1 con un concurso para faenas mineras a fin de recuperar las que est\u00e1n cerradas por distintos factores, entre ellas la baja del metal rojo, el programa est\u00e1 acompa\u00f1ado de un incentivo de $ 5 millones con un tope a repartir entre los beneficiados de $ 200 millones que responde al fondo que aprob\u00f3 el Gobierno Regional de Valpara\u00edso, el cual fue aprobado con el apoyo de los cores de las provincias de San Felipe y Los Andes.<br \/>\nSeg\u00fan detall\u00f3 el Seremi de Miner\u00eda, Alonso Retamales, el nuevo programa busca regularizar y apoyar faenas, para lo cual su principal componente es el fomento a los peque\u00f1os mineros, \u00abEl Gobierno Regional ha hecho un gran esfuerzo para sacar adelante el programa, se inyectar\u00e1n $ 200 millones para promover y alentar la productividad de los peque\u00f1os mineros, cuyo objetivo es mantener las faenas y as\u00ed fomentar el empleo, tiene como objetivo que se restituyan las faenas que se paralizaron por la baja del cobre, hoy tenemos un precio de sustentabilidad de 2.98 centavos por tonelada, por lo tanto hoy se puede mantener la actividad minera, recordemos que este precio fue trabajado con la Sonami y Asociaciones Mineras de la regi\u00f3n, y permitir\u00e1 que la actividad minera se desarrolle con cierto grado de regularidad durante el presente a\u00f1o\u00bb.<br \/>\nEn tanto, el gobernador Eduardo Le\u00f3n se\u00f1al\u00f3 que \u201cante la situaci\u00f3n cr\u00edtica que estaban las asociaciones de Catemu y Putaendo por el precio de sustentabilidad, por lo que hay un compromiso del Gobierno de reformularlo y por otro lado, este programa de apoyo a los mineros del FNDR, que contempla varios aspectos. Entre ellos, la parte legal, fomento, normalizar faenas y seguridad. Esperamos que con esto se reactive la econom\u00eda de la peque\u00f1a miner\u00eda y recuperar muchos puestos de trabajo\u201d, finaliz\u00f3 la autoridad provincial.<\/p>\n","protected":false},"excerpt":{"rendered":"<p>Este jueves fue presentado en dependencias de la Gobernaci\u00f3n Provincial de San Felipe el nuevo programa de fomento y apoyo de la Seremi de Miner\u00eda regi\u00f3n de Valpara\u00edso, \u2018Programa de Regularizaci\u00f3n y&#8230;<\/p>\n","protected":false},"author":482,"featured_media":65633,"comment_status":"open","ping_status":"open","sticky":false,"template":"","format":"standard","meta":{"advanced_seo_description":"","jetpack_seo_html_title":"","jetpack_seo_noindex":false,"_jetpack_memberships_contains_paid_content":false,"footnotes":""},"categories":[1],"tags":[],"class_list":["post-65632","post","type-post","status-publish","format-standard","has-post-thumbnail","hentry","category-cronica"],"jetpack_featured_media_url":"https:\/\/i0.wp.com\/eltrabajo.cl\/portal\/wp-content\/uploads\/2016\/01\/Lanzan-programa-de-fomento-y-apoyo-pequenos-mineros.jpg?fit=530%2C350&ssl=1","jetpack_sharing_enabled":true,"jetpack_likes_enabled":true,"jetpack-related-posts":[],"_links":{"self":[{"href":"https:\/\/eltrabajo.cl\/portal\/wp-json\/wp\/v2\/posts\/65632","targetHints":{"allow":["GET"]}}],"collection":[{"href":"https:\/\/eltrabajo.cl\/portal\/wp-json\/wp\/v2\/posts"}],"about":[{"href":"https:\/\/eltrabajo.cl\/portal\/wp-json\/wp\/v2\/types\/post"}],"author":[{"embeddable":true,"href":"https:\/\/eltrabajo.cl\/portal\/wp-json\/wp\/v2\/users\/482"}],"replies":[{"embeddable":true,"href":"https:\/\/eltrabajo.cl\/portal\/wp-json\/wp\/v2\/comments?post=65632"}],"version-history":[{"count":0,"href":"https:\/\/eltrabajo.cl\/portal\/wp-json\/wp\/v2\/posts\/65632\/revisions"}],"wp:featuredmedia":[{"embeddable":true,"href":"https:\/\/eltrabajo.cl\/portal\/wp-json\/wp\/v2\/media\/65633"}],"wp:attachment":[{"href":"https:\/\/eltrabajo.cl\/portal\/wp-json\/wp\/v2\/media?parent=65632"}],"wp:term":[{"taxonomy":"category","embeddable":true,"href":"https:\/\/eltrabajo.cl\/portal\/wp-json\/wp\/v2\/categories?post=65632"},{"taxonomy":"post_tag","embeddable":true,"href":"https:\/\/eltrabajo.cl\/portal\/wp-json\/wp\/v2\/tags?post=65632"}],"curies":[{"name":"wp","href":"https:\/\/api.w.org\/{rel}","templated":true}]}}