{"id":65644,"date":"2016-01-11T14:39:01","date_gmt":"2016-01-11T17:39:01","guid":{"rendered":"http:\/\/www.eltrabajo.cl\/portal\/?p=65644"},"modified":"2016-01-11T14:39:01","modified_gmt":"2016-01-11T17:39:01","slug":"masiva-asistencia-en-primer-tour-nocturno-por-el-cementerio-almendral","status":"publish","type":"post","link":"https:\/\/eltrabajo.cl\/portal\/masiva-asistencia-en-primer-tour-nocturno-por-el-cementerio-almendral\/","title":{"rendered":"Masiva asistencia en primer tour nocturno por el Cementerio Almendral"},"content":{"rendered":"<figure id=\"attachment_65645\" aria-describedby=\"caption-attachment-65645\" style=\"width: 300px\" class=\"wp-caption alignleft\"><img data-recalc-dims=\"1\" loading=\"lazy\" decoding=\"async\" class=\"wp-image-65645 size-medium\" src=\"https:\/\/i0.wp.com\/www.eltrabajo.cl\/portal\/wp-content\/uploads\/2016\/01\/tour-nocturno-cementerio-300x199.jpg?resize=300%2C199\" alt=\"Con el apoyo de la actriz Cindy Villar, se realiz\u00f3 el primer tour nocturno de este a\u00f1o por el Cementerio Almendral.\" width=\"300\" height=\"199\" srcset=\"https:\/\/i0.wp.com\/eltrabajo.cl\/portal\/wp-content\/uploads\/2016\/01\/tour-nocturno-cementerio.jpg?resize=300%2C199&amp;ssl=1 300w, https:\/\/i0.wp.com\/eltrabajo.cl\/portal\/wp-content\/uploads\/2016\/01\/tour-nocturno-cementerio.jpg?resize=200%2C133&amp;ssl=1 200w, https:\/\/i0.wp.com\/eltrabajo.cl\/portal\/wp-content\/uploads\/2016\/01\/tour-nocturno-cementerio.jpg?resize=226%2C150&amp;ssl=1 226w, https:\/\/i0.wp.com\/eltrabajo.cl\/portal\/wp-content\/uploads\/2016\/01\/tour-nocturno-cementerio.jpg?resize=400%2C265&amp;ssl=1 400w, https:\/\/i0.wp.com\/eltrabajo.cl\/portal\/wp-content\/uploads\/2016\/01\/tour-nocturno-cementerio.jpg?w=528&amp;ssl=1 528w\" sizes=\"auto, (max-width: 300px) 100vw, 300px\" \/><figcaption id=\"caption-attachment-65645\" class=\"wp-caption-text\">Con el apoyo de la actriz Cindy Villar, se realiz\u00f3 el primer tour nocturno de este a\u00f1o por el Cementerio Almendral.<\/figcaption><\/figure>\n<ul>\n<li><strong>\u2018Patrimonio para vivos y muertos\u2019 se denomina la iniciativa que impulsa el municipio a trav\u00e9s de la Oficina de Turismo.<\/strong><\/li>\n<\/ul>\n<p>Con una gran asistencia de p\u00fablico se registr\u00f3 el primer tour nocturno del verano 2016, por el Cementerio Almendral, actividad que organiza la unidad de Turismo y Patrimonio de la Municipalidad de San Felipe y que gener\u00f3 enorme inter\u00e9s a prop\u00f3sito de las historias y an\u00e9cdotas que se relataron a los participantes.<br \/>\nIlumin\u00e1ndose con linternas y favorecidos por el car\u00e1cter l\u00fagubre, pero no por eso menos entretenido, los vecinos y vecinas de todas las edades que llegaron al campo santo sanfelipe\u00f1o, recorrieron las calles y pasadizos del recinto, al tiempo que escuchaban el relato sobre las vidas y muertes de personajes conocidos y no tanto de Aconcagua, cuyos restos est\u00e1n sepultados ah\u00ed.<br \/>\nDesde historias de fundadores de la masoner\u00eda, veteranos de la Guerra del Pac\u00edfico, v\u00edctimas de violaciones a los Derechos Humanos y m\u00e1rtires de bomberos, hasta narraciones extraordinarias sobre supuestos pactos con el diablo, el temido culebr\u00f3n de fines de los a\u00f1os 80, fueron parte de los relatos entregados en el tour.<br \/>\nAsimismo, con el apoyo de la actriz Cindy Villar, se dio a conocer la historia de Mercedes Garc\u00eda Huidobro, quien fuera v\u00edctima de uxoricidio, correspondiente a una figura legal que permit\u00eda al marido matar a su mujer infiel, como una manera de limpiar su honor.<br \/>\nSeg\u00fan explic\u00f3 Manuel Z\u00fa\u00f1iga, coordinador de la Oficina Municipal de Turismo, todos los d\u00edas mi\u00e9rcoles de enero y febrero, se realizar\u00e1 este tour, por lo que se\u00f1al\u00f3 que la invitaci\u00f3n es abierta para que el p\u00fablico asista y en ese plano, reconoci\u00f3 que existe satisfacci\u00f3n por la convocatoria en esta primera actividad.<br \/>\n\u201cEstamos contentos por la recepci\u00f3n de la gente a este tour patrimonial en el Cementerio Almendral, donde compartimos las historias de nuestros personajes, en un ambiente nocturno que es muy especial a prop\u00f3sito del lugar donde se realiza. Ac\u00e1 se matizan historias de personajes, de arquitectura de los mausoleos, con participaci\u00f3n de actores que cuentan en primera persona an\u00e9cdotas de vecinos sanfelipe\u00f1os cuyos restos descansan en este recinto\u201d, se\u00f1al\u00f3 Manuel Z\u00fa\u00f1iga.<br \/>\nEl profesional reiter\u00f3 que el tour se realizar\u00e1 cada mi\u00e9rcoles de los meses de enero y febrero, por lo que la invitaci\u00f3n es a quienes deseen participar para que se inscriban en el correo electr\u00f3nico turismo@sanfe.cl o al fono 34 2 516 139.<\/p>\n","protected":false},"excerpt":{"rendered":"<p>\u2018Patrimonio para vivos y muertos\u2019 se denomina la iniciativa que impulsa el municipio a trav\u00e9s de la Oficina de Turismo. Con una gran asistencia de p\u00fablico se registr\u00f3 el primer tour nocturno&#8230;<\/p>\n","protected":false},"author":482,"featured_media":65645,"comment_status":"open","ping_status":"open","sticky":false,"template":"","format":"standard","meta":{"advanced_seo_description":"","jetpack_seo_html_title":"","jetpack_seo_noindex":false,"_jetpack_memberships_contains_paid_content":false,"footnotes":""},"categories":[1],"tags":[],"class_list":["post-65644","post","type-post","status-publish","format-standard","has-post-thumbnail","hentry","category-cronica"],"jetpack_featured_media_url":"https:\/\/i0.wp.com\/eltrabajo.cl\/portal\/wp-content\/uploads\/2016\/01\/tour-nocturno-cementerio.jpg?fit=528%2C350&ssl=1","jetpack_sharing_enabled":true,"jetpack_likes_enabled":true,"jetpack-related-posts":[],"_links":{"self":[{"href":"https:\/\/eltrabajo.cl\/portal\/wp-json\/wp\/v2\/posts\/65644","targetHints":{"allow":["GET"]}}],"collection":[{"href":"https:\/\/eltrabajo.cl\/portal\/wp-json\/wp\/v2\/posts"}],"about":[{"href":"https:\/\/eltrabajo.cl\/portal\/wp-json\/wp\/v2\/types\/post"}],"author":[{"embeddable":true,"href":"https:\/\/eltrabajo.cl\/portal\/wp-json\/wp\/v2\/users\/482"}],"replies":[{"embeddable":true,"href":"https:\/\/eltrabajo.cl\/portal\/wp-json\/wp\/v2\/comments?post=65644"}],"version-history":[{"count":0,"href":"https:\/\/eltrabajo.cl\/portal\/wp-json\/wp\/v2\/posts\/65644\/revisions"}],"wp:featuredmedia":[{"embeddable":true,"href":"https:\/\/eltrabajo.cl\/portal\/wp-json\/wp\/v2\/media\/65645"}],"wp:attachment":[{"href":"https:\/\/eltrabajo.cl\/portal\/wp-json\/wp\/v2\/media?parent=65644"}],"wp:term":[{"taxonomy":"category","embeddable":true,"href":"https:\/\/eltrabajo.cl\/portal\/wp-json\/wp\/v2\/categories?post=65644"},{"taxonomy":"post_tag","embeddable":true,"href":"https:\/\/eltrabajo.cl\/portal\/wp-json\/wp\/v2\/tags?post=65644"}],"curies":[{"name":"wp","href":"https:\/\/api.w.org\/{rel}","templated":true}]}}