{"id":65650,"date":"2016-01-11T14:46:02","date_gmt":"2016-01-11T17:46:02","guid":{"rendered":"http:\/\/www.eltrabajo.cl\/portal\/?p=65650"},"modified":"2016-01-11T14:46:02","modified_gmt":"2016-01-11T17:46:02","slug":"ministro-agricultura-inaugura-revestimiento-canal-quilpue-santa-maria","status":"publish","type":"post","link":"https:\/\/eltrabajo.cl\/portal\/ministro-agricultura-inaugura-revestimiento-canal-quilpue-santa-maria\/","title":{"rendered":"Ministro Agricultura inaugura revestimiento Canal Quilpu\u00e9 Santa Mar\u00eda"},"content":{"rendered":"<figure id=\"attachment_65651\" aria-describedby=\"caption-attachment-65651\" style=\"width: 300px\" class=\"wp-caption alignleft\"><img data-recalc-dims=\"1\" loading=\"lazy\" decoding=\"async\" class=\"wp-image-65651 size-medium\" src=\"https:\/\/i0.wp.com\/www.eltrabajo.cl\/portal\/wp-content\/uploads\/2016\/01\/FOTO-2-AUTORIDADES-REALIZAN-CORTE-DE-CINTA-VESTIMIENTO-DEL-CANAL-QUILPUE-300x198.jpg?resize=300%2C198\" alt=\"Autoridades realizan corte de cinta inaugurando las obras de revestimiento del Canal Quilpu\u00e9.\" width=\"300\" height=\"198\" srcset=\"https:\/\/i0.wp.com\/eltrabajo.cl\/portal\/wp-content\/uploads\/2016\/01\/FOTO-2-AUTORIDADES-REALIZAN-CORTE-DE-CINTA-VESTIMIENTO-DEL-CANAL-QUILPUE.jpg?resize=300%2C198&amp;ssl=1 300w, https:\/\/i0.wp.com\/eltrabajo.cl\/portal\/wp-content\/uploads\/2016\/01\/FOTO-2-AUTORIDADES-REALIZAN-CORTE-DE-CINTA-VESTIMIENTO-DEL-CANAL-QUILPUE.jpg?resize=200%2C132&amp;ssl=1 200w, https:\/\/i0.wp.com\/eltrabajo.cl\/portal\/wp-content\/uploads\/2016\/01\/FOTO-2-AUTORIDADES-REALIZAN-CORTE-DE-CINTA-VESTIMIENTO-DEL-CANAL-QUILPUE.jpg?resize=228%2C150&amp;ssl=1 228w, https:\/\/i0.wp.com\/eltrabajo.cl\/portal\/wp-content\/uploads\/2016\/01\/FOTO-2-AUTORIDADES-REALIZAN-CORTE-DE-CINTA-VESTIMIENTO-DEL-CANAL-QUILPUE.jpg?resize=400%2C263&amp;ssl=1 400w, https:\/\/i0.wp.com\/eltrabajo.cl\/portal\/wp-content\/uploads\/2016\/01\/FOTO-2-AUTORIDADES-REALIZAN-CORTE-DE-CINTA-VESTIMIENTO-DEL-CANAL-QUILPUE.jpg?w=530&amp;ssl=1 530w\" sizes=\"auto, (max-width: 300px) 100vw, 300px\" \/><figcaption id=\"caption-attachment-65651\" class=\"wp-caption-text\">Autoridades realizan corte de cinta inaugurando las obras de revestimiento del Canal Quilpu\u00e9.<\/figcaption><\/figure>\n<ul>\n<li><strong>Trabajos en el afluente permitir\u00e1n evitar las p\u00e9rdidas con infiltraci\u00f3n y contribuyen a asegurar el agua de regad\u00edo durante todo el a\u00f1o para las cerca de 1800 hect\u00e1reas que abastece<\/strong><\/li>\n<\/ul>\n<p>El viernes se realiz\u00f3 la ceremonia de inauguraci\u00f3n de las obras de revestimiento del Canal Quilpu\u00e9, en un trayecto de 1.6kms de longitud en la comuna de Santa Mar\u00eda, trabajos que permitir\u00e1n asegurar el riego de las cerca de mil 800 hect\u00e1reas que abastece este afluente en las Provincias de Los Andes y San Felipe.<br \/>\nEste es el primer proyecto del Programa de Obras Medianas del Ministerio de Agricultura que se aprueba en la Regi\u00f3n y entre sus principales atributos destaca el hecho que se podr\u00e1n eliminar las p\u00e9rdidas de agua por infiltraci\u00f3n y con ello distribuir de manera m\u00e1s eficiente el recurso h\u00eddrico para los peque\u00f1os y medianos agricultores de la zona.<br \/>\nEl Ministro de Agricultura Carlos Furche, valor\u00f3 la culminaci\u00f3n de los trabajos de revestimiento del canal e hizo menci\u00f3n a los recursos dispuestos para este proyecto diciendo que \u201cesta obra, que era largamente esperada por los productores, fue financiada por la Comisi\u00f3n Nacional de Riego, CNR, del Ministerio de Agricultura, con un subsidio de 350 millones de pesos, que va a beneficiar a pr\u00e1cticamente mil hect\u00e1reas, nos permite avanzar en aquello que necesitamos urgentemente que es mejorar los sistemas de conducci\u00f3n de agua\u201d, sostuvo<br \/>\nAprop\u00f3sito de ello, Furche dijo que este tipo de obras son un gran desaf\u00edo para Chile porque seguramente con el cambio clim\u00e1tico en los pr\u00f3ximos a\u00f1os, la disponibilidad de agua ser\u00e1 menor a la actual, e hizo \u00e9nfasis en que \u201cnecesitamos avanzar m\u00e1s r\u00e1pido en acumular agua y por tanto en financiar embalses de distintas naturalezas y tama\u00f1os, en conducir mejor el agua evitando las p\u00e9rdidas y en hacer el riego en forma tecnificada de forma tal de aumentar su eficiencia de uso\u201d, expres\u00f3.<br \/>\nEl ministro aprovech\u00f3 la oportunidad para asegurar que con las lluvias que se presentaron en la zona durante las estaciones de invierno y primavera, se garantiza el agua para riego en todo el Valle de Aconcagua y en realidad pr\u00e1cticamente de toda la zona de agricultura bajo riego en el pa\u00eds.<br \/>\nPor \u00faltimo, Furche esboz\u00f3 que \u201cla agricultura chilena tiene una gran oportunidad, este valle es el de los m\u00e1s productivos del pa\u00eds y necesitamos preservarlo, garantizar su competitividad, el empleo, la calidad de vida de la gente y para eso necesitamos entre otras cosas cuidar mucho lo que es probablemente el recurso m\u00e1s escaso que tendremos en el futuro\u201d.<br \/>\nPor su parte, uno de los art\u00edfices de esta obra, El Presidente de la Agrupaci\u00f3n de Canalistas de Canal Quilpu\u00e9, Federico Valenzuela, asegur\u00f3 que la sequ\u00eda provoc\u00f3 que las producciones fueran en baja en los \u00faltimos a\u00f1os y con ello se les hiciera muy complejo reunir el porcentaje de presupuesto requerido para la obra.<br \/>\n\u201cEs un anhelo al cual venimos postulando hace aproximadamente 4 a\u00f1os este proyecto, que en su primera etapa fue aprobado t\u00e9cnicamente forma inmediata, pero por las lucas no lleg\u00e1bamos a concluirlo, sin embargo con esta flexibilizaci\u00f3n para hacer un concurso de obras medianas sali\u00f3 por un tubo, nos cost\u00f3 juntar el 24 por ciento, pero se logr\u00f3 y ah\u00ed est\u00e1 la obra\u201d, remat\u00f3 el canalista.<br \/>\nJunto con destacar las 10 oportunidades en las que ha postulado los concursos de la ley de riego desde el a\u00f1o 2000, lo que le ha permitido a su agrupaci\u00f3n conseguir recursos para revestir cerca de 5 kil\u00f3metros del canal y adem\u00e1s tenerlo \u00edntegramente con marcos partidores y compuertas, Valenzuela asegur\u00f3 que este \u00faltimo concurso les permiti\u00f3 revestir cerca de 1.6 kms, considerando el tramo revestido en el sector Las Cabras, donde record\u00f3 a\u00fan falta por asfaltar alrededor de 600 mt.<br \/>\nA su vez, la Secretaria Ejecutiva de la Comisi\u00f3n Nacional de Riego, CNR, Loreto Mery valor\u00f3 el hecho de que esta sea la primera obra que se inaugura en la Regi\u00f3n con recursos del Programa de Obras Medianas del Ministerio de Agricultura, cuya flexibilizaci\u00f3n del a\u00f1o 2014, pretend\u00eda precisamente acercar los distintos instrumentos de fomento que tiene la CNR a los agricultores (as).<br \/>\n\u201cEste es un hito, con una inversi\u00f3n cercana a los 400 millones de pesos entre regantes, agricultores y la CNR, la comisi\u00f3n tiene por objetivo asegurar el agua de riego y eficientar este recurso, por lo tanto, estamos abocados de lleno a esa tarea, lo que implica un trabajo coordinado con los agricultores y agricultoras, con los territorios, donde efectivamente podamos conocer cu\u00e1les son sus necesidades y demandas\u201d, puntualiz\u00f3 Mery.<\/p>\n<div class=\"tiled-gallery type-rectangular tiled-gallery-unresized\" data-original-width=\"640\" data-carousel-extra='null' itemscope itemtype=\"http:\/\/schema.org\/ImageGallery\" > <div class=\"gallery-row\" style=\"width: 640px; height: 283px;\" data-original-width=\"640\" data-original-height=\"283\" > <div class=\"gallery-group images-1\" style=\"width: 427px; height: 283px;\" data-original-width=\"427\" data-original-height=\"283\" > <div class=\"tiled-gallery-item tiled-gallery-item-large\" itemprop=\"associatedMedia\" itemscope itemtype=\"http:\/\/schema.org\/ImageObject\"> <a href=\"https:\/\/eltrabajo.cl\/portal\/ministro-agricultura-inaugura-revestimiento-canal-quilpue-santa-maria\/foto-3-carlos-furch-ministro-de-agricultura\/\" border=\"0\" itemprop=\"url\"> <meta itemprop=\"width\" content=\"423\"> <meta itemprop=\"height\" content=\"279\"> <img decoding=\"async\" class=\"\" data-attachment-id=\"65653\" data-orig-file=\"https:\/\/eltrabajo.cl\/portal\/wp-content\/uploads\/2016\/01\/FOTO-3-CARLOS-FURCH-MINISTRO-DE-AGRICULTURA.jpg\" data-orig-size=\"530,349\" data-comments-opened=\"1\" data-image-meta=\"{&quot;aperture&quot;:&quot;0&quot;,&quot;credit&quot;:&quot;&quot;,&quot;camera&quot;:&quot;&quot;,&quot;caption&quot;:&quot;&quot;,&quot;created_timestamp&quot;:&quot;0&quot;,&quot;copyright&quot;:&quot;&quot;,&quot;focal_length&quot;:&quot;0&quot;,&quot;iso&quot;:&quot;0&quot;,&quot;shutter_speed&quot;:&quot;0&quot;,&quot;title&quot;:&quot;&quot;,&quot;orientation&quot;:&quot;0&quot;}\" data-image-title=\"FOTO 3 CARLOS FURCH MINISTRO DE AGRICULTURA\" data-image-description=\"&lt;p&gt;Carlos Furche, Ministro de Agricultura.&lt;\/p&gt; \" data-medium-file=\"https:\/\/i0.wp.com\/eltrabajo.cl\/portal\/wp-content\/uploads\/2016\/01\/FOTO-3-CARLOS-FURCH-MINISTRO-DE-AGRICULTURA.jpg?fit=300%2C198&#038;ssl=1\" data-large-file=\"https:\/\/i0.wp.com\/eltrabajo.cl\/portal\/wp-content\/uploads\/2016\/01\/FOTO-3-CARLOS-FURCH-MINISTRO-DE-AGRICULTURA.jpg?fit=530%2C349&#038;ssl=1\" src=\"https:\/\/i0.wp.com\/eltrabajo.cl\/portal\/wp-content\/uploads\/2016\/01\/FOTO-3-CARLOS-FURCH-MINISTRO-DE-AGRICULTURA.jpg?w=423&#038;h=279&#038;ssl=1\" srcset=\"https:\/\/i0.wp.com\/eltrabajo.cl\/portal\/wp-content\/uploads\/2016\/01\/FOTO-3-CARLOS-FURCH-MINISTRO-DE-AGRICULTURA.jpg?w=530&amp;ssl=1 530w, https:\/\/i0.wp.com\/eltrabajo.cl\/portal\/wp-content\/uploads\/2016\/01\/FOTO-3-CARLOS-FURCH-MINISTRO-DE-AGRICULTURA.jpg?resize=200%2C132&amp;ssl=1 200w, https:\/\/i0.wp.com\/eltrabajo.cl\/portal\/wp-content\/uploads\/2016\/01\/FOTO-3-CARLOS-FURCH-MINISTRO-DE-AGRICULTURA.jpg?resize=300%2C198&amp;ssl=1 300w, https:\/\/i0.wp.com\/eltrabajo.cl\/portal\/wp-content\/uploads\/2016\/01\/FOTO-3-CARLOS-FURCH-MINISTRO-DE-AGRICULTURA.jpg?resize=228%2C150&amp;ssl=1 228w, https:\/\/i0.wp.com\/eltrabajo.cl\/portal\/wp-content\/uploads\/2016\/01\/FOTO-3-CARLOS-FURCH-MINISTRO-DE-AGRICULTURA.jpg?resize=400%2C263&amp;ssl=1 400w\" width=\"423\" height=\"279\" loading=\"lazy\" data-original-width=\"423\" data-original-height=\"279\" itemprop=\"http:\/\/schema.org\/image\" title=\"FOTO 3 CARLOS FURCH MINISTRO DE AGRICULTURA\" alt=\"Carlos Furche, Ministro de Agricultura.\" style=\"width: 423px; height: 279px;\" \/> <\/a> <div class=\"tiled-gallery-caption\" itemprop=\"caption description\"> Carlos Furche, Ministro de Agricultura. <\/div> <\/div> <\/div> <!-- close group --> <div class=\"gallery-group images-2\" style=\"width: 213px; height: 283px;\" data-original-width=\"213\" data-original-height=\"283\" > <div class=\"tiled-gallery-item tiled-gallery-item-small\" itemprop=\"associatedMedia\" itemscope itemtype=\"http:\/\/schema.org\/ImageObject\"> <a href=\"https:\/\/eltrabajo.cl\/portal\/ministro-agricultura-inaugura-revestimiento-canal-quilpue-santa-maria\/foto-4-presidente-federico-valenzuela\/\" border=\"0\" itemprop=\"url\"> <meta itemprop=\"width\" content=\"209\"> <meta itemprop=\"height\" content=\"138\"> <img decoding=\"async\" class=\"\" data-attachment-id=\"65654\" data-orig-file=\"https:\/\/eltrabajo.cl\/portal\/wp-content\/uploads\/2016\/01\/FOTO-4-PRESIDENTE-FEDERICO-VALENZUELA.jpg\" data-orig-size=\"530,350\" data-comments-opened=\"1\" data-image-meta=\"{&quot;aperture&quot;:&quot;0&quot;,&quot;credit&quot;:&quot;&quot;,&quot;camera&quot;:&quot;&quot;,&quot;caption&quot;:&quot;&quot;,&quot;created_timestamp&quot;:&quot;0&quot;,&quot;copyright&quot;:&quot;&quot;,&quot;focal_length&quot;:&quot;0&quot;,&quot;iso&quot;:&quot;0&quot;,&quot;shutter_speed&quot;:&quot;0&quot;,&quot;title&quot;:&quot;&quot;,&quot;orientation&quot;:&quot;0&quot;}\" data-image-title=\"FOTO 4 PRESIDENTE FEDERICO VALENZUELA\" data-image-description=\"&lt;p&gt;Presidente de la agrupaci\u00f3n de canalistas Canal Quilpu\u00e9, Federico Valenzuela.&lt;\/p&gt; \" data-medium-file=\"https:\/\/i0.wp.com\/eltrabajo.cl\/portal\/wp-content\/uploads\/2016\/01\/FOTO-4-PRESIDENTE-FEDERICO-VALENZUELA.jpg?fit=300%2C198&#038;ssl=1\" data-large-file=\"https:\/\/i0.wp.com\/eltrabajo.cl\/portal\/wp-content\/uploads\/2016\/01\/FOTO-4-PRESIDENTE-FEDERICO-VALENZUELA.jpg?fit=530%2C350&#038;ssl=1\" src=\"https:\/\/i0.wp.com\/eltrabajo.cl\/portal\/wp-content\/uploads\/2016\/01\/FOTO-4-PRESIDENTE-FEDERICO-VALENZUELA.jpg?w=209&#038;h=138&#038;ssl=1\" srcset=\"https:\/\/i0.wp.com\/eltrabajo.cl\/portal\/wp-content\/uploads\/2016\/01\/FOTO-4-PRESIDENTE-FEDERICO-VALENZUELA.jpg?w=530&amp;ssl=1 530w, https:\/\/i0.wp.com\/eltrabajo.cl\/portal\/wp-content\/uploads\/2016\/01\/FOTO-4-PRESIDENTE-FEDERICO-VALENZUELA.jpg?resize=200%2C132&amp;ssl=1 200w, https:\/\/i0.wp.com\/eltrabajo.cl\/portal\/wp-content\/uploads\/2016\/01\/FOTO-4-PRESIDENTE-FEDERICO-VALENZUELA.jpg?resize=300%2C198&amp;ssl=1 300w, https:\/\/i0.wp.com\/eltrabajo.cl\/portal\/wp-content\/uploads\/2016\/01\/FOTO-4-PRESIDENTE-FEDERICO-VALENZUELA.jpg?resize=227%2C150&amp;ssl=1 227w, https:\/\/i0.wp.com\/eltrabajo.cl\/portal\/wp-content\/uploads\/2016\/01\/FOTO-4-PRESIDENTE-FEDERICO-VALENZUELA.jpg?resize=400%2C264&amp;ssl=1 400w\" width=\"209\" height=\"138\" loading=\"lazy\" data-original-width=\"209\" data-original-height=\"138\" itemprop=\"http:\/\/schema.org\/image\" title=\"FOTO 4 PRESIDENTE FEDERICO VALENZUELA\" alt=\"Presidente de la agrupaci\u00f3n de canalistas Canal Quilpu\u00e9, Federico Valenzuela.\" style=\"width: 209px; height: 138px;\" \/> <\/a> <div class=\"tiled-gallery-caption\" itemprop=\"caption description\"> Presidente de la agrupaci\u00f3n de canalistas Canal Quilpu\u00e9, Federico Valenzuela. <\/div> <\/div> <div class=\"tiled-gallery-item tiled-gallery-item-small\" itemprop=\"associatedMedia\" itemscope itemtype=\"http:\/\/schema.org\/ImageObject\"> <a href=\"https:\/\/eltrabajo.cl\/portal\/ministro-agricultura-inaugura-revestimiento-canal-quilpue-santa-maria\/foto-1-canal-quilpue-en-la-comuna-de-santa-maria-que-fue-revestido-con-un-presupesto-de-400-millones-de-pesos-en-una-extension-de-1-6-kms-en-total\/\" border=\"0\" itemprop=\"url\"> <meta itemprop=\"width\" content=\"209\"> <meta itemprop=\"height\" content=\"137\"> <img decoding=\"async\" class=\"\" data-attachment-id=\"65652\" data-orig-file=\"https:\/\/eltrabajo.cl\/portal\/wp-content\/uploads\/2016\/01\/FOTO-1-CANAL-QUILPUE-EN-LA-COMUNA-DE-SANTA-MARIA-QUE-FUE-REVESTIDO-CON-UN-PRESUPESTO-DE-400-MILLONES-DE-PESOS-EN-UNA-EXTENSI\u00d3N-DE-1.6-KMS-EN-TOTAL.jpg\" data-orig-size=\"530,348\" data-comments-opened=\"1\" data-image-meta=\"{&quot;aperture&quot;:&quot;0&quot;,&quot;credit&quot;:&quot;&quot;,&quot;camera&quot;:&quot;&quot;,&quot;caption&quot;:&quot;&quot;,&quot;created_timestamp&quot;:&quot;0&quot;,&quot;copyright&quot;:&quot;&quot;,&quot;focal_length&quot;:&quot;0&quot;,&quot;iso&quot;:&quot;0&quot;,&quot;shutter_speed&quot;:&quot;0&quot;,&quot;title&quot;:&quot;&quot;,&quot;orientation&quot;:&quot;0&quot;}\" data-image-title=\"FOTO 1 CANAL QUILPUE EN LA COMUNA DE SANTA MARIA QUE FUE REVESTIDO CON UN PRESUPESTO DE 400 MILLONES DE PESOS EN UNA EXTENSI\u00d3N DE 1.6 KMS EN TOTAL\" data-image-description=\"&lt;p&gt;Canal Quilpu\u00e9, en la comuna de Santa Mar\u00eda, que fue revestido con un presupuesto de 400 millones de pesos en una extensi\u00f3n de 1.6 km en total.&lt;\/p&gt; \" data-medium-file=\"https:\/\/i0.wp.com\/eltrabajo.cl\/portal\/wp-content\/uploads\/2016\/01\/FOTO-1-CANAL-QUILPUE-EN-LA-COMUNA-DE-SANTA-MARIA-QUE-FUE-REVESTIDO-CON-UN-PRESUPESTO-DE-400-MILLONES-DE-PESOS-EN-UNA-EXTENSI%C3%93N-DE-1.6-KMS-EN-TOTAL.jpg?fit=300%2C197&#038;ssl=1\" data-large-file=\"https:\/\/i0.wp.com\/eltrabajo.cl\/portal\/wp-content\/uploads\/2016\/01\/FOTO-1-CANAL-QUILPUE-EN-LA-COMUNA-DE-SANTA-MARIA-QUE-FUE-REVESTIDO-CON-UN-PRESUPESTO-DE-400-MILLONES-DE-PESOS-EN-UNA-EXTENSI%C3%93N-DE-1.6-KMS-EN-TOTAL.jpg?fit=530%2C348&#038;ssl=1\" src=\"https:\/\/i0.wp.com\/eltrabajo.cl\/portal\/wp-content\/uploads\/2016\/01\/FOTO-1-CANAL-QUILPUE-EN-LA-COMUNA-DE-SANTA-MARIA-QUE-FUE-REVESTIDO-CON-UN-PRESUPESTO-DE-400-MILLONES-DE-PESOS-EN-UNA-EXTENSI%C3%93N-DE-1.6-KMS-EN-TOTAL.jpg?w=209&#038;h=137&#038;ssl=1\" width=\"209\" height=\"137\" loading=\"lazy\" data-original-width=\"209\" data-original-height=\"137\" itemprop=\"http:\/\/schema.org\/image\" title=\"FOTO 1 CANAL QUILPUE EN LA COMUNA DE SANTA MARIA QUE FUE REVESTIDO CON UN PRESUPESTO DE 400 MILLONES DE PESOS EN UNA EXTENSI\u00d3N DE 1.6 KMS EN TOTAL\" alt=\"Canal Quilpu\u00e9, en la comuna de Santa Mar\u00eda, que fue revestido con un presupuesto de 400 millones de pesos en una extensi\u00f3n de 1.6 km en total.\" style=\"width: 209px; height: 137px;\" \/> <\/a> <div class=\"tiled-gallery-caption\" itemprop=\"caption description\"> Canal Quilpu\u00e9, en la comuna de Santa Mar\u00eda, que fue revestido con un presupuesto de 400 millones de pesos en una extensi\u00f3n de 1.6 km en total. <\/div> <\/div> <\/div> <!-- close group --> <\/div> <!-- close row --> <\/div>\n","protected":false},"excerpt":{"rendered":"<p>Trabajos en el afluente permitir\u00e1n evitar las p\u00e9rdidas con infiltraci\u00f3n y contribuyen a asegurar el agua de regad\u00edo durante todo el a\u00f1o para las cerca de 1800 hect\u00e1reas que abastece El viernes&#8230;<\/p>\n","protected":false},"author":482,"featured_media":65651,"comment_status":"open","ping_status":"open","sticky":false,"template":"","format":"standard","meta":{"advanced_seo_description":"","jetpack_seo_html_title":"","jetpack_seo_noindex":false,"_jetpack_memberships_contains_paid_content":false,"footnotes":""},"categories":[1],"tags":[],"class_list":["post-65650","post","type-post","status-publish","format-standard","has-post-thumbnail","hentry","category-cronica"],"jetpack_featured_media_url":"https:\/\/i0.wp.com\/eltrabajo.cl\/portal\/wp-content\/uploads\/2016\/01\/FOTO-2-AUTORIDADES-REALIZAN-CORTE-DE-CINTA-VESTIMIENTO-DEL-CANAL-QUILPUE.jpg?fit=530%2C349&ssl=1","jetpack_sharing_enabled":true,"jetpack_likes_enabled":true,"jetpack-related-posts":[],"_links":{"self":[{"href":"https:\/\/eltrabajo.cl\/portal\/wp-json\/wp\/v2\/posts\/65650","targetHints":{"allow":["GET"]}}],"collection":[{"href":"https:\/\/eltrabajo.cl\/portal\/wp-json\/wp\/v2\/posts"}],"about":[{"href":"https:\/\/eltrabajo.cl\/portal\/wp-json\/wp\/v2\/types\/post"}],"author":[{"embeddable":true,"href":"https:\/\/eltrabajo.cl\/portal\/wp-json\/wp\/v2\/users\/482"}],"replies":[{"embeddable":true,"href":"https:\/\/eltrabajo.cl\/portal\/wp-json\/wp\/v2\/comments?post=65650"}],"version-history":[{"count":0,"href":"https:\/\/eltrabajo.cl\/portal\/wp-json\/wp\/v2\/posts\/65650\/revisions"}],"wp:featuredmedia":[{"embeddable":true,"href":"https:\/\/eltrabajo.cl\/portal\/wp-json\/wp\/v2\/media\/65651"}],"wp:attachment":[{"href":"https:\/\/eltrabajo.cl\/portal\/wp-json\/wp\/v2\/media?parent=65650"}],"wp:term":[{"taxonomy":"category","embeddable":true,"href":"https:\/\/eltrabajo.cl\/portal\/wp-json\/wp\/v2\/categories?post=65650"},{"taxonomy":"post_tag","embeddable":true,"href":"https:\/\/eltrabajo.cl\/portal\/wp-json\/wp\/v2\/tags?post=65650"}],"curies":[{"name":"wp","href":"https:\/\/api.w.org\/{rel}","templated":true}]}}