{"id":65656,"date":"2016-01-11T14:51:26","date_gmt":"2016-01-11T17:51:26","guid":{"rendered":"http:\/\/www.eltrabajo.cl\/portal\/?p=65656"},"modified":"2016-01-11T14:51:26","modified_gmt":"2016-01-11T17:51:26","slug":"entro-a-su-casa-y-sorprendio-a-dos-delincuentes-robando-sus-bienes","status":"publish","type":"post","link":"https:\/\/eltrabajo.cl\/portal\/entro-a-su-casa-y-sorprendio-a-dos-delincuentes-robando-sus-bienes\/","title":{"rendered":"Entr\u00f3 a su casa y sorprendi\u00f3 a dos delincuentes robando sus bienes"},"content":{"rendered":"<figure id=\"attachment_65658\" aria-describedby=\"caption-attachment-65658\" style=\"width: 300px\" class=\"wp-caption alignleft\"><img data-recalc-dims=\"1\" loading=\"lazy\" decoding=\"async\" class=\"wp-image-65658 size-medium\" src=\"https:\/\/i0.wp.com\/www.eltrabajo.cl\/portal\/wp-content\/uploads\/2016\/01\/IMPUTADOS-1-Y-2-copia-300x197.jpg?resize=300%2C197\" alt=\"Los imputados Mario Hevia Reyes y Jaime Tranac\u00e1n Sobarzo tras ser capturados por Carabineros, el Tribunal de Garant\u00eda orden\u00f3 que ambos cumplieran la cautelar de prisi\u00f3n preventiva por el delito de robo en lugar habitado que investiga la Fiscal\u00eda.\" width=\"300\" height=\"197\" srcset=\"https:\/\/i0.wp.com\/eltrabajo.cl\/portal\/wp-content\/uploads\/2016\/01\/IMPUTADOS-1-Y-2-copia.jpg?resize=300%2C197&amp;ssl=1 300w, https:\/\/i0.wp.com\/eltrabajo.cl\/portal\/wp-content\/uploads\/2016\/01\/IMPUTADOS-1-Y-2-copia.jpg?resize=200%2C131&amp;ssl=1 200w, https:\/\/i0.wp.com\/eltrabajo.cl\/portal\/wp-content\/uploads\/2016\/01\/IMPUTADOS-1-Y-2-copia.jpg?resize=228%2C150&amp;ssl=1 228w, https:\/\/i0.wp.com\/eltrabajo.cl\/portal\/wp-content\/uploads\/2016\/01\/IMPUTADOS-1-Y-2-copia.jpg?resize=400%2C263&amp;ssl=1 400w, https:\/\/i0.wp.com\/eltrabajo.cl\/portal\/wp-content\/uploads\/2016\/01\/IMPUTADOS-1-Y-2-copia.jpg?w=530&amp;ssl=1 530w\" sizes=\"auto, (max-width: 300px) 100vw, 300px\" \/><figcaption id=\"caption-attachment-65658\" class=\"wp-caption-text\">Los imputados Mario Hevia Reyes y Jaime Tranac\u00e1n Sobarzo tras ser capturados por Carabineros, el Tribunal de Garant\u00eda orden\u00f3 que ambos cumplieran la cautelar de prisi\u00f3n preventiva por el delito de robo en lugar habitado que investiga la Fiscal\u00eda.<\/figcaption><\/figure>\n<p>La oportuna llegada de Carabineros permiti\u00f3 la captura de dos sujetos que irrumpieron en una vivienda del sector La Troya de San Felipe para robar un computador port\u00e1til, joyas y dinero en efectivo.<\/p>\n<p>Aprovechando que estaba deshabitada una vivienda ubicada en calle Carlos Ru\u00edz Zaldivar del sector La Troya de San Felipe, dos delincuentes forzaron un ventanal del inmueble a pleno d\u00eda, para irrumpir y apoderarse de diversas especies tales como un computador, joyas y dinero en efectivo, siendo sorprendidos por el propio due\u00f1o de casa cuando regresaba de su trabajo.<br \/>\nLos hechos ocurrieron a eso de las 15:40 horas del pasado s\u00e1bado, cuando Carabineros fue alertado por los vecinos del sector de un robo que se produc\u00eda en dicha arteria, indicando que los sujetos ya escapaban del lugar luego de realizar su cometido, detallando las caracter\u00edsticas f\u00edsicas y de vestimentas de los antisociales que huyeron hacia calle La Troya.<br \/>\nLa v\u00edctima de este delito, de 30 a\u00f1os de edad, se\u00f1al\u00f3 a la polic\u00eda que al volver de su trabajo sorprendi\u00f3 a dos desconocidos al interior de su vivienda registrando su casa, utilizando bolsos para sustraer especies. Sin embargo, al percatarse de su presencia, los delincuentes se dirigieron hacia el patio trasero para emprender la huida en direcci\u00f3n desconocida.<br \/>\nTras la llegada de los efectivos policiales, los delincuentes fueron capturados en minutos con las especies robadas, tales como un computador port\u00e1til marca HP, una chequera y joyas, avaluadas en la suma de $800.000. Adem\u00e1s uno de los sujetos manten\u00eda en su poder la suma de $25.000 en efectivo de propiedad de la v\u00edctima.<br \/>\nCarabineros inform\u00f3 que los imputados fueron individualizados como Mario Antonio Hevia Reyes (34) y Jaime Samuel Tranac\u00e1n Sobarzo (29), ambos con un amplio prontuario por delito de robo y hurto. Su detenci\u00f3n fue controlada en el Juzgado de Garant\u00eda de San Felipe para ser formalizados por la Fiscal\u00eda bajo los cargos de robo en lugar habitado.<br \/>\nEl Ministerio P\u00fablico requiri\u00f3 ante el Tribunal la m\u00e1xima cautelar de prisi\u00f3n preventiva debido a que la libertad de los imputados es un serio peligro para la seguridad de la sociedad. El Tribunal estim\u00f3 pertinente dicha cautelar, ordenando el ingreso de los acusados hasta el Centro de Cumplimiento Penitenciario por un plazo de 45 d\u00edas fijados para la investigaci\u00f3n del caso hasta ser sometidos a juicio.<br \/>\n<strong>Pablo Salinas Sald\u00edas<\/strong><\/p>\n","protected":false},"excerpt":{"rendered":"<p>La oportuna llegada de Carabineros permiti\u00f3 la captura de dos sujetos que irrumpieron en una vivienda del sector La Troya de San Felipe para robar un computador port\u00e1til, joyas y dinero en&#8230;<\/p>\n","protected":false},"author":482,"featured_media":65658,"comment_status":"open","ping_status":"open","sticky":false,"template":"","format":"standard","meta":{"advanced_seo_description":"","jetpack_seo_html_title":"","jetpack_seo_noindex":false,"_jetpack_memberships_contains_paid_content":false,"footnotes":""},"categories":[21],"tags":[],"class_list":["post-65656","post","type-post","status-publish","format-standard","has-post-thumbnail","hentry","category-policial"],"jetpack_featured_media_url":"https:\/\/i0.wp.com\/eltrabajo.cl\/portal\/wp-content\/uploads\/2016\/01\/IMPUTADOS-1-Y-2-copia.jpg?fit=530%2C348&ssl=1","jetpack_sharing_enabled":true,"jetpack_likes_enabled":true,"jetpack-related-posts":[],"_links":{"self":[{"href":"https:\/\/eltrabajo.cl\/portal\/wp-json\/wp\/v2\/posts\/65656","targetHints":{"allow":["GET"]}}],"collection":[{"href":"https:\/\/eltrabajo.cl\/portal\/wp-json\/wp\/v2\/posts"}],"about":[{"href":"https:\/\/eltrabajo.cl\/portal\/wp-json\/wp\/v2\/types\/post"}],"author":[{"embeddable":true,"href":"https:\/\/eltrabajo.cl\/portal\/wp-json\/wp\/v2\/users\/482"}],"replies":[{"embeddable":true,"href":"https:\/\/eltrabajo.cl\/portal\/wp-json\/wp\/v2\/comments?post=65656"}],"version-history":[{"count":0,"href":"https:\/\/eltrabajo.cl\/portal\/wp-json\/wp\/v2\/posts\/65656\/revisions"}],"wp:featuredmedia":[{"embeddable":true,"href":"https:\/\/eltrabajo.cl\/portal\/wp-json\/wp\/v2\/media\/65658"}],"wp:attachment":[{"href":"https:\/\/eltrabajo.cl\/portal\/wp-json\/wp\/v2\/media?parent=65656"}],"wp:term":[{"taxonomy":"category","embeddable":true,"href":"https:\/\/eltrabajo.cl\/portal\/wp-json\/wp\/v2\/categories?post=65656"},{"taxonomy":"post_tag","embeddable":true,"href":"https:\/\/eltrabajo.cl\/portal\/wp-json\/wp\/v2\/tags?post=65656"}],"curies":[{"name":"wp","href":"https:\/\/api.w.org\/{rel}","templated":true}]}}