{"id":65666,"date":"2016-01-12T14:06:38","date_gmt":"2016-01-12T17:06:38","guid":{"rendered":"http:\/\/www.eltrabajo.cl\/portal\/?p=65666"},"modified":"2016-01-12T14:06:38","modified_gmt":"2016-01-12T17:06:38","slug":"el-sabado-sera-el-debut-de-union-san-felipe-en-la-segunda-parte-del-campeonato-de-la-primera-b","status":"publish","type":"post","link":"https:\/\/eltrabajo.cl\/portal\/el-sabado-sera-el-debut-de-union-san-felipe-en-la-segunda-parte-del-campeonato-de-la-primera-b\/","title":{"rendered":"El s\u00e1bado ser\u00e1 el debut de Uni\u00f3n San Felipe en la segunda parte del campeonato de la Primera B"},"content":{"rendered":"<figure id=\"attachment_65667\" aria-describedby=\"caption-attachment-65667\" style=\"width: 300px\" class=\"wp-caption alignleft\"><img data-recalc-dims=\"1\" loading=\"lazy\" decoding=\"async\" class=\"wp-image-65667 size-medium\" src=\"https:\/\/i0.wp.com\/www.eltrabajo.cl\/portal\/wp-content\/uploads\/2016\/01\/unii-uni-300x198.jpg?resize=300%2C198\" alt=\"Frente a Deportes Montt en el estadio Chinquihue ser\u00e1 el estreno del Un\u00ed en la segunda parte del torneo de la Primera B.\" width=\"300\" height=\"198\" srcset=\"https:\/\/i0.wp.com\/eltrabajo.cl\/portal\/wp-content\/uploads\/2016\/01\/unii-uni.jpg?resize=300%2C198&amp;ssl=1 300w, https:\/\/i0.wp.com\/eltrabajo.cl\/portal\/wp-content\/uploads\/2016\/01\/unii-uni.jpg?resize=200%2C132&amp;ssl=1 200w, https:\/\/i0.wp.com\/eltrabajo.cl\/portal\/wp-content\/uploads\/2016\/01\/unii-uni.jpg?resize=228%2C150&amp;ssl=1 228w, https:\/\/i0.wp.com\/eltrabajo.cl\/portal\/wp-content\/uploads\/2016\/01\/unii-uni.jpg?resize=400%2C263&amp;ssl=1 400w, https:\/\/i0.wp.com\/eltrabajo.cl\/portal\/wp-content\/uploads\/2016\/01\/unii-uni.jpg?w=530&amp;ssl=1 530w\" sizes=\"auto, (max-width: 300px) 100vw, 300px\" \/><figcaption id=\"caption-attachment-65667\" class=\"wp-caption-text\">Frente a Deportes Montt en el estadio Chinquihue ser\u00e1 el estreno del Un\u00ed en la segunda parte del torneo de la Primera B.<\/figcaption><\/figure>\n<p>El pr\u00f3ximo s\u00e1bado cuando el reloj indique las seis de tarde en punto, la larga espera de los hinchas del Un\u00ed por volver a gozar y sufrir con el equipo de sus amores llegar\u00e1 a su fin cuando en el estadio Chinquihue, en la capital de decima regi\u00f3n la escuadra albirroja enfrente a Deportes Puerto Montt.<br \/>\nLa primera fecha de la segunda rueda del torneo de la Primera B, ser\u00e1 abierta con el lance que en el norte protagonizaran Deportes Copiap\u00f3 con Santiago Morning, mientras que el domingo la cerrar\u00e1n en el Sausalito de Vi\u00f1a del Mar, Everton y Magallanes, partido que ir\u00e1 por las pantallas del CDF.<br \/>\n<strong>Programaci\u00f3n primera fecha:<\/strong><br \/>\n<strong>S\u00e1bado 16 de enero:<\/strong><br \/>\n16:00 horas, Copiap\u00f3- Santiago Morning<br \/>\n18:00 horas, Puerto Montt \u2013 Uni\u00f3n San Felipe<br \/>\n19:00 horas, Iberia \u2013 Deportes Temuco<br \/>\n20:00 horas, Curic\u00f3 \u2013 Cobreloa<br \/>\n20:30 horas, Coquimbo Unido \u2013 Rangers<br \/>\n<strong>Domingo 17 de enero<\/strong><br \/>\n17:00 horas, Deportes Concepci\u00f3n \u2013 Barnechea<br \/>\n18:30 horas, \u00d1ublense \u2013 Deportes La Serena<br \/>\n20:30 horas, Everton \u2013 Magallanes<\/p>\n","protected":false},"excerpt":{"rendered":"<p>El pr\u00f3ximo s\u00e1bado cuando el reloj indique las seis de tarde en punto, la larga espera de los hinchas del Un\u00ed por volver a gozar y sufrir con el equipo de sus&#8230;<\/p>\n","protected":false},"author":482,"featured_media":65667,"comment_status":"open","ping_status":"open","sticky":false,"template":"","format":"standard","meta":{"advanced_seo_description":"","jetpack_seo_html_title":"","jetpack_seo_noindex":false,"_jetpack_memberships_contains_paid_content":false,"footnotes":""},"categories":[19],"tags":[],"class_list":["post-65666","post","type-post","status-publish","format-standard","has-post-thumbnail","hentry","category-deportes"],"jetpack_featured_media_url":"https:\/\/i0.wp.com\/eltrabajo.cl\/portal\/wp-content\/uploads\/2016\/01\/unii-uni.jpg?fit=530%2C349&ssl=1","jetpack_sharing_enabled":true,"jetpack_likes_enabled":true,"jetpack-related-posts":[],"_links":{"self":[{"href":"https:\/\/eltrabajo.cl\/portal\/wp-json\/wp\/v2\/posts\/65666","targetHints":{"allow":["GET"]}}],"collection":[{"href":"https:\/\/eltrabajo.cl\/portal\/wp-json\/wp\/v2\/posts"}],"about":[{"href":"https:\/\/eltrabajo.cl\/portal\/wp-json\/wp\/v2\/types\/post"}],"author":[{"embeddable":true,"href":"https:\/\/eltrabajo.cl\/portal\/wp-json\/wp\/v2\/users\/482"}],"replies":[{"embeddable":true,"href":"https:\/\/eltrabajo.cl\/portal\/wp-json\/wp\/v2\/comments?post=65666"}],"version-history":[{"count":0,"href":"https:\/\/eltrabajo.cl\/portal\/wp-json\/wp\/v2\/posts\/65666\/revisions"}],"wp:featuredmedia":[{"embeddable":true,"href":"https:\/\/eltrabajo.cl\/portal\/wp-json\/wp\/v2\/media\/65667"}],"wp:attachment":[{"href":"https:\/\/eltrabajo.cl\/portal\/wp-json\/wp\/v2\/media?parent=65666"}],"wp:term":[{"taxonomy":"category","embeddable":true,"href":"https:\/\/eltrabajo.cl\/portal\/wp-json\/wp\/v2\/categories?post=65666"},{"taxonomy":"post_tag","embeddable":true,"href":"https:\/\/eltrabajo.cl\/portal\/wp-json\/wp\/v2\/tags?post=65666"}],"curies":[{"name":"wp","href":"https:\/\/api.w.org\/{rel}","templated":true}]}}