{"id":65669,"date":"2016-01-12T14:08:25","date_gmt":"2016-01-12T17:08:25","guid":{"rendered":"http:\/\/www.eltrabajo.cl\/portal\/?p=65669"},"modified":"2016-01-12T14:08:25","modified_gmt":"2016-01-12T17:08:25","slug":"con-gran-asistencia-culmino-vii-version-del-festival-de-la-voz-de-panquehue","status":"publish","type":"post","link":"https:\/\/eltrabajo.cl\/portal\/con-gran-asistencia-culmino-vii-version-del-festival-de-la-voz-de-panquehue\/","title":{"rendered":"Con gran asistencia culmin\u00f3 VII versi\u00f3n del Festival de la Voz de Panquehue"},"content":{"rendered":"<figure id=\"attachment_65670\" aria-describedby=\"caption-attachment-65670\" style=\"width: 300px\" class=\"wp-caption alignleft\"><img data-recalc-dims=\"1\" loading=\"lazy\" decoding=\"async\" class=\"wp-image-65670 size-medium\" src=\"https:\/\/i0.wp.com\/www.eltrabajo.cl\/portal\/wp-content\/uploads\/2016\/01\/Festival-de-la-Voz-de-Panquehue-2016-2-300x198.jpg?resize=300%2C198\" alt=\"En la jornada de cierre, se present\u00f3 Mar\u00eda Jos\u00e9 Quintanilla junto a un grupo de mariachis, cantando sus mejores canciones. \" width=\"300\" height=\"198\" srcset=\"https:\/\/i0.wp.com\/eltrabajo.cl\/portal\/wp-content\/uploads\/2016\/01\/Festival-de-la-Voz-de-Panquehue-2016-2.jpg?resize=300%2C198&amp;ssl=1 300w, https:\/\/i0.wp.com\/eltrabajo.cl\/portal\/wp-content\/uploads\/2016\/01\/Festival-de-la-Voz-de-Panquehue-2016-2.jpg?resize=200%2C132&amp;ssl=1 200w, https:\/\/i0.wp.com\/eltrabajo.cl\/portal\/wp-content\/uploads\/2016\/01\/Festival-de-la-Voz-de-Panquehue-2016-2.jpg?resize=227%2C150&amp;ssl=1 227w, https:\/\/i0.wp.com\/eltrabajo.cl\/portal\/wp-content\/uploads\/2016\/01\/Festival-de-la-Voz-de-Panquehue-2016-2.jpg?resize=400%2C264&amp;ssl=1 400w, https:\/\/i0.wp.com\/eltrabajo.cl\/portal\/wp-content\/uploads\/2016\/01\/Festival-de-la-Voz-de-Panquehue-2016-2.jpg?w=530&amp;ssl=1 530w\" sizes=\"auto, (max-width: 300px) 100vw, 300px\" \/><figcaption id=\"caption-attachment-65670\" class=\"wp-caption-text\">En la jornada de cierre, se present\u00f3 Mar\u00eda Jos\u00e9 Quintanilla junto a un grupo de mariachis, cantando sus mejores canciones.<\/figcaption><\/figure>\n<ul>\n<li><strong>En la segunda noche estuvieron Mar\u00eda Jos\u00e9 Quintanilla, la Sonora Malec\u00f3n. Fusi\u00f3n Humor y la competencia fue ganada por Francisco Gonz\u00e1lez representando a Los Andes.<\/strong><\/li>\n<\/ul>\n<p><strong>PANQUEHUE.<\/strong>&#8211; De ejemplar fue calificado por parte del alcalde Luis Pradenas, la realizaci\u00f3n de la VII versi\u00f3n del Festival de la voz de Panquehue, que en esta oportunidad cont\u00f3 con artistas de gran nivel, tales como Myriam Hern\u00e1ndez, Mar\u00eda Jos\u00e9 Quintanilla, Los Vikings 5, Sonora Malecon, Che Copete y Fusi\u00f3n Humor.<br \/>\nLos miles de vecinos que repletaron las instalaciones del estadio Los Libertadores del sector La Pirca, disfrutaron de un gran show, que resalt\u00f3 con la calidad en iluminaci\u00f3n y sonido.<\/p>\n<figure id=\"attachment_65671\" aria-describedby=\"caption-attachment-65671\" style=\"width: 300px\" class=\"wp-caption alignright\"><img data-recalc-dims=\"1\" loading=\"lazy\" decoding=\"async\" class=\"wp-image-65671 size-medium\" src=\"https:\/\/i0.wp.com\/www.eltrabajo.cl\/portal\/wp-content\/uploads\/2016\/01\/Festival-de-la-Voz-de-Panquehue-2016-1-300x198.jpg?resize=300%2C198\" alt=\"El Che Copete tambi\u00e9n realiz\u00f3 un exitoso paso por el festival panquehuino.\" width=\"300\" height=\"198\" srcset=\"https:\/\/i0.wp.com\/eltrabajo.cl\/portal\/wp-content\/uploads\/2016\/01\/Festival-de-la-Voz-de-Panquehue-2016-1.jpg?resize=300%2C198&amp;ssl=1 300w, https:\/\/i0.wp.com\/eltrabajo.cl\/portal\/wp-content\/uploads\/2016\/01\/Festival-de-la-Voz-de-Panquehue-2016-1.jpg?resize=200%2C132&amp;ssl=1 200w, https:\/\/i0.wp.com\/eltrabajo.cl\/portal\/wp-content\/uploads\/2016\/01\/Festival-de-la-Voz-de-Panquehue-2016-1.jpg?resize=227%2C150&amp;ssl=1 227w, https:\/\/i0.wp.com\/eltrabajo.cl\/portal\/wp-content\/uploads\/2016\/01\/Festival-de-la-Voz-de-Panquehue-2016-1.jpg?resize=400%2C264&amp;ssl=1 400w, https:\/\/i0.wp.com\/eltrabajo.cl\/portal\/wp-content\/uploads\/2016\/01\/Festival-de-la-Voz-de-Panquehue-2016-1.jpg?w=530&amp;ssl=1 530w\" sizes=\"auto, (max-width: 300px) 100vw, 300px\" \/><figcaption id=\"caption-attachment-65671\" class=\"wp-caption-text\">El Che Copete tambi\u00e9n realiz\u00f3 un exitoso paso por el festival panquehuino.<\/figcaption><\/figure>\n<p>En la jornada de clausura, tras la presentaci\u00f3n de los animadores oficiales, Vanesa Osandon y Pablo Schilling, fue saludado el alcalde Luis Pradenas, el Consejero Regional Iv\u00e1n Reyes, los concejales, adem\u00e1s de invitados especiales, comenzando esta jornada con la presentaci\u00f3n del grupo folcl\u00f3rico Aukan, quienes realizaron un recorrido musical por distintos pa\u00edses americanos. En esta segunda noche, el n\u00famero local estuvo a cargo de Victoria Ojeda, quien deleit\u00f3 con canciones de un reportorio popular. Una de las artistas esperadas en la jornada de cierre fue Mar\u00eda Jos\u00e9 Quintanilla, el exrosto de Rojo Fama Contra Fama, quien puso en escena un grupo de mariachis, realizando un pas\u00f3 por sus mejores canciones. Acto seguido fue la presentaci\u00f3n de las canciones de la competencia.<br \/>\nEl humor estuvo a cargo en la ocasi\u00f3n de Fusi\u00f3n Humor, quienes con una rutina r\u00e1pida y con picard\u00eda hicieron re\u00edr a los asistentes de la jornada.<br \/>\nAl momento de la premiaci\u00f3n, el artista m\u00e1s popular que fue elegido a trav\u00e9s de votaciones realizadas a Radio Panquehue, recay\u00f3 en Fabi\u00e1n D\u00edaz con el tema Hijo del Pueblo, en tanto que el primer lugar fue para Francisco Gonz\u00e1lez representando a la ciudad de Los Andes, con la canci\u00f3n Castillos en el Aire, quien recibi\u00f3 el galvano y el premio de $ 500.000 de manos del alcalde Luis Pradenas. El segundo lugar fue para Priscila Guzm\u00e1n con la canci\u00f3n Amor Por Ti, quien recibi\u00f3 galvano y $ 300.000 pesos y el tercer lugar para Javier N\u00fa\u00f1ez con la canci\u00f3n Due\u00f1a de Nada con galvano $ 200.000 de premio.<br \/>\nLa clausura del festival estuvo a cargo de un grupo internacional, La Sonora Malec\u00f3n quienes interpretaron una serie de \u00e9xitos, que hicieron cantar y bailar a todos a los asistentes al festival la voz de Panquehue.<br \/>\nPara el alcalde Luis Pradenas este ha sido un gran festival y est\u00e1 muy agradecido del apoyo de la empresa privada, pues se pudo realizar un gran evento a la comunidad de Panquehue.<br \/>\n\u201cFeliz, porque fueron dos grandes noches de festival con artistas de gran nivel, creo que ha sido un festival que ha crecido con estos a\u00f1os, por lo tanto, es un esfuerzo que se logra con los funcionarios municipales y la empresa privada.<br \/>\nEl hecho de tener artista de gran nivel, deja de manifiesto que el festival ha crecido\u201d.<br \/>\nEn tanto Francisco Gonz\u00e1lez, ganador de esta versi\u00f3n del festival La Voz de Panquehue dijo estar feliz, porque fue una competencia donde hubo canciones de un alto nivel, sin embargo este triunfo le permite seguir competiendo en otros festivales.<\/p>\n","protected":false},"excerpt":{"rendered":"<p>En la segunda noche estuvieron Mar\u00eda Jos\u00e9 Quintanilla, la Sonora Malec\u00f3n. Fusi\u00f3n Humor y la competencia fue ganada por Francisco Gonz\u00e1lez representando a Los Andes. PANQUEHUE.&#8211; De ejemplar fue calificado por parte&#8230;<\/p>\n","protected":false},"author":482,"featured_media":65670,"comment_status":"open","ping_status":"open","sticky":false,"template":"","format":"standard","meta":{"advanced_seo_description":"","jetpack_seo_html_title":"","jetpack_seo_noindex":false,"_jetpack_memberships_contains_paid_content":false,"footnotes":""},"categories":[15],"tags":[],"class_list":["post-65669","post","type-post","status-publish","format-standard","has-post-thumbnail","hentry","category-comunidad"],"jetpack_featured_media_url":"https:\/\/i0.wp.com\/eltrabajo.cl\/portal\/wp-content\/uploads\/2016\/01\/Festival-de-la-Voz-de-Panquehue-2016-2.jpg?fit=530%2C350&ssl=1","jetpack_sharing_enabled":true,"jetpack_likes_enabled":true,"jetpack-related-posts":[],"_links":{"self":[{"href":"https:\/\/eltrabajo.cl\/portal\/wp-json\/wp\/v2\/posts\/65669","targetHints":{"allow":["GET"]}}],"collection":[{"href":"https:\/\/eltrabajo.cl\/portal\/wp-json\/wp\/v2\/posts"}],"about":[{"href":"https:\/\/eltrabajo.cl\/portal\/wp-json\/wp\/v2\/types\/post"}],"author":[{"embeddable":true,"href":"https:\/\/eltrabajo.cl\/portal\/wp-json\/wp\/v2\/users\/482"}],"replies":[{"embeddable":true,"href":"https:\/\/eltrabajo.cl\/portal\/wp-json\/wp\/v2\/comments?post=65669"}],"version-history":[{"count":0,"href":"https:\/\/eltrabajo.cl\/portal\/wp-json\/wp\/v2\/posts\/65669\/revisions"}],"wp:featuredmedia":[{"embeddable":true,"href":"https:\/\/eltrabajo.cl\/portal\/wp-json\/wp\/v2\/media\/65670"}],"wp:attachment":[{"href":"https:\/\/eltrabajo.cl\/portal\/wp-json\/wp\/v2\/media?parent=65669"}],"wp:term":[{"taxonomy":"category","embeddable":true,"href":"https:\/\/eltrabajo.cl\/portal\/wp-json\/wp\/v2\/categories?post=65669"},{"taxonomy":"post_tag","embeddable":true,"href":"https:\/\/eltrabajo.cl\/portal\/wp-json\/wp\/v2\/tags?post=65669"}],"curies":[{"name":"wp","href":"https:\/\/api.w.org\/{rel}","templated":true}]}}