{"id":65673,"date":"2016-01-12T14:11:06","date_gmt":"2016-01-12T17:11:06","guid":{"rendered":"http:\/\/www.eltrabajo.cl\/portal\/?p=65673"},"modified":"2016-01-12T14:11:06","modified_gmt":"2016-01-12T17:11:06","slug":"gerente-buses-ahumada-pide-a-subsecretario-del-interior-reforzar-seguridad-en-carreteras","status":"publish","type":"post","link":"https:\/\/eltrabajo.cl\/portal\/gerente-buses-ahumada-pide-a-subsecretario-del-interior-reforzar-seguridad-en-carreteras\/","title":{"rendered":"Gerente Buses Ahumada pide a Subsecretario del Interior reforzar seguridad en carreteras"},"content":{"rendered":"<figure id=\"attachment_65674\" aria-describedby=\"caption-attachment-65674\" style=\"width: 300px\" class=\"wp-caption alignleft\"><img data-recalc-dims=\"1\" loading=\"lazy\" decoding=\"async\" class=\"wp-image-65674 size-medium\" src=\"https:\/\/i0.wp.com\/www.eltrabajo.cl\/portal\/wp-content\/uploads\/2016\/01\/Reunion-Subsecretario-1-300x197.jpg?resize=300%2C197\" alt=\"El Gerente de Operaciones de Buses Ahumada, Mathias Quiroz, se reuni\u00f3 con el Subsecretario de Interior Mahmud Aleuy para plantear la necesidad de mayor seguridad en carreteras. \" width=\"300\" height=\"197\" srcset=\"https:\/\/i0.wp.com\/eltrabajo.cl\/portal\/wp-content\/uploads\/2016\/01\/Reunion-Subsecretario-1.jpg?resize=300%2C197&amp;ssl=1 300w, https:\/\/i0.wp.com\/eltrabajo.cl\/portal\/wp-content\/uploads\/2016\/01\/Reunion-Subsecretario-1.jpg?resize=200%2C131&amp;ssl=1 200w, https:\/\/i0.wp.com\/eltrabajo.cl\/portal\/wp-content\/uploads\/2016\/01\/Reunion-Subsecretario-1.jpg?resize=228%2C150&amp;ssl=1 228w, https:\/\/i0.wp.com\/eltrabajo.cl\/portal\/wp-content\/uploads\/2016\/01\/Reunion-Subsecretario-1.jpg?resize=400%2C263&amp;ssl=1 400w, https:\/\/i0.wp.com\/eltrabajo.cl\/portal\/wp-content\/uploads\/2016\/01\/Reunion-Subsecretario-1.jpg?w=530&amp;ssl=1 530w\" sizes=\"auto, (max-width: 300px) 100vw, 300px\" \/><figcaption id=\"caption-attachment-65674\" class=\"wp-caption-text\">El Gerente de Operaciones de Buses Ahumada, Mathias Quiroz, se reuni\u00f3 con el Subsecretario de Interior Mahmud Aleuy para plantear la necesidad de mayor seguridad en carreteras.<\/figcaption><\/figure>\n<ul>\n<li><strong>Tras violento asalto que sufri\u00f3 un bus de la empresa el mi\u00e9rcoles pasado, Gerente de Operaciones de Buses Ahumada se reuni\u00f3 con Subsecretario Mahmud Aleuy, al tiempo que inici\u00f3 reuniones con autoridades de Aconcagua y Chacabuco para pedir apoyo.<\/strong><\/li>\n<\/ul>\n<p>La necesidad de reforzar las medidas de seguridad en las carreteras, a objeto de no repetir episodios como el asalto que afect\u00f3 a un bus el mi\u00e9rcoles pasado en el sector de Huech\u00fan, donde 8 pasajeros fueron v\u00edctimas de robo y el conductor herido por impactos de perdigones, fue la petici\u00f3n que realiz\u00f3 en La Moneda, el Gerente de Operaciones de Buses Ahumada, Mathias Quiroz, al Subsecretario de Interior Mahmud Aleuy.<br \/>\nQuiroz, quien reconoci\u00f3 que a\u00fan existe enorme conmoci\u00f3n por lo ocurrido la noche del mi\u00e9rcoles, manifest\u00f3 que lamentablemente este tipo de situaciones escapan de cualquier protocolo que pueda implementar la empresa de transportes de pasajeros que dirige. Por lo mismo, se\u00f1al\u00f3 que resulta fundamental que el Gobierno implemente y disponga nuevas medidas que se orienten a enfrentar con mejores resultados este tipo de problem\u00e1ticas.<br \/>\nAcompa\u00f1ado del presidente de Fenabus Marcos Carter, Quiroz analiz\u00f3 con el subsecretario Aleuy lo que est\u00e1 ocurriendo en las rutas tras este hecho tan inusual en nuestro pa\u00eds, pero frecuente en las carreteras de otros pa\u00edses de Sudam\u00e9rica como Per\u00fa y Colombia.<br \/>\n\u201cEstas son situaciones que no las entendemos, un asalto con tal magnitud de violencia a 60 kil\u00f3metros de Santiago es algo sin precedentes\u201d, se\u00f1al\u00f3 el ejecutivo, agregando que \u201ccomo empresa estamos pidi\u00e9ndole al Gobierno que nos ayude, nos apoye para seguir prestando nuestro servicio con seguridad\u201d.<br \/>\nSe\u00f1al\u00f3 que tras reunirse con el subsecretario \u201cnos vamos tranquilos porque la voluntad est\u00e1, est\u00e1 el apoyo y eso nos da tranquilidad de decirle a nuestros usuarios que estamos haciendo todo lo que est\u00e9 a nuestro alcance para que estas cosas no se vuelvan a repetir\u201d.<br \/>\nEn tanto, el Subsecreteario Aleuy afirm\u00f3 que hay un intento de grupos delictuales de tener un cierto control territorial \u201cy nosotros vamos a impedir eso\u201d.<br \/>\nA\u00f1adi\u00f3 que en virtud de ello se retomar\u00e1 la mesa de trabajo del transporte interurbano para determinar la sanciones que pueden ser aplicadas a contar de este a\u00f1o para quienes cometen este tipo de delitos.<\/p>\n<p><strong>REUNIONES CON \u00a0AUTORIDADES LOCALES<\/strong><br \/>\nParalelamente, la empresa inici\u00f3 una serie de reuniones con las principales autoridades de las provincias de San Felipe, Los Andes y Chacabuco, a objeto de solicitar su apoyo a esta necesidad de reforzar la seguridad y hacer frente a un problema que afecta a todo el pa\u00eds.<br \/>\nEs as\u00ed como en la ma\u00f1ana del viernes, el Gerente de Recursos Humanos de Buses Ahumada Christian Acevedo, acompa\u00f1ado del administrador en San Felipe, Javier Navarro, se reunieron con el alcalde Patricio Freire, quien manifest\u00f3 su solidaridad con la empresa y al mismo tiempo, enfatiz\u00f3 en la urgencia de poner freno a este tipo de situaciones que generan enorme inseguridad y temor en la poblaci\u00f3n.<br \/>\n\u201cSon muchos los sanfelipe\u00f1os que trabajan en Santiago y que viajan en bus. Esto pudo pasarle a cualquiera, pero justo toc\u00f3 a un bus que presta servicios para nuestro valle. Esto nos preocupa mucho, porque sabemos que lo ocurrido es de enorme gravedad, por lo tanto confiamos en que desde el gobierno se adoptar\u00e1n nuevas medidas para evitar que estos hechos se repitan\u201d, manifest\u00f3 el alcalde de San Felipe.<br \/>\nCabe consignar que este lunes, Buses Ahumada presentar\u00e1 ante la justicia una querella por infracci\u00f3n a la ley de control de armas y robo con intimidaci\u00f3n en contra de quienes resulten ser responsables del violento atraco. Igual acci\u00f3n judicial iniciar\u00e1 el gobierno, seg\u00fan confirm\u00f3 tras la reuni\u00f3n con Mathias Quiroz, el subsecretario del Interior Mahmud Aleuy.<\/p>\n","protected":false},"excerpt":{"rendered":"<p>Tras violento asalto que sufri\u00f3 un bus de la empresa el mi\u00e9rcoles pasado, Gerente de Operaciones de Buses Ahumada se reuni\u00f3 con Subsecretario Mahmud Aleuy, al tiempo que inici\u00f3 reuniones con autoridades&#8230;<\/p>\n","protected":false},"author":482,"featured_media":65674,"comment_status":"open","ping_status":"open","sticky":false,"template":"","format":"standard","meta":{"advanced_seo_description":"","jetpack_seo_html_title":"","jetpack_seo_noindex":false,"_jetpack_memberships_contains_paid_content":false,"footnotes":""},"categories":[1],"tags":[],"class_list":["post-65673","post","type-post","status-publish","format-standard","has-post-thumbnail","hentry","category-cronica"],"jetpack_featured_media_url":"https:\/\/i0.wp.com\/eltrabajo.cl\/portal\/wp-content\/uploads\/2016\/01\/Reunion-Subsecretario-1.jpg?fit=530%2C348&ssl=1","jetpack_sharing_enabled":true,"jetpack_likes_enabled":true,"jetpack-related-posts":[],"_links":{"self":[{"href":"https:\/\/eltrabajo.cl\/portal\/wp-json\/wp\/v2\/posts\/65673","targetHints":{"allow":["GET"]}}],"collection":[{"href":"https:\/\/eltrabajo.cl\/portal\/wp-json\/wp\/v2\/posts"}],"about":[{"href":"https:\/\/eltrabajo.cl\/portal\/wp-json\/wp\/v2\/types\/post"}],"author":[{"embeddable":true,"href":"https:\/\/eltrabajo.cl\/portal\/wp-json\/wp\/v2\/users\/482"}],"replies":[{"embeddable":true,"href":"https:\/\/eltrabajo.cl\/portal\/wp-json\/wp\/v2\/comments?post=65673"}],"version-history":[{"count":0,"href":"https:\/\/eltrabajo.cl\/portal\/wp-json\/wp\/v2\/posts\/65673\/revisions"}],"wp:featuredmedia":[{"embeddable":true,"href":"https:\/\/eltrabajo.cl\/portal\/wp-json\/wp\/v2\/media\/65674"}],"wp:attachment":[{"href":"https:\/\/eltrabajo.cl\/portal\/wp-json\/wp\/v2\/media?parent=65673"}],"wp:term":[{"taxonomy":"category","embeddable":true,"href":"https:\/\/eltrabajo.cl\/portal\/wp-json\/wp\/v2\/categories?post=65673"},{"taxonomy":"post_tag","embeddable":true,"href":"https:\/\/eltrabajo.cl\/portal\/wp-json\/wp\/v2\/tags?post=65673"}],"curies":[{"name":"wp","href":"https:\/\/api.w.org\/{rel}","templated":true}]}}