{"id":65676,"date":"2016-01-12T14:15:48","date_gmt":"2016-01-12T17:15:48","guid":{"rendered":"http:\/\/www.eltrabajo.cl\/portal\/?p=65676"},"modified":"2016-01-12T14:15:48","modified_gmt":"2016-01-12T17:15:48","slug":"esperan-materializar-farmacia-popular-a-fines-de-marzo","status":"publish","type":"post","link":"https:\/\/eltrabajo.cl\/portal\/esperan-materializar-farmacia-popular-a-fines-de-marzo\/","title":{"rendered":"Esperan materializar Farmacia Popular a fines de marzo"},"content":{"rendered":"<figure id=\"attachment_65677\" aria-describedby=\"caption-attachment-65677\" style=\"width: 300px\" class=\"wp-caption alignleft\"><img data-recalc-dims=\"1\" loading=\"lazy\" decoding=\"async\" class=\"wp-image-65677 size-medium\" src=\"https:\/\/i0.wp.com\/www.eltrabajo.cl\/portal\/wp-content\/uploads\/2016\/01\/conferencia-300x197.jpg?resize=300%2C197\" alt=\"El alcalde Patricio Freire y el concejal y presidente de la Comisi\u00f3n de Salud del Concejo, Rodolfo Silva informaron que esperan que la Farmacia Popular est\u00e9 disponible a fines de marzo.\" width=\"300\" height=\"197\" srcset=\"https:\/\/i0.wp.com\/eltrabajo.cl\/portal\/wp-content\/uploads\/2016\/01\/conferencia.jpg?resize=300%2C197&amp;ssl=1 300w, https:\/\/i0.wp.com\/eltrabajo.cl\/portal\/wp-content\/uploads\/2016\/01\/conferencia.jpg?resize=200%2C131&amp;ssl=1 200w, https:\/\/i0.wp.com\/eltrabajo.cl\/portal\/wp-content\/uploads\/2016\/01\/conferencia.jpg?resize=228%2C150&amp;ssl=1 228w, https:\/\/i0.wp.com\/eltrabajo.cl\/portal\/wp-content\/uploads\/2016\/01\/conferencia.jpg?resize=400%2C263&amp;ssl=1 400w, https:\/\/i0.wp.com\/eltrabajo.cl\/portal\/wp-content\/uploads\/2016\/01\/conferencia.jpg?w=530&amp;ssl=1 530w\" sizes=\"auto, (max-width: 300px) 100vw, 300px\" \/><figcaption id=\"caption-attachment-65677\" class=\"wp-caption-text\">El alcalde Patricio Freire y el concejal y presidente de la Comisi\u00f3n de Salud del Concejo, Rodolfo Silva informaron que esperan que la Farmacia Popular est\u00e9 disponible a fines de marzo.<\/figcaption><\/figure>\n<ul>\n<li><strong>Alcalde Freire y Concejal Silva destacaron trabajo riguroso que han realizado para concretar iniciativa en el breve plazo.<\/strong><\/li>\n<\/ul>\n<p>A paso firme avanza el trabajo de la Comisi\u00f3n de Salud del Concejo Municipal, en conjunto con la Direcci\u00f3n de Salud de la corporaci\u00f3n edilicia, en la elaboraci\u00f3n del proyecto orientado a la creaci\u00f3n de una Farmacia Popular en la comuna, la que se espera pueda iniciar su funcionamiento a fines de marzo pr\u00f3ximo.<br \/>\nAs\u00ed lo dieron a conocer el alcalde Patricio Freire y el concejal y presidente de la Comisi\u00f3n de Salud del Concejo, Rodolfo Silva, tras la reuni\u00f3n realizada en la ma\u00f1ana de este lunes y donde se afinaron detalles acerca del trabajo que permita cristalizar esta iniciativa.<br \/>\nEl alcalde Freire manifest\u00f3 que desde la aprobaci\u00f3n de la propuesta de creaci\u00f3n de una farmacia popular en la comuna, por parte del Concejo Municipal, se inici\u00f3 un trabajo conjunto, basado en una carta Gantt, adecuada a la normativa legal vigente, a objeto de lograr la autorizaci\u00f3n de las autoridades pertinentes.<br \/>\n\u201cEstamos trabajando coordinadamente, muy ajustados a lo que se\u00f1ala la ley, para que as\u00ed el proceso finalice exitosamente. Esta es una propuesta que se aprob\u00f3 en noviembre pasado y confiamos en que esta labor va a dar sus frutos en el breve plazo\u201d, se\u00f1al\u00f3 el alcalde Freire.<br \/>\nEn tanto, el concejal Rodolfo Silva manifest\u00f3 que se est\u00e1n discutiendo los t\u00e9rminos t\u00e9cnicos de esta iniciativa, acotando plazos a la espera de que la propuesta se concrete antes del plazo original que se hab\u00eda fijado.<br \/>\n\u201cHemos visto con alegr\u00eda que se instale m\u00e1s pronto la farmacia en la comuna, va a ser una realidad. Hay detalles legales y t\u00e9cnicos que estamos afinando, por ejemplo en t\u00e9rminos de la dependencia que tendr\u00e1 esta farmacia popular, que ser\u00e1 en este caso de la Direcci\u00f3n de Salud Municipal, lo que significa un cambio de organigrama; tenemos que hacer un dise\u00f1o estructural, definir el gasto en que incurrir\u00e1 el municipio para personal y la infraestructura a utilizar\u201d, se\u00f1al\u00f3 el concejal.<br \/>\nA\u00f1adi\u00f3 que la idea de la Comisi\u00f3n, es desarrollar un trabajo serio y responsable, comprendiendo que si bien la Municipalidad de Recoleta es pionera en este proceso, lo cierto es que han enfrentado dificultades que en San Felipe no se desea cometer.<br \/>\n\u201cTenemos que definir a los beneficiarios, si los usuarios de Cesfam o todos los vecinos; pero tenemos claro que a contar del 15 de enero est\u00e9 todo protocolizado, para que el funcionamiento sea a fines de marzo. No estamos en la parada pol\u00edtica, ni estamos manipulando pol\u00edticamente el tema. Estamos por el funcionamiento, por la parte t\u00e9cnica, ese es nuestro tema: desarrollar una iniciativa que favorezca a la mayor cantidad de sanfelipe\u00f1os, pero en base a una labor responsable, seria y rigurosa\u201d, manifest\u00f3 el presidente de la Comisi\u00f3n de Salud del Concejo Municipal.<\/p>\n","protected":false},"excerpt":{"rendered":"<p>Alcalde Freire y Concejal Silva destacaron trabajo riguroso que han realizado para concretar iniciativa en el breve plazo. A paso firme avanza el trabajo de la Comisi\u00f3n de Salud del Concejo Municipal,&#8230;<\/p>\n","protected":false},"author":482,"featured_media":65677,"comment_status":"open","ping_status":"open","sticky":false,"template":"","format":"standard","meta":{"advanced_seo_description":"","jetpack_seo_html_title":"","jetpack_seo_noindex":false,"_jetpack_memberships_contains_paid_content":false,"footnotes":""},"categories":[1],"tags":[],"class_list":["post-65676","post","type-post","status-publish","format-standard","has-post-thumbnail","hentry","category-cronica"],"jetpack_featured_media_url":"https:\/\/i0.wp.com\/eltrabajo.cl\/portal\/wp-content\/uploads\/2016\/01\/conferencia.jpg?fit=530%2C348&ssl=1","jetpack_sharing_enabled":true,"jetpack_likes_enabled":true,"jetpack-related-posts":[],"_links":{"self":[{"href":"https:\/\/eltrabajo.cl\/portal\/wp-json\/wp\/v2\/posts\/65676","targetHints":{"allow":["GET"]}}],"collection":[{"href":"https:\/\/eltrabajo.cl\/portal\/wp-json\/wp\/v2\/posts"}],"about":[{"href":"https:\/\/eltrabajo.cl\/portal\/wp-json\/wp\/v2\/types\/post"}],"author":[{"embeddable":true,"href":"https:\/\/eltrabajo.cl\/portal\/wp-json\/wp\/v2\/users\/482"}],"replies":[{"embeddable":true,"href":"https:\/\/eltrabajo.cl\/portal\/wp-json\/wp\/v2\/comments?post=65676"}],"version-history":[{"count":0,"href":"https:\/\/eltrabajo.cl\/portal\/wp-json\/wp\/v2\/posts\/65676\/revisions"}],"wp:featuredmedia":[{"embeddable":true,"href":"https:\/\/eltrabajo.cl\/portal\/wp-json\/wp\/v2\/media\/65677"}],"wp:attachment":[{"href":"https:\/\/eltrabajo.cl\/portal\/wp-json\/wp\/v2\/media?parent=65676"}],"wp:term":[{"taxonomy":"category","embeddable":true,"href":"https:\/\/eltrabajo.cl\/portal\/wp-json\/wp\/v2\/categories?post=65676"},{"taxonomy":"post_tag","embeddable":true,"href":"https:\/\/eltrabajo.cl\/portal\/wp-json\/wp\/v2\/tags?post=65676"}],"curies":[{"name":"wp","href":"https:\/\/api.w.org\/{rel}","templated":true}]}}